{"id":429750,"date":"2019-05-31T00:11:16","date_gmt":"2019-05-31T05:11:16","guid":{"rendered":"https:\/\/www.diarioimagen.net\/?p=429750"},"modified":"2019-05-31T05:22:48","modified_gmt":"2019-05-31T10:22:48","slug":"trump-castiga-a-mexico-por-no-frenar-a-indocumentados","status":"publish","type":"post","link":"https:\/\/www.diarioimagen.net\/?p=429750","title":{"rendered":"Trump \u201ccastiga\u201d a M\u00e9xico por no frenar a indocumentados"},"content":{"rendered":"<p><a href=\"https:\/\/www.diarioimagen.net\/?attachment_id=429810\" rel=\"attachment wp-att-429810\"><img loading=\"lazy\" decoding=\"async\" class=\"aligncenter size-large wp-image-429810\" src=\"https:\/\/www.diarioimagen.net\/wp-content\/uploads\/2019\/05\/trump-1-460x259.jpg\" alt=\"\" width=\"460\" height=\"259\" srcset=\"https:\/\/www.diarioimagen.net\/wp-content\/uploads\/2019\/05\/trump-1-460x259.jpg 460w, https:\/\/www.diarioimagen.net\/wp-content\/uploads\/2019\/05\/trump-1-240x135.jpg 240w, https:\/\/www.diarioimagen.net\/wp-content\/uploads\/2019\/05\/trump-1-235x132.jpg 235w, https:\/\/www.diarioimagen.net\/wp-content\/uploads\/2019\/05\/trump-1-202x114.jpg 202w, https:\/\/www.diarioimagen.net\/wp-content\/uploads\/2019\/05\/trump-1-350x196.jpg 350w, https:\/\/www.diarioimagen.net\/wp-content\/uploads\/2019\/05\/trump-1-220x123.jpg 220w, https:\/\/www.diarioimagen.net\/wp-content\/uploads\/2019\/05\/trump-1-237x132.jpg 237w, https:\/\/www.diarioimagen.net\/wp-content\/uploads\/2019\/05\/trump-1.jpg 480w\" sizes=\"auto, (max-width: 460px) 100vw, 460px\" \/><\/a><\/p>\n<p>&nbsp;<\/p>\n<p>El presidente de Estados Unidos, Donald Trump, anunci\u00f3 ayer un arancel especial de 5.0 por ciento a todos los bienes provenientes de M\u00e9xico, hasta que cese el flujo de inmigrantes indocumentados.<\/p>\n<p>\u201cEl 10 de junio, Estados Unidos impondr\u00e1 un arancel de 5 por ciento a todos los bienes que entran en nuestro pa\u00eds desde M\u00e9xico, hasta el momento en que se detenga la llegada de migrantes ilegales a trav\u00e9s de M\u00e9xico\u201d, escribi\u00f3 el mandatario estadunidense en su cuenta de Twitter.<\/p>\n<p>Agreg\u00f3 que \u201cla tarifa aumentar\u00e1 gradualmente hasta que se solucione el problema de la inmigraci\u00f3n ilegal, en cuyo momento se eliminar\u00e1n las tarifas\u201d.<\/p>\n<p>Este jueves, el diario The Washington Post adelant\u00f3 que Donald Trump preparaba nuevos aranceles para M\u00e9xico como parte de sus intentos para obligar al pa\u00eds vecino a aplicar medidas m\u00e1s severas en materia de migraci\u00f3n irregular.<\/p>\n<p>La inmigraci\u00f3n ilegal ha sido uno de los temas centrales de la relaci\u00f3n de Trump con M\u00e9xico, incluso desde la campa\u00f1a electoral del ahora mandatario.<\/p>\n<p>La Casa Blanca detall\u00f3 que si la crisis migratoria persiste y como anunci\u00f3 Trump, los aranceles aumentar\u00e1n a 10 por ciento el 1 de julio y cada mes incrementar\u00e1n 5 por ciento hasta llegar a 25, que se alcanzar\u00eda el 1 de octubre.<\/p>\n<p>\u201cLas tarifas se mantendr\u00e1n permanentemente en el nivel del 25 por ciento, a menos que M\u00e9xico detenga sustancialmente la entrada ilegal de extranjeros\u201d, destac\u00f3.<\/p>\n<p>Advirti\u00f3 que si pese a ello, el gobierno de Andr\u00e9s Manuel L\u00f3pez Obrador no act\u00faa para frenar la migraci\u00f3n ilegal, los aranceles se mantendr\u00e1n en un nivel alto y \u201clas empresas ubicadas en M\u00e9xico pueden comenzar a regresar a los Estados Unidos para fabricar sus productos y bienes\u201d<\/p>\n<p>\u201cLas compa\u00f1\u00edas que se muden a los Estados Unidos no pagar\u00e1n las tarifas ni se ver\u00e1n afectadas de ninguna manera\u201d.<\/p>\n<p>La eliminaci\u00f3n de aranceles s\u00f3lo ocurrir\u00e1 si se reduce la migraci\u00f3n ilegal a trav\u00e9s de \u201cacciones efectivas\u201d emprendidas por el gobierno mexicano y las cuales \u201cse determinar\u00e1n a nuestra exclusiva discreci\u00f3n y criterio\u201d, agreg\u00f3 la Casa Blanca.<\/p>\n<p style=\"text-align: center;\"><strong>\u201cDesastroso\u201d, anuncio sobre aranceles: Seade<\/strong><\/p>\n<p>Por su parte, M\u00e9xico calific\u00f3 ayer jueves de \u201cdesastroso\u201d el anuncio del presidente Donald Trump, de que impondr\u00e1 un arancel del 5% a los bienes procedentes de ese pa\u00eds a partir del 10 de junio, si no detiene la migraci\u00f3n ilegal.<\/p>\n<p>\u201cEs algo desastroso, esa amenaza llevada a la acci\u00f3n ser\u00eda grav\u00edsima (&#8230;) Si llegara a suceder debemos responder en forma en\u00e9rgica\u201d, dijo en rueda de prensa Jes\u00fas Seade, vicecanciller para Am\u00e9rica del Norte y negociador comercial mexicano.<\/p>\n<p>A\u00f1adi\u00f3 el representante del gobierno mexicano que el anuncio es una ducha helada cuando se est\u00e1 construyendo una buena relaci\u00f3n entre M\u00e9xico y Estados Unidos.<\/p>\n<p>\u201cM\u00e9xico no se quedar\u00e1 con los brazos cruzados\u201d asever\u00f3. \u201cEsa amenaza llevada a la acci\u00f3n ser\u00eda grav\u00edsima\u201d, dijo y a\u00f1adi\u00f3 que de ser as\u00ed, \u201cM\u00e9xico estar\u00e1 en un aprieto\u201d.<\/p>\n<p>\u201cLo correcto ser\u00eda responder ojo por ojo, cinco por ciento a las importaciones\u201d, expuso, pero a\u00f1adi\u00f3 que hacerlo as\u00ed ser\u00eda \u201cirse a la jungla\u201d.<\/p>\n","protected":false},"excerpt":{"rendered":"<p>El presidente de Estados Unidos, Donald Trump, anunci\u00f3 ayer un arancel especial de 5.0 por ciento a todos los bienes provenientes de M\u00e9xico, hasta que cese el flujo de inmigrantes indocumentados.<\/p>\n","protected":false},"author":3,"featured_media":429810,"comment_status":"open","ping_status":"open","sticky":false,"template":"","format":"standard","meta":{"_monsterinsights_skip_tracking":false,"_monsterinsights_sitenote_active":false,"_monsterinsights_sitenote_note":"","_monsterinsights_sitenote_category":0,"footnotes":""},"categories":[25512],"tags":[85712,41813,10304,44],"class_list":["post-429750","post","type-post","status-publish","format-standard","has-post-thumbnail","hentry","category-nacional-nacional","tag-castiga","tag-donald-trump","tag-indocumentados","tag-mexico"],"_links":{"self":[{"href":"https:\/\/www.diarioimagen.net\/index.php?rest_route=\/wp\/v2\/posts\/429750","targetHints":{"allow":["GET"]}}],"collection":[{"href":"https:\/\/www.diarioimagen.net\/index.php?rest_route=\/wp\/v2\/posts"}],"about":[{"href":"https:\/\/www.diarioimagen.net\/index.php?rest_route=\/wp\/v2\/types\/post"}],"author":[{"embeddable":true,"href":"https:\/\/www.diarioimagen.net\/index.php?rest_route=\/wp\/v2\/users\/3"}],"replies":[{"embeddable":true,"href":"https:\/\/www.diarioimagen.net\/index.php?rest_route=%2Fwp%2Fv2%2Fcomments&post=429750"}],"version-history":[{"count":0,"href":"https:\/\/www.diarioimagen.net\/index.php?rest_route=\/wp\/v2\/posts\/429750\/revisions"}],"wp:featuredmedia":[{"embeddable":true,"href":"https:\/\/www.diarioimagen.net\/index.php?rest_route=\/wp\/v2\/media\/429810"}],"wp:attachment":[{"href":"https:\/\/www.diarioimagen.net\/index.php?rest_route=%2Fwp%2Fv2%2Fmedia&parent=429750"}],"wp:term":[{"taxonomy":"category","embeddable":true,"href":"https:\/\/www.diarioimagen.net\/index.php?rest_route=%2Fwp%2Fv2%2Fcategories&post=429750"},{"taxonomy":"post_tag","embeddable":true,"href":"https:\/\/www.diarioimagen.net\/index.php?rest_route=%2Fwp%2Fv2%2Ftags&post=429750"}],"curies":[{"name":"wp","href":"https:\/\/api.w.org\/{rel}","templated":true}]}}