{"id":429770,"date":"2019-05-31T00:08:27","date_gmt":"2019-05-31T05:08:27","guid":{"rendered":"https:\/\/www.diarioimagen.net\/?p=429770"},"modified":"2019-05-31T05:32:54","modified_gmt":"2019-05-31T10:32:54","slug":"refuerza-el-gobierno-de-naucalpan-acciones-contra-desaparicion-de-ninos","status":"publish","type":"post","link":"https:\/\/www.diarioimagen.net\/?p=429770","title":{"rendered":"Refuerza el gobierno de Naucalpan acciones contra desaparici\u00f3n de ni\u00f1os"},"content":{"rendered":"<ul>\n<li><strong><em>Convenio de colaboraci\u00f3n con asociaci\u00f3n<\/em><\/strong><\/li>\n<\/ul>\n<p>&nbsp;<\/p>\n<div id=\"attachment_429817\" style=\"width: 470px\" class=\"wp-caption aligncenter\"><a href=\"https:\/\/www.diarioimagen.net\/?attachment_id=429817\" rel=\"attachment wp-att-429817\"><img loading=\"lazy\" decoding=\"async\" aria-describedby=\"caption-attachment-429817\" class=\"size-large wp-image-429817\" src=\"https:\/\/www.diarioimagen.net\/wp-content\/uploads\/2019\/05\/NAUCALPAN-31-460x259.jpg\" alt=\"\" width=\"460\" height=\"259\" srcset=\"https:\/\/www.diarioimagen.net\/wp-content\/uploads\/2019\/05\/NAUCALPAN-31-460x259.jpg 460w, https:\/\/www.diarioimagen.net\/wp-content\/uploads\/2019\/05\/NAUCALPAN-31-240x135.jpg 240w, https:\/\/www.diarioimagen.net\/wp-content\/uploads\/2019\/05\/NAUCALPAN-31-235x132.jpg 235w, https:\/\/www.diarioimagen.net\/wp-content\/uploads\/2019\/05\/NAUCALPAN-31-202x114.jpg 202w, https:\/\/www.diarioimagen.net\/wp-content\/uploads\/2019\/05\/NAUCALPAN-31-350x196.jpg 350w, https:\/\/www.diarioimagen.net\/wp-content\/uploads\/2019\/05\/NAUCALPAN-31-220x123.jpg 220w, https:\/\/www.diarioimagen.net\/wp-content\/uploads\/2019\/05\/NAUCALPAN-31-237x132.jpg 237w, https:\/\/www.diarioimagen.net\/wp-content\/uploads\/2019\/05\/NAUCALPAN-31.jpg 480w\" sizes=\"auto, (max-width: 460px) 100vw, 460px\" \/><\/a><p id=\"caption-attachment-429817\" class=\"wp-caption-text\">El SIMPINNA firm\u00f3 un convenio de colaboraci\u00f3n con la Asociaci\u00f3n Mexicana de Ni\u00f1os Robados y Desaparecidos A.C.<\/p><\/div>\n<p>&nbsp;<\/p>\n<p><strong>Naucalpan, Estado de M\u00e9xico<\/strong>.- El gobierno de Naucalpan, a trav\u00e9s del Sistema de Protecci\u00f3n Integral de Ni\u00f1as, Ni\u00f1os y Adolescentes (SIMPINNA), firm\u00f3 un convenio de colaboraci\u00f3n con la Asociaci\u00f3n Mexicana de Ni\u00f1os Robados y Desaparecidos A.C., que contempla el apoyo del ayuntamiento en la localizaci\u00f3n de infantes extraviados y la capacitaci\u00f3n de servidores p\u00fablicos en la materia.<\/p>\n<p>Como parte de dicha alianza, el gobierno municipal anunci\u00f3 la r\u00e9plica de acciones exitosas de la asociaci\u00f3n, entre las que destaca la C\u00e9dula del Banco Familiar de Datos, documento que compila informaci\u00f3n elemental para la b\u00fasqueda de menores en caso de robo o desaparici\u00f3n, como es nombre, CURP, se\u00f1as particulares, huellas dactilares, registro dental y ADN.<\/p>\n<p>Rodrigo S\u00e1nchez de la Pe\u00f1a, procurador de Protecci\u00f3n de Ni\u00f1as, Ni\u00f1os y Adolescentes, coment\u00f3 que la c\u00e9dula fue adaptada para las necesidades de la demarcaci\u00f3n y se distribuir\u00e1 en todo Naucalpan, adem\u00e1s de habilitarla en la p\u00e1gina oficial del municipio para que los ciudadanos la descarguen.<\/p>\n<p>Asimismo, el SIMPINNA aprob\u00f3 la \u201cCampa\u00f1a de Prevenci\u00f3n en Caso de Robo y Desaparici\u00f3n de Menores\u201d, en la que colaborar\u00e1 la asociaci\u00f3n.<\/p>\n<p>Por otra parte, la administraci\u00f3n anunci\u00f3 la puesta en marcha del programa piloto de veh\u00edculos para el Sistema de Protecci\u00f3n Integral de Ni\u00f1as, Ni\u00f1os y Adolescentes, unidades que se contempla distribuir en diez regiones del municipio para procurar la integridad de los menores. El secretario del Ayuntamiento, Mauricio Aguirre Lozano, entreg\u00f3 las llaves del primer autom\u00f3vil.<\/p>\n<p>Durante la sesi\u00f3n ordinaria del SIMPINA, tambi\u00e9n se aprob\u00f3 el calendario de sesiones y el Programa Anual de Acciones del sistema, mismo que incluye generaci\u00f3n de pol\u00edticas p\u00fablicas coordinadas con todas las dependencias municipales en favor de menores y adolescentes, jornadas m\u00e9dicas, campa\u00f1as de protecci\u00f3n, as\u00ed como impartici\u00f3n de conferencias, cursos y talleres, por mencionar algunas.<\/p>\n","protected":false},"excerpt":{"rendered":"<p>El gobierno de Naucalpan, a trav\u00e9s del Sistema de Protecci\u00f3n Integral de Ni\u00f1as, Ni\u00f1os y Adolescentes (SIMPINNA), firm\u00f3 un convenio de colaboraci\u00f3n con la Asociaci\u00f3n Mexicana de Ni\u00f1os Robados y Desaparecidos A.C., que contempla el apoyo del ayuntamiento en la localizaci\u00f3n de infantes extraviados y la capacitaci\u00f3n de servidores p\u00fablicos en la materia.<\/p>\n","protected":false},"author":3,"featured_media":429817,"comment_status":"open","ping_status":"open","sticky":false,"template":"","format":"standard","meta":{"_monsterinsights_skip_tracking":false,"_monsterinsights_sitenote_active":false,"_monsterinsights_sitenote_note":"","_monsterinsights_sitenote_category":0,"footnotes":""},"categories":[5],"tags":[10303,43675,970,6187],"class_list":["post-429770","post","type-post","status-publish","format-standard","has-post-thumbnail","hentry","category-estado-de-mexico","tag-desaparicion","tag-estado-de-mexico","tag-naucalpan","tag-ninos"],"_links":{"self":[{"href":"https:\/\/www.diarioimagen.net\/index.php?rest_route=\/wp\/v2\/posts\/429770","targetHints":{"allow":["GET"]}}],"collection":[{"href":"https:\/\/www.diarioimagen.net\/index.php?rest_route=\/wp\/v2\/posts"}],"about":[{"href":"https:\/\/www.diarioimagen.net\/index.php?rest_route=\/wp\/v2\/types\/post"}],"author":[{"embeddable":true,"href":"https:\/\/www.diarioimagen.net\/index.php?rest_route=\/wp\/v2\/users\/3"}],"replies":[{"embeddable":true,"href":"https:\/\/www.diarioimagen.net\/index.php?rest_route=%2Fwp%2Fv2%2Fcomments&post=429770"}],"version-history":[{"count":0,"href":"https:\/\/www.diarioimagen.net\/index.php?rest_route=\/wp\/v2\/posts\/429770\/revisions"}],"wp:featuredmedia":[{"embeddable":true,"href":"https:\/\/www.diarioimagen.net\/index.php?rest_route=\/wp\/v2\/media\/429817"}],"wp:attachment":[{"href":"https:\/\/www.diarioimagen.net\/index.php?rest_route=%2Fwp%2Fv2%2Fmedia&parent=429770"}],"wp:term":[{"taxonomy":"category","embeddable":true,"href":"https:\/\/www.diarioimagen.net\/index.php?rest_route=%2Fwp%2Fv2%2Fcategories&post=429770"},{"taxonomy":"post_tag","embeddable":true,"href":"https:\/\/www.diarioimagen.net\/index.php?rest_route=%2Fwp%2Fv2%2Ftags&post=429770"}],"curies":[{"name":"wp","href":"https:\/\/api.w.org\/{rel}","templated":true}]}}