{"id":429776,"date":"2019-05-31T00:05:19","date_gmt":"2019-05-31T05:05:19","guid":{"rendered":"https:\/\/www.diarioimagen.net\/?p=429776"},"modified":"2019-05-31T05:37:26","modified_gmt":"2019-05-31T10:37:26","slug":"en-huixquilucan-se-reconoce-el-trabajo-solidario-de-los-jovenes","status":"publish","type":"post","link":"https:\/\/www.diarioimagen.net\/?p=429776","title":{"rendered":"En Huixquilucan se reconoce el trabajo solidario de los j\u00f3venes"},"content":{"rendered":"<p><a href=\"https:\/\/www.diarioimagen.net\/?attachment_id=429825\" rel=\"attachment wp-att-429825\"><img loading=\"lazy\" decoding=\"async\" class=\"aligncenter size-large wp-image-429825\" src=\"https:\/\/www.diarioimagen.net\/wp-content\/uploads\/2019\/05\/HUIXQUILUCAN-31-460x259.jpg\" alt=\"\" width=\"460\" height=\"259\" srcset=\"https:\/\/www.diarioimagen.net\/wp-content\/uploads\/2019\/05\/HUIXQUILUCAN-31-460x259.jpg 460w, https:\/\/www.diarioimagen.net\/wp-content\/uploads\/2019\/05\/HUIXQUILUCAN-31-240x135.jpg 240w, https:\/\/www.diarioimagen.net\/wp-content\/uploads\/2019\/05\/HUIXQUILUCAN-31-235x132.jpg 235w, https:\/\/www.diarioimagen.net\/wp-content\/uploads\/2019\/05\/HUIXQUILUCAN-31-202x114.jpg 202w, https:\/\/www.diarioimagen.net\/wp-content\/uploads\/2019\/05\/HUIXQUILUCAN-31-350x196.jpg 350w, https:\/\/www.diarioimagen.net\/wp-content\/uploads\/2019\/05\/HUIXQUILUCAN-31-220x123.jpg 220w, https:\/\/www.diarioimagen.net\/wp-content\/uploads\/2019\/05\/HUIXQUILUCAN-31-237x132.jpg 237w, https:\/\/www.diarioimagen.net\/wp-content\/uploads\/2019\/05\/HUIXQUILUCAN-31.jpg 480w\" sizes=\"auto, (max-width: 460px) 100vw, 460px\" \/><\/a><\/p>\n<p>&nbsp;<\/p>\n<p><strong>Huixquilucan, Estado de M\u00e9xico<\/strong>.<strong>&#8211; <\/strong>Durante la entrega de reconocimientos a los alumnos del Colegio Bosque Real, por su participaci\u00f3n en las clases de regularizaci\u00f3n en bibliotecas municipales, Enrique Vargas del Villar, alcalde de Huixquilucan destac\u00f3 el aprendizaje de los j\u00f3venes estudiantes durante este proyecto.<\/p>\n<p>Ante padres de familia, alumnos, personal docente y directivos de la instituci\u00f3n educativa, Vargas del Villar acompa\u00f1ado de la directora de Desarrollo Social, Mar\u00eda Jos\u00e9 Ocampo V\u00e1zquez, asegur\u00f3 que la experiencia vivida \u201cfue una gran ense\u00f1anza para todos, ya que a trav\u00e9s de estos proyectos sociales es como se va cambiar a nuestro pa\u00eds\u201d.<\/p>\n<p>El Edil, se comprometi\u00f3 a seguir trabajando para todos los sectores de la sociedad y se pronunci\u00f3 porque el proyecto de \u201cBibliotecas Huixquilucan\u201d sea fijo para poder trabajar en conjunto, el colegio Bosque Real y el gobierno municipal, en otras comunidades.<\/p>\n<p>&nbsp;<\/p>\n<p>&nbsp;<\/p>\n","protected":false},"excerpt":{"rendered":"<p>Durante la entrega de reconocimientos a los alumnos del Colegio Bosque Real, por su participaci\u00f3n en las clases de regularizaci\u00f3n en bibliotecas municipales, Enrique Vargas del Villar, alcalde de Huixquilucan destac\u00f3 el aprendizaje de los j\u00f3venes estudiantes durante este proyecto.<\/p>\n","protected":false},"author":3,"featured_media":429825,"comment_status":"open","ping_status":"open","sticky":false,"template":"","format":"standard","meta":{"_monsterinsights_skip_tracking":false,"_monsterinsights_sitenote_active":false,"_monsterinsights_sitenote_note":"","_monsterinsights_sitenote_category":0,"footnotes":""},"categories":[5],"tags":[43675,1097,260,85715],"class_list":["post-429776","post","type-post","status-publish","format-standard","has-post-thumbnail","hentry","category-estado-de-mexico","tag-estado-de-mexico","tag-huixquilucan","tag-jovenes","tag-solidario"],"_links":{"self":[{"href":"https:\/\/www.diarioimagen.net\/index.php?rest_route=\/wp\/v2\/posts\/429776","targetHints":{"allow":["GET"]}}],"collection":[{"href":"https:\/\/www.diarioimagen.net\/index.php?rest_route=\/wp\/v2\/posts"}],"about":[{"href":"https:\/\/www.diarioimagen.net\/index.php?rest_route=\/wp\/v2\/types\/post"}],"author":[{"embeddable":true,"href":"https:\/\/www.diarioimagen.net\/index.php?rest_route=\/wp\/v2\/users\/3"}],"replies":[{"embeddable":true,"href":"https:\/\/www.diarioimagen.net\/index.php?rest_route=%2Fwp%2Fv2%2Fcomments&post=429776"}],"version-history":[{"count":0,"href":"https:\/\/www.diarioimagen.net\/index.php?rest_route=\/wp\/v2\/posts\/429776\/revisions"}],"wp:featuredmedia":[{"embeddable":true,"href":"https:\/\/www.diarioimagen.net\/index.php?rest_route=\/wp\/v2\/media\/429825"}],"wp:attachment":[{"href":"https:\/\/www.diarioimagen.net\/index.php?rest_route=%2Fwp%2Fv2%2Fmedia&parent=429776"}],"wp:term":[{"taxonomy":"category","embeddable":true,"href":"https:\/\/www.diarioimagen.net\/index.php?rest_route=%2Fwp%2Fv2%2Fcategories&post=429776"},{"taxonomy":"post_tag","embeddable":true,"href":"https:\/\/www.diarioimagen.net\/index.php?rest_route=%2Fwp%2Fv2%2Ftags&post=429776"}],"curies":[{"name":"wp","href":"https:\/\/api.w.org\/{rel}","templated":true}]}}