{"id":429845,"date":"2019-05-31T00:05:27","date_gmt":"2019-05-31T05:05:27","guid":{"rendered":"https:\/\/www.diarioimagen.net\/?p=429845"},"modified":"2019-05-31T05:47:35","modified_gmt":"2019-05-31T10:47:35","slug":"ley-inmobiliaria-contra-quien-renta","status":"publish","type":"post","link":"https:\/\/www.diarioimagen.net\/?p=429845","title":{"rendered":"Ley inmobiliaria, contra quien renta"},"content":{"rendered":"<h2>Centro..!<\/h2>\n<h5>Arturo R\u00edos Ruiz<\/h5>\n<p>&nbsp;<\/p>\n<ul>\n<li><em><strong>Atenta a la inversi\u00f3n y facilita a invasiones<\/strong><\/em><\/li>\n<\/ul>\n<p>&nbsp;<\/p>\n<p>Da trabajo concebir que exista un gobierno que atente contra la propiedad privada, se trata de que los ejercicios de las autoridades del mismo tienen como directriz fundamental, ejercerlo para todas las clases sociales.<\/p>\n<p>El 8 de febrero se public\u00f3 en la Gaceta de la CDMX la Ley Constitucional de Derechos Humanos y sus Garant\u00edas de la Ciudad de M\u00e9xico; anula los desalojos para quienes no pagan renta en una casa habitaci\u00f3n, terreno o departamento y en caso que acepten salir, ser\u00edan indemnizados.<\/p>\n<p>Invita con ello a que los inquilinos nom\u00e1s no paguen.<\/p>\n<p>Se reconoce que M\u00e9xico tiene una poblaci\u00f3n en pobreza de 53 millones 418,151, personas, de acuerdo al INEGI, evidentemente carecen de vivienda y rentan; es f\u00e1cil deducir que hay muchos que no pueden pagar y con una ley semejante, ya no lo har\u00e1n y sobrar\u00e1n quienes renten para exigir indemnizaci\u00f3n.<\/p>\n<p>Golpe may\u00fasculo para ricos y clase media.<\/p>\n<p>El desaliento para la inversi\u00f3n en este ramo, el inmobiliario, es inmenso; estamos ante un gobierno que se declara su enemigo, que disfraza de derechos humanos una ley con permiso para el despojo, que es un delito \u00bfC\u00f3mo entenderlo? Menos aceptarlo.<\/p>\n<p>Es bueno ayudar a la clase d\u00e9bil econ\u00f3micamente escribiendo; pero es fatal, darles facilidades para el abuso y atacar a la clase productiva de la naci\u00f3n, es una medida que le da una cachetada a la equidad; los que viven de este negocio, la renta, no tienen la culpa del estado de pobreza de nadie.<\/p>\n<p>El ex procurador del entonces Distrito Federal y de la Rep\u00fablica, Ignacio Morales Lechuga, am\u00e9n de ser un excelente notario que avala su opini\u00f3n, alert\u00f3 de este terrible asunto que ma\u00f1osamente no fue publicitado; a la calladita se dej\u00f3 caer el guada\u00f1azo a una clase social de M\u00e9xico, en la que hay un buen de votantes por Andr\u00e9s Manuel y Claudia Sheinbaum, responsables de la medida de marras.<\/p>\n<p>No hay explicaci\u00f3n que convenza, se trata de un mandato lesivo, totalitario, como el de una dictadura, que va contra los intereses de un sector de particulares del pa\u00eds que tambi\u00e9n deber\u00edan tener derechos y garant\u00edas para invertir. \u00bfAs\u00ed c\u00f3mo?<\/p>\n<p>Qui\u00e9nes no votamos por Morena, hemos estado en espera de ver acciones que nos convenzan para colaborar con este gobierno, pero \u00e9ste asunto contra los inmobiliarios, decepciona y alarga el distanciamiento entre los mexicanos.<\/p>\n<p><em><a href=\"mailto:rrrart2000@hotmail.com\" target=\"_blank\" rel=\"noopener noreferrer\">rrrart2000@hotmail.com<\/a><\/em><\/p>\n","protected":false},"excerpt":{"rendered":"<p><span style=\"color: #005497;\"><strong>Arturo R\u00edos Ruiz<\/strong><\/span><\/p>\n","protected":false},"author":3,"featured_media":0,"comment_status":"open","ping_status":"open","sticky":false,"template":"","format":"standard","meta":{"_monsterinsights_skip_tracking":false,"_monsterinsights_sitenote_active":false,"_monsterinsights_sitenote_note":"","_monsterinsights_sitenote_category":0,"footnotes":""},"categories":[82265],"tags":[82266,10806,43674],"class_list":["post-429845","post","type-post","status-publish","format-standard","hentry","category-arturo-rios-ruiz","tag-arturo-rios-ruiz","tag-centro","tag-opinion"],"_links":{"self":[{"href":"https:\/\/www.diarioimagen.net\/index.php?rest_route=\/wp\/v2\/posts\/429845","targetHints":{"allow":["GET"]}}],"collection":[{"href":"https:\/\/www.diarioimagen.net\/index.php?rest_route=\/wp\/v2\/posts"}],"about":[{"href":"https:\/\/www.diarioimagen.net\/index.php?rest_route=\/wp\/v2\/types\/post"}],"author":[{"embeddable":true,"href":"https:\/\/www.diarioimagen.net\/index.php?rest_route=\/wp\/v2\/users\/3"}],"replies":[{"embeddable":true,"href":"https:\/\/www.diarioimagen.net\/index.php?rest_route=%2Fwp%2Fv2%2Fcomments&post=429845"}],"version-history":[{"count":0,"href":"https:\/\/www.diarioimagen.net\/index.php?rest_route=\/wp\/v2\/posts\/429845\/revisions"}],"wp:attachment":[{"href":"https:\/\/www.diarioimagen.net\/index.php?rest_route=%2Fwp%2Fv2%2Fmedia&parent=429845"}],"wp:term":[{"taxonomy":"category","embeddable":true,"href":"https:\/\/www.diarioimagen.net\/index.php?rest_route=%2Fwp%2Fv2%2Fcategories&post=429845"},{"taxonomy":"post_tag","embeddable":true,"href":"https:\/\/www.diarioimagen.net\/index.php?rest_route=%2Fwp%2Fv2%2Ftags&post=429845"}],"curies":[{"name":"wp","href":"https:\/\/api.w.org\/{rel}","templated":true}]}}