{"id":429983,"date":"2019-06-03T00:09:48","date_gmt":"2019-06-03T05:09:48","guid":{"rendered":"https:\/\/www.diarioimagen.net\/?p=429983"},"modified":"2019-06-03T06:36:23","modified_gmt":"2019-06-03T11:36:23","slug":"finanzas-sanas-en-la-uaem-destaca-rector-barrera-baca","status":"publish","type":"post","link":"https:\/\/www.diarioimagen.net\/?p=429983","title":{"rendered":"Finanzas sanas en la UAEM, destaca rector Barrera Baca"},"content":{"rendered":"<ul>\n<li><strong><em>Al cierre del primer trimestre\u00a0<\/em><\/strong><\/li>\n<\/ul>\n<p>&nbsp;<\/p>\n<div id=\"attachment_430059\" style=\"width: 470px\" class=\"wp-caption aligncenter\"><a href=\"https:\/\/www.diarioimagen.net\/?attachment_id=430059\" rel=\"attachment wp-att-430059\"><img loading=\"lazy\" decoding=\"async\" aria-describedby=\"caption-attachment-430059\" class=\"size-large wp-image-430059\" src=\"https:\/\/www.diarioimagen.net\/wp-content\/uploads\/2019\/06\/UAEM-3-460x307.jpg\" alt=\"\" width=\"460\" height=\"307\" srcset=\"https:\/\/www.diarioimagen.net\/wp-content\/uploads\/2019\/06\/UAEM-3-460x307.jpg 460w, https:\/\/www.diarioimagen.net\/wp-content\/uploads\/2019\/06\/UAEM-3-240x160.jpg 240w, https:\/\/www.diarioimagen.net\/wp-content\/uploads\/2019\/06\/UAEM-3.jpg 700w\" sizes=\"auto, (max-width: 460px) 100vw, 460px\" \/><\/a><p id=\"caption-attachment-430059\" class=\"wp-caption-text\">Sesi\u00f3n ordinaria correspondiente al mes de mayo del m\u00e1ximo \u00f3rgano de gobierno de la UAEM.<\/p><\/div>\n<p>&nbsp;<\/p>\n<p><strong>Toluca, Estado de M\u00e9xico<\/strong>.\u2013\u00a0 Al cierre del primer trimestre de 2019, la Universidad Aut\u00f3noma del Estado de M\u00e9xico report\u00f3 una situaci\u00f3n financiera sana, sostuvo el rector Alfredo Barrera Baca, quien subray\u00f3 la importancia que en la consecuci\u00f3n de este logro tuvo la aprobaci\u00f3n, a inicios de este a\u00f1o, de los lineamientos para el ahorro y el fortalecimiento financiero por parte del H. Consejo Universitario, que incluyeron la optimizaci\u00f3n del presupuesto y contenci\u00f3n de gastos.<\/p>\n<p>Durante la sesi\u00f3n ordinaria correspondiente al mes de mayo del m\u00e1ximo \u00f3rgano de gobierno de la UAEM, el secretario de Finanzas, Javier Gonz\u00e1lez Mart\u00ednez, indic\u00f3 que con un ahorro de 498 millones de pesos al mes de marzo, la UAEM cumplir\u00e1 con sus obligaciones contractuales, salariales y de operaci\u00f3n, como el pago de becas a estudiantes, la continuidad del Sistema de Transporte Escolar Universitario Potrob\u00fas, as\u00ed como la culminaci\u00f3n de la construcci\u00f3n de infraestructura y equipamiento de espacios acad\u00e9micos.<\/p>\n<p>Manifest\u00f3 que la Aut\u00f3noma mexiquense refleja una condici\u00f3n econ\u00f3mica favorable, equilibrada en t\u00e9rminos financieros, y cumple con sus obligaciones con los sindicatos universitarios, personal administrativo y docente, as\u00ed como con sus estudiantes.<\/p>\n<p>Al respecto, el director de la Facultad de Contadur\u00eda y Administraci\u00f3n de la UAEM, Marcos Rafael Garc\u00eda P\u00e9rez, expres\u00f3 que los lineamientos aprobados para el ejercicio fiscal 2019 est\u00e1n funcionando.<\/p>\n<p>En tanto, el consejero alumno de la Facultad de Derecho de la UAEM, Eliot Fernando Cruz D\u00edaz, puntualiz\u00f3 que resultado de las gestiones realizadas por la Administraci\u00f3n 2017-2021 ante los gobiernos estatal y federal, la Aut\u00f3noma mexiquense cuenta con estabilidad financiera para los pr\u00f3ximos a\u00f1os.<\/p>\n<p>En esta misma sesi\u00f3n fue designado como director del Plantel \u201cDr. \u00c1ngel Ma. Garibay K.\u201d de la Escuela Preparatoria de la UAEM, Miguel Francisco Guti\u00e9rrez S\u00e1nchez, para el periodo 2019-2023.<\/p>\n<p>Adem\u00e1s, por unanimidad de votos, se aprob\u00f3 el reglamento de Sistema Bibliotecario de la UAEM, que establece, entre otros aspectos, las funciones de los coordinadores de las 57 bibliotecas universitarias, la conformaci\u00f3n de un comit\u00e9 de selecci\u00f3n y descarte, as\u00ed como la revisi\u00f3n de medidas disciplinares y de sanci\u00f3n.<\/p>\n","protected":false},"excerpt":{"rendered":"<p>Al cierre del primer trimestre de 2019, la Universidad Aut\u00f3noma del Estado de M\u00e9xico report\u00f3 una situaci\u00f3n financiera sana, sostuvo el rector Alfredo Barrera Baca, quien subray\u00f3 la importancia que en la consecuci\u00f3n de este logro tuvo la aprobaci\u00f3n, a inicios de este a\u00f1o, de los lineamientos para el ahorro y el fortalecimiento financiero por parte del H. Consejo Universitario, que incluyeron la optimizaci\u00f3n del presupuesto y contenci\u00f3n de gastos.<\/p>\n","protected":false},"author":3,"featured_media":430059,"comment_status":"open","ping_status":"open","sticky":false,"template":"","format":"standard","meta":{"_monsterinsights_skip_tracking":false,"_monsterinsights_sitenote_active":false,"_monsterinsights_sitenote_note":"","_monsterinsights_sitenote_category":0,"footnotes":""},"categories":[5],"tags":[43675,452,1491,1490],"class_list":["post-429983","post","type-post","status-publish","format-standard","has-post-thumbnail","hentry","category-estado-de-mexico","tag-estado-de-mexico","tag-toluca","tag-uaem","tag-universidad-autonoma-del-estado-de-mexico"],"_links":{"self":[{"href":"https:\/\/www.diarioimagen.net\/index.php?rest_route=\/wp\/v2\/posts\/429983","targetHints":{"allow":["GET"]}}],"collection":[{"href":"https:\/\/www.diarioimagen.net\/index.php?rest_route=\/wp\/v2\/posts"}],"about":[{"href":"https:\/\/www.diarioimagen.net\/index.php?rest_route=\/wp\/v2\/types\/post"}],"author":[{"embeddable":true,"href":"https:\/\/www.diarioimagen.net\/index.php?rest_route=\/wp\/v2\/users\/3"}],"replies":[{"embeddable":true,"href":"https:\/\/www.diarioimagen.net\/index.php?rest_route=%2Fwp%2Fv2%2Fcomments&post=429983"}],"version-history":[{"count":0,"href":"https:\/\/www.diarioimagen.net\/index.php?rest_route=\/wp\/v2\/posts\/429983\/revisions"}],"wp:featuredmedia":[{"embeddable":true,"href":"https:\/\/www.diarioimagen.net\/index.php?rest_route=\/wp\/v2\/media\/430059"}],"wp:attachment":[{"href":"https:\/\/www.diarioimagen.net\/index.php?rest_route=%2Fwp%2Fv2%2Fmedia&parent=429983"}],"wp:term":[{"taxonomy":"category","embeddable":true,"href":"https:\/\/www.diarioimagen.net\/index.php?rest_route=%2Fwp%2Fv2%2Fcategories&post=429983"},{"taxonomy":"post_tag","embeddable":true,"href":"https:\/\/www.diarioimagen.net\/index.php?rest_route=%2Fwp%2Fv2%2Ftags&post=429983"}],"curies":[{"name":"wp","href":"https:\/\/api.w.org\/{rel}","templated":true}]}}