{"id":430011,"date":"2019-06-03T00:08:59","date_gmt":"2019-06-03T05:08:59","guid":{"rendered":"https:\/\/www.diarioimagen.net\/?p=430011"},"modified":"2019-06-03T01:57:33","modified_gmt":"2019-06-03T06:57:33","slug":"feria-turistica-ipw-2019","status":"publish","type":"post","link":"https:\/\/www.diarioimagen.net\/?p=430011","title":{"rendered":"Feria tur\u00edstica IPW 2019"},"content":{"rendered":"<h2>Detr\u00e1s del Poder<\/h2>\n<h5>Jos\u00e9 Antonio L\u00f3pez Sosa<\/h5>\n<p>&nbsp;<\/p>\n<p>&nbsp;<\/p>\n<p>Anaheim, California.- Arranca hoy la feria tur\u00edstica m\u00e1s importante de los Estados Unidos, en medio del diferendo arancelario tras las amenazas del presidente Trump, la US Travel Association y The Brand USA siguen sumando esfuerzos para atraer el turismo internacional a este pa\u00eds.<\/p>\n<p>M\u00e1s all\u00e1 de la coyuntura pol\u00edtica, este foro es un modelo de c\u00f3mo debe operar una feria tur\u00edstica, donde compradores y vendedores de producto negocian y se asocian, ambos ganan y logran un crecimiento econ\u00f3mico.<\/p>\n<p>No hay discursos de pol\u00edticos, no hay gobernadores o presidentes rindiendo informes ni prometiendo cosas.<\/p>\n<p>Me pareci\u00f3 una verg\u00fcenza haber escuchado durante el pasado Tianguis Tur\u00edstico de Acapulco, que el modelo fue una imitaci\u00f3n del IPW hace muchos a\u00f1os, sobre todo porque nada tiene que ver este foro con aquel.<\/p>\n<p>Desde todo el mundo vienen operadores, agentes de viajes, periodistas especializados para hacer negocios y promover los nuevos productos tur\u00edsticos de los Estados Unidos.<\/p>\n<p>Aqu\u00ed la pol\u00edtica y el turismo no van al mismo rumbo, el turismo es un negocio y as\u00ed lo entienden las autoridades y los empresarios, cosa que no hemos entendido en M\u00e9xico.<\/p>\n<p>Una vez m\u00e1s, ojal\u00e1 la gente de la Secretar\u00eda de Turismo viniera a este foro a aprender y aprehender c\u00f3mo hacer las cosas bien y por la mejora de la industria tur\u00edstica nacional.<\/p>\n<p><em><a href=\"http:\/\/www.lopezsosa.com\" target=\"_blank\" rel=\"noopener noreferrer\">www.lopezsosa.com<\/a><\/em><br \/>\n<em><a href=\"mailto:joseantonio@lopezsosa.com\" target=\"_blank\" rel=\"noopener noreferrer\">joseantonio@lopezsosa.com<\/a><\/em><br \/>\n<em><a href=\"http:\/\/twitter.com\/joseantonio1977\" target=\"_blank\" rel=\"noopener noreferrer\">@joseantonio197<\/a><\/em><\/p>\n","protected":false},"excerpt":{"rendered":"<p><span style=\"color: #005497;\"><strong>Jos\u00e9 Antonio L\u00f3pez Sosa<\/strong><\/span><\/p>\n","protected":false},"author":3,"featured_media":0,"comment_status":"open","ping_status":"open","sticky":false,"template":"","format":"standard","meta":{"_monsterinsights_skip_tracking":false,"_monsterinsights_sitenote_active":false,"_monsterinsights_sitenote_note":"","_monsterinsights_sitenote_category":0,"footnotes":""},"categories":[637],"tags":[638,43690,43674],"class_list":["post-430011","post","type-post","status-publish","format-standard","hentry","category-jose-antonio-lopez-sosa","tag-detras-del-poder","tag-jose-antonio-lopez-sosa","tag-opinion"],"_links":{"self":[{"href":"https:\/\/www.diarioimagen.net\/index.php?rest_route=\/wp\/v2\/posts\/430011","targetHints":{"allow":["GET"]}}],"collection":[{"href":"https:\/\/www.diarioimagen.net\/index.php?rest_route=\/wp\/v2\/posts"}],"about":[{"href":"https:\/\/www.diarioimagen.net\/index.php?rest_route=\/wp\/v2\/types\/post"}],"author":[{"embeddable":true,"href":"https:\/\/www.diarioimagen.net\/index.php?rest_route=\/wp\/v2\/users\/3"}],"replies":[{"embeddable":true,"href":"https:\/\/www.diarioimagen.net\/index.php?rest_route=%2Fwp%2Fv2%2Fcomments&post=430011"}],"version-history":[{"count":0,"href":"https:\/\/www.diarioimagen.net\/index.php?rest_route=\/wp\/v2\/posts\/430011\/revisions"}],"wp:attachment":[{"href":"https:\/\/www.diarioimagen.net\/index.php?rest_route=%2Fwp%2Fv2%2Fmedia&parent=430011"}],"wp:term":[{"taxonomy":"category","embeddable":true,"href":"https:\/\/www.diarioimagen.net\/index.php?rest_route=%2Fwp%2Fv2%2Fcategories&post=430011"},{"taxonomy":"post_tag","embeddable":true,"href":"https:\/\/www.diarioimagen.net\/index.php?rest_route=%2Fwp%2Fv2%2Ftags&post=430011"}],"curies":[{"name":"wp","href":"https:\/\/api.w.org\/{rel}","templated":true}]}}