{"id":430150,"date":"2019-06-04T00:06:38","date_gmt":"2019-06-04T05:06:38","guid":{"rendered":"https:\/\/www.diarioimagen.net\/?p=430150"},"modified":"2019-06-04T02:20:29","modified_gmt":"2019-06-04T07:20:29","slug":"grupo-mojado-regresara-con-todavia-no-te-olvido","status":"publish","type":"post","link":"https:\/\/www.diarioimagen.net\/?p=430150","title":{"rendered":"Grupo Mojado regresar\u00e1 con \u201cTodav\u00eda no te olvido\u201d"},"content":{"rendered":"<ul>\n<li><em><strong>La agrupaci\u00f3n radica en Estados Unidos, pero dado el \u00e9xito de sus temas, ya planea\u00a0una gira por M\u00e9xico<\/strong><\/em><\/li>\n<\/ul>\n<h6>Arturo Arellano<\/h6>\n<p><strong>\u00a0<\/strong><\/p>\n<div id=\"attachment_430151\" style=\"width: 470px\" class=\"wp-caption aligncenter\"><img loading=\"lazy\" decoding=\"async\" aria-describedby=\"caption-attachment-430151\" class=\"size-large wp-image-430151\" src=\"https:\/\/www.diarioimagen.net\/wp-content\/uploads\/2019\/06\/grupo-mojado-portal-460x268.jpg\" alt=\"\" width=\"460\" height=\"268\" srcset=\"https:\/\/www.diarioimagen.net\/wp-content\/uploads\/2019\/06\/grupo-mojado-portal-460x268.jpg 460w, https:\/\/www.diarioimagen.net\/wp-content\/uploads\/2019\/06\/grupo-mojado-portal-240x140.jpg 240w, https:\/\/www.diarioimagen.net\/wp-content\/uploads\/2019\/06\/grupo-mojado-portal.jpg 480w\" sizes=\"auto, (max-width: 460px) 100vw, 460px\" \/><p id=\"caption-attachment-430151\" class=\"wp-caption-text\">\u201cLos integrantes de Grupo Mojado radican en Estados Unidos, pero aseguran que pronto vendr\u00e1n a M\u00e9xico \u201chace muchos a\u00f1os cuando sacamos el disco \u2018Sue\u00f1o y realidad\u2019, nos funcion\u00f3 mucho y toc\u00f3 la casualidad de que pudimos andar con Los Tigres del Norte por seis meses\u201d, expres\u00f3 Jos\u00e9 Luis D\u00e1vila, en entrevista con <strong>DIARIOIMAGEN<\/strong>.<\/p><\/div>\n<p>&nbsp;<\/p>\n<p>El Grupo Mojado es originario de Matamoros, Tamaulipas. Su gran trayectoria es avalada por sus m\u00e1s de 3.5 millones de CDS vendidos en diferentes partes del mundo como M\u00e9xico, Estados Unidos, Canad\u00e1, Guatemala, El Salvador, Costa Rica, Paraguay, Argentina, y Puerto Rico; pa\u00edses en los cuales ha tenido el honor de representar a M\u00e9xico con sus actuaciones en vivo. Fueron galardonados en sus inicios con premios tales como la revelaci\u00f3n del a\u00f1o en 1992 con \u201cTonta\u201d, galard\u00f3n que otorga la revista <em>Billboard<\/em>. Actualmente, Mojado planea la presentaci\u00f3n de su nuevo material discogr\u00e1fico del que se desprende el primer sencillo \u201cTodav\u00eda no te olvido\u201d con el que seguramente tendr\u00e1 una extensa gira.<\/p>\n<p>Jos\u00e9 Luis D\u00e1vila coment\u00f3 en entrevista con <strong>DIARIO IMAGEN<\/strong>: \u201cTenemos un nuevo disco que sale en dos o tres meses, est\u00e1 de moda que se lanzan sencillos y video m\u00e1s tarde se saca la producci\u00f3n completa, el primer corte es \u2018Todav\u00eda no te olvido\u2019 y la gente ha respondido bien, es un tema rom\u00e1ntico, como la gente nos conoce.\u00a0 Mojado es un grupo vers\u00e1til, iniciamos pensando en que deb\u00eda ser un grupo rom\u00e1ntico y ya ten\u00edamos los temas, pero luego vimos la necesidad de algo tropical. As\u00ed sacamos \u2018Tonta\u2019 y a la gente le encant\u00f3, as\u00ed que decidimos seguir mejor por la l\u00ednea vers\u00e1til, cumbia mariachi, banda, un poco de todo\u201d.<\/p>\n<p>En ese tenor, destaca que el disco \u201cvendr\u00e1 con la misma esencia, tenemos rom\u00e1ntico, banda, tropical y vamos a incursionar en <em>reggaet\u00f3n,<\/em>porque es lo que est\u00e1 escuchando la juventud, vamos a ver c\u00f3mo nos va con eso. Estamos apoyados con gente de Colombia en el tema del reggaet\u00f3n y lo que queremos es aportar, porque no se trata de solo hacer lo que todos hacen, sino de aportar algo nuevo, una fusi\u00f3n y ver c\u00f3mo es recibida\u201d.<\/p>\n<p>Dado que Mojado aborda tantos g\u00e9neros, el cantante destaca que \u201cpara los conciertos en vivo nos valemos de la tecnolog\u00eda, desde hace a\u00f1os trabajamos muy bien, el que no la usa es porque no la quiere, porque se trata de enriquecer lo que tienes en vivo con las secuencias, por ejemplo, de mariachi o de banda y suena impecable. Nosotros dentro de lo que estamos haciendo vamos a mantener el romanticismo. Eso lo llevaremos al reggaet\u00f3n a diferencia de otros que van hacia all\u00e1 con agresi\u00f3n o altaner\u00eda, que no es nuestra forma de ser\u201d.<\/p>\n<p>Los integrantes de Grupo Mojado radican en Estados Unidos, pero aseguran que pronto vendr\u00e1n a M\u00e9xico \u201chace muchos a\u00f1os cuando sacamos el disco \u2018Sue\u00f1o y realidad\u2019, nos funcion\u00f3 mucho y toc\u00f3 la casualidad de que pudimos andar con Los Tigres del Norte por seis meses, empezamos a tocar temas que nadie conoc\u00eda, y los aceptaron. La idea de ir a M\u00e9xico ya con este disco es retomar totalmente temas que han sido \u00e9xito, as\u00ed que sin duda iremos\u201d.<\/p>\n<p>Finalmente, adelant\u00f3 que \u201cen el disco vendr\u00e1n sorpresas, hemos hecho muchas amistades, por lo que tendremos la participaci\u00f3n de grandes estrellas. El objetivo es que la gente lo reciba bien, detr\u00e1s de todo esto hay mucho trabajo, como a\u00f1o y medio o dos de elegir temas, y esperamos que gusten mucho\u201d.<\/p>\n","protected":false},"excerpt":{"rendered":"<p>El Grupo Mojado es originario de Matamoros, Tamaulipas. Su gran trayectoria es avalada por sus m\u00e1s de 3.5 millones de CDS vendidos en diferentes partes del mundo como M\u00e9xico, Estados Unidos, Canad\u00e1, Guatemala, El Salvador, Costa Rica, Paraguay, Argentina, y Puerto Rico; pa\u00edses en los cuales ha tenido el honor de representar a M\u00e9xico con sus actuaciones en vivo.<\/p>\n","protected":false},"author":5,"featured_media":430151,"comment_status":"open","ping_status":"open","sticky":false,"template":"","format":"standard","meta":{"_monsterinsights_skip_tracking":false,"_monsterinsights_sitenote_active":false,"_monsterinsights_sitenote_note":"","_monsterinsights_sitenote_category":0,"footnotes":""},"categories":[12],"tags":[121,431,3909,5796,43682,177,85780,5075,2226,85782,85781],"class_list":["post-430150","post","type-post","status-publish","format-standard","has-post-thumbnail","hentry","category-espectaculos","tag-argentina","tag-canada","tag-costa-rica","tag-el-salvador","tag-espectaculos","tag-estados-unidos","tag-grupo-mojado-r","tag-guatemala","tag-paraguay","tag-regresara","tag-todavia-no-te-olvido"],"_links":{"self":[{"href":"https:\/\/www.diarioimagen.net\/index.php?rest_route=\/wp\/v2\/posts\/430150","targetHints":{"allow":["GET"]}}],"collection":[{"href":"https:\/\/www.diarioimagen.net\/index.php?rest_route=\/wp\/v2\/posts"}],"about":[{"href":"https:\/\/www.diarioimagen.net\/index.php?rest_route=\/wp\/v2\/types\/post"}],"author":[{"embeddable":true,"href":"https:\/\/www.diarioimagen.net\/index.php?rest_route=\/wp\/v2\/users\/5"}],"replies":[{"embeddable":true,"href":"https:\/\/www.diarioimagen.net\/index.php?rest_route=%2Fwp%2Fv2%2Fcomments&post=430150"}],"version-history":[{"count":0,"href":"https:\/\/www.diarioimagen.net\/index.php?rest_route=\/wp\/v2\/posts\/430150\/revisions"}],"wp:featuredmedia":[{"embeddable":true,"href":"https:\/\/www.diarioimagen.net\/index.php?rest_route=\/wp\/v2\/media\/430151"}],"wp:attachment":[{"href":"https:\/\/www.diarioimagen.net\/index.php?rest_route=%2Fwp%2Fv2%2Fmedia&parent=430150"}],"wp:term":[{"taxonomy":"category","embeddable":true,"href":"https:\/\/www.diarioimagen.net\/index.php?rest_route=%2Fwp%2Fv2%2Fcategories&post=430150"},{"taxonomy":"post_tag","embeddable":true,"href":"https:\/\/www.diarioimagen.net\/index.php?rest_route=%2Fwp%2Fv2%2Ftags&post=430150"}],"curies":[{"name":"wp","href":"https:\/\/api.w.org\/{rel}","templated":true}]}}