{"id":430239,"date":"2019-06-04T00:05:24","date_gmt":"2019-06-04T05:05:24","guid":{"rendered":"https:\/\/www.diarioimagen.net\/?p=430239"},"modified":"2019-06-04T02:35:59","modified_gmt":"2019-06-04T07:35:59","slug":"elecciones-la-transformacion-del-pri","status":"publish","type":"post","link":"https:\/\/www.diarioimagen.net\/?p=430239","title":{"rendered":"Elecciones, la transformaci\u00f3n del PRI"},"content":{"rendered":"<h2>Desde el portal<\/h2>\n<h5>\u00c1ngel Soriano<\/h5>\n<p>&nbsp;<\/p>\n<p>Morena arras\u00f3 en los comicios en seis entidades donde se realizaron elecciones este domingo, las gubernaturas de Baja California y Puebla, mediante un mecanismo como en los mejores tiempos del PRI: carro completo y sumisi\u00f3n de los opositores que no tuvieron m\u00e1s remedio que aceptar que fueron desplazados.<\/p>\n<p>Se trata de la transformaci\u00f3n de un sistema a otro, un cambio de colores, de siglas partidistas, pero el sistema es el mismo.<\/p>\n<p>La maquinaria que maneja el proceso electoral es el mismo, cambian funcionarios o dise\u00f1os de boletas, pero en la pr\u00e1ctica todo transcurre de la misma manera\u00a0 como cuando el tricolor estaba en el poder.<\/p>\n<p>Incluso, puede decirse, que los opositores m\u00e1s combativos hoy, pasar\u00e1n a ser los militantes de Morena de ma\u00f1ana; porque lo que se busca no es el cambio para mejorar las cosas en favor del electorado, sino mantenerse en el poder, y los pol\u00edticos siempre estar\u00e1n de lado del que maneja el poder y ser\u00e1n tan disciplinados como lo fueron con el PRI.<\/p>\n<p>Lo importante, podr\u00e1 decirse, es que \u2013salvo el elevado abstencionismo de ciudadanos hartos de que todo siga igual-, los comicios transcurrieron en tranquilidad y los ganadores \u2014Barbosa y Jaime Bonilla-, ahora buscar\u00e1n a sus adversarios para darles nuevas encomiendas y sellar la unidad en beneficio de sus respectivas entidades y del pa\u00eds.<\/p>\n<p style=\"text-align: center;\"><strong>TURBULENCIAS<br \/>\n<\/strong><strong>Funciona la estrategia <\/strong><strong>contra Trump<\/strong><\/p>\n<p>Con un memor\u00e1ndum (figura administrativa para asuntos oficiales internos) dirigido al pueblo estadunidense y con una \u201cma\u00f1anera\u201d en Washington, la administraci\u00f3n del presidente Andr\u00e9s Manuel L\u00f3pez Obrador busca pegar en la parte m\u00e1s sensible a su adversario, Donald Trump.<\/p>\n<p>Se pretende captar simpat\u00edas del lado estadunidense y enderezar la opini\u00f3n p\u00fablica en favor de M\u00e9xico y en contra del magnate en el litigio de los ilegales y los aranceles, en tanto se ver\u00e1 qu\u00e9 presidente cuenta con m\u00e1s simpat\u00edas y de qu\u00e9 lado est\u00e1n los intereses m\u00e1s poderosos de ambas naciones\u2026<\/p>\n<p>La ciudad de M\u00e9xico fue estrangulada por taxistas inconformes con la parcialidad con la que se otorgan las concesiones, privilegiando a empresas extranjeras (con presencia multinacional), en tanto se desplaza a los verdaderos trabajadores del volante.<\/p>\n<p>Deben reconocer los taxistas tambi\u00e9n, que su p\u00e9simo servicio y abusos contra usuarios, han merecido el desd\u00e9n de los usuarios que prefieren otros servicios aunque sean m\u00e1s caros. Aqu\u00ed lo importante es que tanto el presidente Andr\u00e9s Manuel L\u00f3pez Obrador como la jefa de Gobierno capitalino, Claudia Sheinbaum, se mantuvieron al pendiente del bloqueo que afect\u00f3 a millones de personas.<\/p>\n<p>Justo tambi\u00e9n se\u00f1alar que las autoridades deben atender y resolver los problemas para evitar mayores contratiempos en los gobernados\u2026Se inici\u00f3 ayer en Oaxaca la semana del periodismo que concluir\u00e1 el 7 de Junio, D\u00eda de la Libertad de Expresi\u00f3n, y dentro del cual se entregar\u00e1n reconocimientos a comunicadores de larga trayectoria. Todo esto en la Hemeroteca P\u00fablica \u201cN\u00e9stor S\u00e1nchez\u201d, en la Casa Jur\u00eddica y en el Congreso Local que han facilitado sus instalaciones para la realizaci\u00f3n de estos eventos\u2026Y en tanto siguen los dimes y diretes entre Trump y AMLO, el peso y la Bolsa de Valores siguen en picada por el nerviosismo que provoca esta guerra comercial que afecta las buenas relaciones entre ambos pa\u00edses\u2026<\/p>\n<p><em><a href=\"mailto:asorianocarrasco@yahoo.com\" target=\"_blank\" rel=\"noopener noreferrer\">asorianocarrasco@yahoo.com<\/a><br \/>\n<a href=\"https:\/\/twitter.com\/brecharevista\" target=\"_blank\" rel=\"noopener noreferrer\">@BrechaRevista<\/a><a href=\"mailto:asorianocarrasco@yahoo.com\" target=\"_blank\" rel=\"noopener noreferrer\"><br \/>\n<\/a><a href=\"https:\/\/revistabrecha.com\" target=\"_blank\" rel=\"noopener noreferrer\">www.revistabrecha.com<\/a><\/em><\/p>\n","protected":false},"excerpt":{"rendered":"<p><span style=\"color: #005497;\"><strong>\u00c1ngel Soriano<\/strong><\/span><\/p>\n","protected":false},"author":3,"featured_media":0,"comment_status":"open","ping_status":"open","sticky":false,"template":"","format":"standard","meta":{"_monsterinsights_skip_tracking":false,"_monsterinsights_sitenote_active":false,"_monsterinsights_sitenote_note":"","_monsterinsights_sitenote_category":0,"footnotes":""},"categories":[135],"tags":[85,86,43674],"class_list":["post-430239","post","type-post","status-publish","format-standard","hentry","category-angel-soriano-opinion","tag-angel-soriano","tag-desde-el-portal","tag-opinion"],"_links":{"self":[{"href":"https:\/\/www.diarioimagen.net\/index.php?rest_route=\/wp\/v2\/posts\/430239","targetHints":{"allow":["GET"]}}],"collection":[{"href":"https:\/\/www.diarioimagen.net\/index.php?rest_route=\/wp\/v2\/posts"}],"about":[{"href":"https:\/\/www.diarioimagen.net\/index.php?rest_route=\/wp\/v2\/types\/post"}],"author":[{"embeddable":true,"href":"https:\/\/www.diarioimagen.net\/index.php?rest_route=\/wp\/v2\/users\/3"}],"replies":[{"embeddable":true,"href":"https:\/\/www.diarioimagen.net\/index.php?rest_route=%2Fwp%2Fv2%2Fcomments&post=430239"}],"version-history":[{"count":0,"href":"https:\/\/www.diarioimagen.net\/index.php?rest_route=\/wp\/v2\/posts\/430239\/revisions"}],"wp:attachment":[{"href":"https:\/\/www.diarioimagen.net\/index.php?rest_route=%2Fwp%2Fv2%2Fmedia&parent=430239"}],"wp:term":[{"taxonomy":"category","embeddable":true,"href":"https:\/\/www.diarioimagen.net\/index.php?rest_route=%2Fwp%2Fv2%2Fcategories&post=430239"},{"taxonomy":"post_tag","embeddable":true,"href":"https:\/\/www.diarioimagen.net\/index.php?rest_route=%2Fwp%2Fv2%2Ftags&post=430239"}],"curies":[{"name":"wp","href":"https:\/\/api.w.org\/{rel}","templated":true}]}}