{"id":430453,"date":"2019-06-06T00:07:14","date_gmt":"2019-06-06T05:07:14","guid":{"rendered":"https:\/\/www.diarioimagen.net\/?p=430453"},"modified":"2019-06-06T04:00:22","modified_gmt":"2019-06-06T09:00:22","slug":"juez-penal-otorga-suspension-definitiva-a-emilio-lozoya","status":"publish","type":"post","link":"https:\/\/www.diarioimagen.net\/?p=430453","title":{"rendered":"Juez penal otorga suspensi\u00f3n definitiva a Emilio Lozoya"},"content":{"rendered":"<ul>\n<li><em><strong>No podr\u00e1 ser detenido en tanto se resuelve juicio de amparo<\/strong><\/em><\/li>\n<\/ul>\n<p>&nbsp;<\/p>\n<p>&nbsp;<\/p>\n<div id=\"attachment_430454\" style=\"width: 470px\" class=\"wp-caption aligncenter\"><img loading=\"lazy\" decoding=\"async\" aria-describedby=\"caption-attachment-430454\" class=\"size-large wp-image-430454\" src=\"https:\/\/www.diarioimagen.net\/wp-content\/uploads\/2019\/06\/LOZOYA6-portal-460x268.jpg\" alt=\"\" width=\"460\" height=\"268\" srcset=\"https:\/\/www.diarioimagen.net\/wp-content\/uploads\/2019\/06\/LOZOYA6-portal-460x268.jpg 460w, https:\/\/www.diarioimagen.net\/wp-content\/uploads\/2019\/06\/LOZOYA6-portal-240x140.jpg 240w, https:\/\/www.diarioimagen.net\/wp-content\/uploads\/2019\/06\/LOZOYA6-portal.jpg 480w\" sizes=\"auto, (max-width: 460px) 100vw, 460px\" \/><p id=\"caption-attachment-430454\" class=\"wp-caption-text\">Emilio Lozoya Austin, ex director de Pemex no podr\u00e1 ser detenido en tanto se resuelve el juicio de amparo.<\/p><\/div>\n<p>&nbsp;<\/p>\n<p>El Juzgado Octavo de Distrito de Amparo en Materia Penal de la Ciudad de M\u00e9xico concedi\u00f3 la suspensi\u00f3n definitiva al Emilio Lozoya Austin, por lo que el ex director de Petr\u00f3leos Mexicanos (Pemex) no podr\u00e1 ser detenido en tanto se resuelve el juicio de amparo.<\/p>\n<p>El Consejo de la Judicatura Federal dio a conocer que la suspensi\u00f3n fue concedida por no tratarse de un delito que amerite prisi\u00f3n preventiva oficiosa, conforme los art\u00edculos 19 constitucional y 167 del C\u00f3digo Nacional de Procedimientos Penales.<\/p>\n<p>Aclar\u00f3 que la suspensi\u00f3n aplica \u00fanicamente para este procedimiento y no tiene efectos sobre otros delitos u \u00f3rdenes de aprehensi\u00f3n que puedan existir.<\/p>\n<p>El \u00f3rgano judicial expuso que la duraci\u00f3n de la suspensi\u00f3n ser\u00e1 en tanto se resuelva el juicio de amparo y no implica el otorgamiento del amparo ni interrumpe la persecuci\u00f3n del delito en curso.<\/p>\n<p>El ex funcionario est\u00e1 acusado de los delitos de operaciones con recursos de procedencia il\u00edcita, cohecho y defraudaci\u00f3n fiscal, y es investigado por el caso de la adquisici\u00f3n de Fertimex, por el cual fue detenido en Espa\u00f1a Alonso Ancira, presidente de la empresa Altos Hornos de M\u00e9xico (AHMSA).<\/p>\n<p>La suspensi\u00f3n permanecer\u00e1 vigente hasta que la juez resuelva si concede o no el amparo solicitado por Lozoya, para lo cual fij\u00f3 el 24 de junio pr\u00f3ximo como fecha de audiencia constitucional.<\/p>\n","protected":false},"excerpt":{"rendered":"<p>El Juzgado Octavo de Distrito de Amparo en Materia Penal de la Ciudad de M\u00e9xico concedi\u00f3 la suspensi\u00f3n definitiva al Emilio Lozoya Austin, por lo que el ex director de Petr\u00f3leos Mexicanos (Pemex) no podr\u00e1 ser detenido en tanto se resuelve el juicio de amparo.<\/p>\n","protected":false},"author":5,"featured_media":430454,"comment_status":"open","ping_status":"open","sticky":false,"template":"","format":"standard","meta":{"_monsterinsights_skip_tracking":false,"_monsterinsights_sitenote_active":false,"_monsterinsights_sitenote_note":"","_monsterinsights_sitenote_category":0,"footnotes":""},"categories":[25512],"tags":[27964,85851,85852],"class_list":["post-430453","post","type-post","status-publish","format-standard","has-post-thumbnail","hentry","category-nacional-nacional","tag-emilio-lozoya","tag-juez-penal","tag-suspension-definitiva"],"_links":{"self":[{"href":"https:\/\/www.diarioimagen.net\/index.php?rest_route=\/wp\/v2\/posts\/430453","targetHints":{"allow":["GET"]}}],"collection":[{"href":"https:\/\/www.diarioimagen.net\/index.php?rest_route=\/wp\/v2\/posts"}],"about":[{"href":"https:\/\/www.diarioimagen.net\/index.php?rest_route=\/wp\/v2\/types\/post"}],"author":[{"embeddable":true,"href":"https:\/\/www.diarioimagen.net\/index.php?rest_route=\/wp\/v2\/users\/5"}],"replies":[{"embeddable":true,"href":"https:\/\/www.diarioimagen.net\/index.php?rest_route=%2Fwp%2Fv2%2Fcomments&post=430453"}],"version-history":[{"count":0,"href":"https:\/\/www.diarioimagen.net\/index.php?rest_route=\/wp\/v2\/posts\/430453\/revisions"}],"wp:featuredmedia":[{"embeddable":true,"href":"https:\/\/www.diarioimagen.net\/index.php?rest_route=\/wp\/v2\/media\/430454"}],"wp:attachment":[{"href":"https:\/\/www.diarioimagen.net\/index.php?rest_route=%2Fwp%2Fv2%2Fmedia&parent=430453"}],"wp:term":[{"taxonomy":"category","embeddable":true,"href":"https:\/\/www.diarioimagen.net\/index.php?rest_route=%2Fwp%2Fv2%2Fcategories&post=430453"},{"taxonomy":"post_tag","embeddable":true,"href":"https:\/\/www.diarioimagen.net\/index.php?rest_route=%2Fwp%2Fv2%2Ftags&post=430453"}],"curies":[{"name":"wp","href":"https:\/\/api.w.org\/{rel}","templated":true}]}}