{"id":430541,"date":"2019-06-06T00:12:58","date_gmt":"2019-06-06T05:12:58","guid":{"rendered":"https:\/\/www.diarioimagen.net\/?p=430541"},"modified":"2019-06-06T09:19:27","modified_gmt":"2019-06-06T14:19:27","slug":"fitch-y-moodys-preven-el-desastre-y-bajan-a-negativo-la-calificacion-crediticia-de-mexico","status":"publish","type":"post","link":"https:\/\/www.diarioimagen.net\/?p=430541","title":{"rendered":"Fitch y Moody\u2019s prev\u00e9n el desastre y bajan a negativo la calificaci\u00f3n crediticia de M\u00e9xico"},"content":{"rendered":"<h2>Tras la puerta del poder<\/h2>\n<h5>Roberto Vizca\u00edno<\/h5>\n<p>&nbsp;<\/p>\n<div id=\"attachment_430629\" style=\"width: 470px\" class=\"wp-caption aligncenter\"><a href=\"https:\/\/www.diarioimagen.net\/?attachment_id=430629\" rel=\"attachment wp-att-430629\"><img loading=\"lazy\" decoding=\"async\" aria-describedby=\"caption-attachment-430629\" class=\"size-large wp-image-430629\" src=\"https:\/\/www.diarioimagen.net\/wp-content\/uploads\/2019\/06\/triste-realidad-LUIS-XAVIER-460x350.jpg\" alt=\"\" width=\"460\" height=\"350\" srcset=\"https:\/\/www.diarioimagen.net\/wp-content\/uploads\/2019\/06\/triste-realidad-LUIS-XAVIER-460x350.jpg 460w, https:\/\/www.diarioimagen.net\/wp-content\/uploads\/2019\/06\/triste-realidad-LUIS-XAVIER-240x183.jpg 240w, https:\/\/www.diarioimagen.net\/wp-content\/uploads\/2019\/06\/triste-realidad-LUIS-XAVIER-768x585.jpg 768w, https:\/\/www.diarioimagen.net\/wp-content\/uploads\/2019\/06\/triste-realidad-LUIS-XAVIER.jpg 1200w\" sizes=\"auto, (max-width: 460px) 100vw, 460px\" \/><\/a><p id=\"caption-attachment-430629\" class=\"wp-caption-text\">Triste realidad&#8230; | Luis Xavier<\/p><\/div>\n<p>&nbsp;<\/p>\n<p>Las calificadoras <strong>Fitch Ratings y Moody\u2019s<\/strong> simplemente no creen ya en las sonrisas y los buenos presagios de <strong>Andr\u00e9s Manuel L\u00f3pez Obrador<\/strong> y su canciller <strong>Marcelo Ebrard <\/strong>frente a las amenazas arancelarias de <strong>Donald Trump<\/strong>, y reducen a\u00fan m\u00e1s la perspectiva crediticia de M\u00e9xico.<\/p>\n<p>El anuncio a la baja, en el caso de Moody\u2019s a &#8216;negativo&#8217;, se hizo casi al parejo de una conferencia de prensa de <strong>Ebrard <\/strong>quien desde Washington les inform\u00f3 a los mexicanos y al mundo que su encuentro con el equipo de <strong>Trump<\/strong> no hab\u00eda tenido \u00e9xito.<\/p>\n<p>\u201cNos volveremos a reunir ma\u00f1ana (hoy) para continuar acercando posiciones\u201d, dijo sin perder la sonrisa.<\/p>\n<p>La perspectiva del encuentro la defini\u00f3 claramente el propio mandatario norteamericano a trav\u00e9s de su cuenta de Twitter:<\/p>\n<p>\u00abLas conversaciones con M\u00e9xico se reanudar\u00e1n ma\u00f1ana bajo el entendido de que, si no se alcanza alg\u00fan acuerdo, los aranceles iniciar\u00e1n el lunes al 5%, con aumentos mensuales seg\u00fan la programaci\u00f3n\u00bb.<\/p>\n<p><strong>Trump <\/strong>ratific\u00f3 que el lunes pr\u00f3ximo, es decir dentro de 4 d\u00edas, se comenzar\u00eda a aplicar un arancel del 5% a las importaciones de productos mexicanos y que continuar\u00edan al alza en los meses siguientes porque estaba seguro de que, conforme aumentaran los aranceles migrar\u00edan de M\u00e9xico hacia Estados Unidos un mayor n\u00famero de empresas estadounidenses.<\/p>\n<p>Y por si hubiera alguna duda de cu\u00e1l es el fondo de esta nueva negociaci\u00f3n entre \u00e9l y <strong>Andr\u00e9s Manuel L\u00f3pez Obrador <\/strong>record\u00f3 que es el creciente flujo de migrantes de centroamericanos que pasan libremente por M\u00e9xico hacia Estados Unidos.<\/p>\n<p>Tan s\u00f3lo en mayo el n\u00famero de migrantes, principalmente centroamericanos hacia EU, dijo, sumaron m\u00e1s de 130 mil.<\/p>\n<p>Eso no puede continuar, advirti\u00f3.<\/p>\n<p>Con esta nueva cruzada para obligar a <strong>L\u00f3pez Obrador<\/strong> a, dijo, limpiar a M\u00e9xico de ilegales y evitar que lleguen a la frontera con EU, Trump retoma su campa\u00f1a por la reelecci\u00f3n presidencial en 2020.<\/p>\n<p>En este contexto de una combinaci\u00f3n electoral y econ\u00f3mica-comercial, las propuestas que pudiera hacer <strong>AMLO <\/strong>a <strong>Trump<\/strong> a trav\u00e9s de su canciller <strong>Marcelo Ebrard,<\/strong> si no parten de una contenci\u00f3n radical y directa del flujo de migrantes centroamericano hacia EU, simplemente no tienen futuro.<\/p>\n<p>Los fines reeleccionistas de <strong>Trump<\/strong> no pasan por impulsar el desarrollo y por crear empleos y paz social en Honduras, El Salvador o Guatemala sino que buscan obligar al gobierno mexicano a establecer mecanismos de contenci\u00f3n territorial del flujo migratorio.<\/p>\n<p>As\u00ed de directo y f\u00e1cil.<\/p>\n<p>Los analistas y las calificadoras consideran que, si no hay arreglo, si <strong>AMLO<\/strong> se niega a las exigencias de <strong>Trump<\/strong>, este impondr\u00e1 los aranceles prometidos, lo que generar\u00e1 un efecto domin\u00f3\u2026<\/p>\n<p>El precio del d\u00f3lar subir\u00e1 sobre los 20 a 25 pesos, esto aumentar\u00eda autom\u00e1ticamente la deuda y su costo, disminuyendo su calidad crediticia y a la vez los aranceles impactar\u00edan los precios a consumidores en EU, quienes bajar\u00e1n sus adquisiciones de productos mexicanos cosa que afectar\u00eda a los productores mexicanos, quienes a su vez recortar\u00edan inversiones y empleos, y bajar\u00edan sus pagos fiscales y\u2026 etc-etc.<\/p>\n<p>Una ca\u00edda consecuente de la econom\u00eda, el financiamiento, las condiciones sociales y de bienestar, la capacidad del gobierno mexicano para enfrentar sus programas b\u00e1sicos, y as\u00ed toda una cadena de efectos insospechados.<\/p>\n<p>Para <strong>Trump <\/strong>el caso es de pol\u00edtica electoral, no econ\u00f3mica.<\/p>\n<p>Hoy veremos de nuevo a <strong>Ebrard<\/strong> hacer maroma y teatro para intentar satisfacer las exigencias de Trump y no ser descalificado por <strong>L\u00f3pez Obrador.<\/strong><\/p>\n<p><strong>Senado en vilo\u00a0\u00a0\u00a0 <\/strong><\/p>\n<p>Quien por lo pronto queda casi colgado de la brocha es el coordinador de la mayor\u00eda de Morena en el Senado, presidente tambi\u00e9n de la Junta de Coordinaci\u00f3n Pol\u00edtica, el zacatecano <strong>Ricardo Monreal,<\/strong> quien tiene ya todo listo para buscar la aprobaci\u00f3n del nuevo Tratado de Libre Comercio, el T-MEC.<\/p>\n<p>En caso de que <strong>AMLO <\/strong>y <strong>Trump <\/strong>no llegaran a un acuerdo para detener el flujo migratorio centroamericano hacia EU y as\u00ed cancelar los aranceles a productos mexicanos, ya no tendr\u00eda mayor caso avanzar en el T-MEC.<\/p>\n<p>Los aranceles de <strong>Trump<\/strong> anular\u00edan b\u00e1sicamente al Tratado renegociado con tanto esfuerzo durante el a\u00f1o y medio anterior, y el mercado entre ambos pa\u00edses quedar\u00eda a regido por la brutal ley de la selva del comercio sin reglas.<\/p>\n<p style=\"text-align: center;\"><strong>A la baja <\/strong><\/p>\n<p>Los que claramente se adelantaron a este escenario fueron las calificadoras Fitch Ratings y Moody\u2019s al bajar de nuevo sus calificaciones sobre el gobierno mexicano y Pemex.<\/p>\n<p>Moody\u00b4s explic\u00f3:<\/p>\n<p>\u201cPrimero, pol\u00edticas que ahora son menos predecibles est\u00e1n afectando negativamente la confianza de los inversionistas y las perspectivas econ\u00f3micas de mediano plazo.<\/p>\n<p>\u201cSegundo, menor crecimiento econ\u00f3mico, aunado a cambios en la pol\u00edtica energ\u00e9tica y al papel que juega Pemex, introducen riesgos para la perspectiva fiscal de mediano plazo, a pesar del compromiso del gobierno con mantener una pol\u00edtica fiscal prudente en el corto plazo\u201d.<\/p>\n<p>Precis\u00f3 que existe \u201cuna evidencia de que el crecimiento econ\u00f3mico a mediano plazo est\u00e1 en declive\u201d y que \u201cson los d\u00e9ficits fiscales que hacen que la trayectoria de deuda aumente\u201d.<\/p>\n<p>En fin, un escenario nada alentador.<\/p>\n<p><strong>No a la desaparici\u00f3n del PRD<\/strong><\/p>\n<p>En otro orden de cosas, el senador <strong>Ricardo Monreal <\/strong>indic\u00f3 ayer que dentro de la Junta de Coordinaci\u00f3n Pol\u00edtica de la que es presidente y que est\u00e1 integrada por los coordinadores de todas las fracciones en el Senado existe la intenci\u00f3n de evitar la desaparici\u00f3n del grupo del PRD.<\/p>\n<p>\u201cEn la Junta de Coordinaci\u00f3n Pol\u00edtica hemos revisado el tema y vamos a respetar a la fracci\u00f3n parlamentaria\u201d.<\/p>\n<p>El caso es que para integrar un grupo se requieren al menos 5 senadores y en la fracci\u00f3n del PRD apenas quedan 2 o 3 senadores debido a las fugas y renuncias de sus integrantes.<\/p>\n<p>\u201cEst\u00e1 en el proceso de la b\u00fasqueda de un senador, una senadora para integrar el grupo parlamentario con los cinco senadores, me coment\u00f3 el coordinador del Grupo Parlamentario del PRD\u201d, dijo <strong>Monreal.<\/strong><\/p>\n<p>Y agreg\u00f3:<\/p>\n<p>\u201cPor lo pronto, quiero decirles, nosotros no tenemos la intenci\u00f3n, como mayor\u00eda en Morena, como grupo parlamentario mayoritario en el Senado, no tenemos intenci\u00f3n de eliminar al Grupo Parlamentario del PRD.<\/p>\n<p>\u201cHay voces que afirman que ya perdi\u00f3 sus derechos y que debe disolverse. Nosotros creemos que tambi\u00e9n debemos atender al sentido l\u00f3gico, al sentido de justicia parlamentaria, y por esa raz\u00f3n el Grupo Parlamentario del PRD continuar\u00e1\u201d.<\/p>\n<p>Record\u00f3 el caso del PES que perdi\u00f3 su registro, pero que sin embargo se mantiene como fracci\u00f3n en el Senado.<\/p>\n<p>\u201cNosotros no deseamos que desaparezca ning\u00fan grupo parlamentario\u201d, concluy\u00f3.<\/p>\n<p><em><a href=\"mailto:rvizcainoa@gmail.com\" target=\"_blank\" rel=\"noopener noreferrer\">rvizcainoa@gmail.com<\/a><br \/>\n<u><a href=\"http:\/\/endirecto.mx\" target=\"_blank\" rel=\"noopener noreferrer\">www.endirecto.mx<\/a><br \/>\n<a href=\"https:\/\/twitter.com\/_rvizcaino\" target=\"_blank\" rel=\"noopener noreferrer\">@_RVizcaino<\/a><br \/>\n<a href=\"https:\/\/www.facebook.com\/rvizcainoa\" target=\"_blank\" rel=\"noopener noreferrer\">facebook.com\/rvizcainoa<\/a><\/u><\/em><\/p>\n","protected":false},"excerpt":{"rendered":"<p><span style=\"color: #005497;\"><strong>Roberto Vizca\u00edno<\/strong><\/span><br \/>\n<br \/>\nLas calificadoras <strong>Fitch Ratings y Moody\u2019s<\/strong> simplemente no creen ya en las sonrisas y los buenos presagios de <strong>Andr\u00e9s Manuel L\u00f3pez Obrador<\/strong> y su canciller <strong>Marcelo Ebrard <\/strong>frente a las amenazas arancelarias de <strong>Donald Trump<\/strong>, y reducen a\u00fan m\u00e1s la perspectiva crediticia de M\u00e9xico.<\/p>\n","protected":false},"author":3,"featured_media":430629,"comment_status":"open","ping_status":"open","sticky":false,"template":"","format":"standard","meta":{"_monsterinsights_skip_tracking":false,"_monsterinsights_sitenote_active":false,"_monsterinsights_sitenote_note":"","_monsterinsights_sitenote_category":0,"footnotes":""},"categories":[136],"tags":[43674,93,94],"class_list":["post-430541","post","type-post","status-publish","format-standard","has-post-thumbnail","hentry","category-roberto-vizcaino-opinion","tag-opinion","tag-roberto-vizcaino","tag-tras-la-puerta-del-poder"],"_links":{"self":[{"href":"https:\/\/www.diarioimagen.net\/index.php?rest_route=\/wp\/v2\/posts\/430541","targetHints":{"allow":["GET"]}}],"collection":[{"href":"https:\/\/www.diarioimagen.net\/index.php?rest_route=\/wp\/v2\/posts"}],"about":[{"href":"https:\/\/www.diarioimagen.net\/index.php?rest_route=\/wp\/v2\/types\/post"}],"author":[{"embeddable":true,"href":"https:\/\/www.diarioimagen.net\/index.php?rest_route=\/wp\/v2\/users\/3"}],"replies":[{"embeddable":true,"href":"https:\/\/www.diarioimagen.net\/index.php?rest_route=%2Fwp%2Fv2%2Fcomments&post=430541"}],"version-history":[{"count":0,"href":"https:\/\/www.diarioimagen.net\/index.php?rest_route=\/wp\/v2\/posts\/430541\/revisions"}],"wp:featuredmedia":[{"embeddable":true,"href":"https:\/\/www.diarioimagen.net\/index.php?rest_route=\/wp\/v2\/media\/430629"}],"wp:attachment":[{"href":"https:\/\/www.diarioimagen.net\/index.php?rest_route=%2Fwp%2Fv2%2Fmedia&parent=430541"}],"wp:term":[{"taxonomy":"category","embeddable":true,"href":"https:\/\/www.diarioimagen.net\/index.php?rest_route=%2Fwp%2Fv2%2Fcategories&post=430541"},{"taxonomy":"post_tag","embeddable":true,"href":"https:\/\/www.diarioimagen.net\/index.php?rest_route=%2Fwp%2Fv2%2Ftags&post=430541"}],"curies":[{"name":"wp","href":"https:\/\/api.w.org\/{rel}","templated":true}]}}