{"id":430593,"date":"2019-06-06T00:08:24","date_gmt":"2019-06-06T05:08:24","guid":{"rendered":"https:\/\/www.diarioimagen.net\/?p=430593"},"modified":"2019-06-06T06:04:38","modified_gmt":"2019-06-06T11:04:38","slug":"politica-contra-turismo","status":"publish","type":"post","link":"https:\/\/www.diarioimagen.net\/?p=430593","title":{"rendered":"Pol\u00edtica contra turismo"},"content":{"rendered":"<h2>Detr\u00e1s del Poder<\/h2>\n<h5>Jos\u00e9 Antonio L\u00f3pez Sosa<\/h5>\n<p>&nbsp;<\/p>\n<p>Anaheim, California.- No solo M\u00e9xico es el \u00fanico pa\u00eds donde la pol\u00edtica pareciera estar contra el turismo, lo mismo est\u00e1 pasando en los \u00faltimos a\u00f1os en los Estados Unidos.<\/p>\n<p>Por un lado, esfuerzos importantes de US Travel Association y de Brand USA en realizar foros tan importantes como el IPW, promover la marca pa\u00eds y los destinos alrededor del mundo y por otro, el presidente Trump y su administraci\u00f3n trataron de disolver Brand USA y siguen envolviendo a los Estados Unidos en una guerra comercial, sin importar que la imagen es relevante para el turismo, una de las industrias que m\u00e1s divisas genera.<\/p>\n<p>La pol\u00edtica de la actual administraci\u00f3n en la Uni\u00f3n Americana no tiene el menor inter\u00e9s por fomentar el turismo, lo mismo ocurre en M\u00e9xico.<\/p>\n<p>El presidente Trump y el secretario de Econom\u00eda \u2013de donde depende el turismo\u2014 no saben ni les interesa saber a fondo c\u00f3mo opera el sector y la importancia que tiene. Algo muy parecido a lo que ocurre en M\u00e9xico.<\/p>\n<p>Tantas coincidencias no van a buen puerto, con la diferencia que en los Estados Unidos el sector empresarial se ocupa y no solo se preocupa, el modelo de negocios en el turismo no se frena y si no hay apoyo gubernamental, las empresas del sector lo hacen por su cuenta.<\/p>\n<p>En M\u00e9xico los empresarios del turismo estiran la mano, no logran consolidarse sin el apoyo p\u00fablico.<\/p>\n<p>Por eso aqu\u00ed tienen un IPW y all\u00e1 un Tianguis Tur\u00edstico.<\/p>\n<p><em><a href=\"http:\/\/www.lopezsosa.com\" target=\"_blank\" rel=\"noopener noreferrer\">www.lopezsosa.com<\/a><\/em><br \/>\n<em><a href=\"mailto:joseantonio@lopezsosa.com\" target=\"_blank\" rel=\"noopener noreferrer\">joseantonio@lopezsosa.com<\/a><\/em><br \/>\n<em><a href=\"http:\/\/twitter.com\/joseantonio1977\" target=\"_blank\" rel=\"noopener noreferrer\">@joseantonio197<\/a><\/em><\/p>\n","protected":false},"excerpt":{"rendered":"<p><span style=\"color: #005497;\"><strong>Jos\u00e9 Antonio L\u00f3pez Sosa<\/strong><\/span><\/p>\n","protected":false},"author":3,"featured_media":0,"comment_status":"open","ping_status":"open","sticky":false,"template":"","format":"standard","meta":{"_monsterinsights_skip_tracking":false,"_monsterinsights_sitenote_active":false,"_monsterinsights_sitenote_note":"","_monsterinsights_sitenote_category":0,"footnotes":""},"categories":[637],"tags":[638,43690,43674],"class_list":["post-430593","post","type-post","status-publish","format-standard","hentry","category-jose-antonio-lopez-sosa","tag-detras-del-poder","tag-jose-antonio-lopez-sosa","tag-opinion"],"_links":{"self":[{"href":"https:\/\/www.diarioimagen.net\/index.php?rest_route=\/wp\/v2\/posts\/430593","targetHints":{"allow":["GET"]}}],"collection":[{"href":"https:\/\/www.diarioimagen.net\/index.php?rest_route=\/wp\/v2\/posts"}],"about":[{"href":"https:\/\/www.diarioimagen.net\/index.php?rest_route=\/wp\/v2\/types\/post"}],"author":[{"embeddable":true,"href":"https:\/\/www.diarioimagen.net\/index.php?rest_route=\/wp\/v2\/users\/3"}],"replies":[{"embeddable":true,"href":"https:\/\/www.diarioimagen.net\/index.php?rest_route=%2Fwp%2Fv2%2Fcomments&post=430593"}],"version-history":[{"count":0,"href":"https:\/\/www.diarioimagen.net\/index.php?rest_route=\/wp\/v2\/posts\/430593\/revisions"}],"wp:attachment":[{"href":"https:\/\/www.diarioimagen.net\/index.php?rest_route=%2Fwp%2Fv2%2Fmedia&parent=430593"}],"wp:term":[{"taxonomy":"category","embeddable":true,"href":"https:\/\/www.diarioimagen.net\/index.php?rest_route=%2Fwp%2Fv2%2Fcategories&post=430593"},{"taxonomy":"post_tag","embeddable":true,"href":"https:\/\/www.diarioimagen.net\/index.php?rest_route=%2Fwp%2Fv2%2Ftags&post=430593"}],"curies":[{"name":"wp","href":"https:\/\/api.w.org\/{rel}","templated":true}]}}