{"id":430638,"date":"2019-06-07T00:10:30","date_gmt":"2019-06-07T05:10:30","guid":{"rendered":"https:\/\/www.diarioimagen.net\/?p=430638"},"modified":"2019-06-07T03:25:01","modified_gmt":"2019-06-07T08:25:01","slug":"hacienda-bloquea-cuentas-ligadas-con-trafico-de-migrantes","status":"publish","type":"post","link":"https:\/\/www.diarioimagen.net\/?p=430638","title":{"rendered":"Hacienda bloquea cuentas ligadas con tr\u00e1fico de migrantes"},"content":{"rendered":"<ul>\n<li><em><strong>Operaciones inusuales desde Chiapas y Quer\u00e9taro a varios pa\u00edses<\/strong><\/em><\/li>\n<\/ul>\n<p>&nbsp;<\/p>\n<div id=\"attachment_430639\" style=\"width: 470px\" class=\"wp-caption aligncenter\"><img loading=\"lazy\" decoding=\"async\" aria-describedby=\"caption-attachment-430639\" class=\"size-large wp-image-430639\" src=\"https:\/\/www.diarioimagen.net\/wp-content\/uploads\/2019\/06\/CUENTAS7-PORTAL-460x268.jpg\" alt=\"\" width=\"460\" height=\"268\" srcset=\"https:\/\/www.diarioimagen.net\/wp-content\/uploads\/2019\/06\/CUENTAS7-PORTAL-460x268.jpg 460w, https:\/\/www.diarioimagen.net\/wp-content\/uploads\/2019\/06\/CUENTAS7-PORTAL-240x140.jpg 240w, https:\/\/www.diarioimagen.net\/wp-content\/uploads\/2019\/06\/CUENTAS7-PORTAL.jpg 480w\" sizes=\"auto, (max-width: 460px) 100vw, 460px\" \/><p id=\"caption-attachment-430639\" class=\"wp-caption-text\">Hacienda bloque\u00f3 cuentas bancarias de diversas persona f\u00edsicas y morales que participaban en la organizaci\u00f3n de caravanas migrantes.<\/p><\/div>\n<p>&nbsp;<\/p>\n<p>La Unidad de Inteligencia Financiera (UIF) de la Secretar\u00eda de Hacienda y Cr\u00e9dito P\u00fablico (SHCP), en coordinaci\u00f3n con la Secretar\u00eda de Relaciones Exteriores (SRE) y distintas agencias del gobierno de M\u00e9xico, ha bloqueado las cuentas bancarias de diversas personas f\u00edsicas y morales que presuntamente han participado en el tr\u00e1fico de personas y la organizaci\u00f3n ilegal de caravanas migrantes.<\/p>\n<p>Lo anterior, derivado de la metodolog\u00eda desarrollada por la UIF al poner como elementos de alerta el tr\u00e1fico de personas migrantes, espec\u00edficamente caravanas de migrantes hacia M\u00e9xico desde octubre del 2018 a la fecha, as\u00ed como el flujo de recursos econ\u00f3micos a trav\u00e9s de transmisores de dinero en territorio nacional.<\/p>\n<p>De la informaci\u00f3n obtenida por la UIF de los transmisores de dinero, se identific\u00f3 un grupo de personas que, en el periodo de paso de las caravanas migrantes, realizaban desde Chiapas y Quer\u00e9taro operaciones inusuales a distintos pa\u00edses, incluidos algunos contemplados como jurisdicciones de riesgo por el Grupo de Acci\u00f3n Financiera Internacional (GAFI).<\/p>\n<p>Con base en la ruta que sigui\u00f3 la caravana migrante, que parti\u00f3 en la frontera sur de M\u00e9xico, se detect\u00f3 una serie de operaciones y transferencias financieras desde Quer\u00e9taro hacia seis ciudades en la frontera con Estados Unidos de Am\u00e9rica, que son: Tijuana, Nogales, Ciudad Ju\u00e1rez, Ciudad Acu\u00f1a, Piedras Negras y Reynosa.<\/p>\n<p>Con esta metodolog\u00eda, se presume el pago ilegal por tr\u00e1fico de migrantes, pues se revel\u00f3 la relaci\u00f3n que existe entre el paso de las caravanas migrantes y los dep\u00f3sitos en dispersores de dinero realizados a las ciudades citadas, provenientes de El Salvador, Honduras, Guatemala, Camer\u00faEstados Unidos e Inglaterra.<\/p>\n<p>Por todo lo anterior, la UIF ha instruido la inclusi\u00f3n de veintis\u00e9is personas a la Lista de Personas Bloqueadas, por su probable vinculaci\u00f3n con el tr\u00e1fico de personas migrantes y apoyo il\u00edcito a caravanas migrantes. En ese sentido se presentar\u00e1n las denuncias correspondientes ante la Fiscal\u00eda General de la Rep\u00fablica.<\/p>\n<p>Con acciones como esta el Gobierno de M\u00e9xico refrenda su pol\u00edtica de combatir frontalmente las estructuras econ\u00f3micas de los traficantes de personas, esto garantizando el pleno respeto a los derechos humanos de todas las personas migrantes considerados en las legislaciones internacionales en la materia, tomando en consideraci\u00f3n su situaci\u00f3n de vulnerabilidad y el m\u00e1ximo reconocimiento de su dignidad<\/p>\n<p>&nbsp;<\/p>\n","protected":false},"excerpt":{"rendered":"<p>La Unidad de Inteligencia Financiera (UIF) de la Secretar\u00eda de Hacienda y Cr\u00e9dito P\u00fablico (SHCP), en coordinaci\u00f3n con la Secretar\u00eda de Relaciones Exteriores (SRE) y distintas agencias del gobierno de M\u00e9xico, ha bloqueado las cuentas bancarias de diversas personas f\u00edsicas y morales que presuntamente han participado en el tr\u00e1fico de personas y la organizaci\u00f3n ilegal de caravanas migrantes.<\/p>\n","protected":false},"author":5,"featured_media":430639,"comment_status":"open","ping_status":"open","sticky":false,"template":"","format":"standard","meta":{"_monsterinsights_skip_tracking":false,"_monsterinsights_sitenote_active":false,"_monsterinsights_sitenote_note":"","_monsterinsights_sitenote_category":0,"footnotes":""},"categories":[8],"tags":[85886,85904,10383,1101,85885],"class_list":["post-430638","post","type-post","status-publish","format-standard","has-post-thumbnail","hentry","category-finanzas","tag-bloquea-cuentas","tag-ceentas","tag-migrantes","tag-secretaria-de-hacienda-y-credito-publico","tag-trafico-de-migrantes"],"_links":{"self":[{"href":"https:\/\/www.diarioimagen.net\/index.php?rest_route=\/wp\/v2\/posts\/430638","targetHints":{"allow":["GET"]}}],"collection":[{"href":"https:\/\/www.diarioimagen.net\/index.php?rest_route=\/wp\/v2\/posts"}],"about":[{"href":"https:\/\/www.diarioimagen.net\/index.php?rest_route=\/wp\/v2\/types\/post"}],"author":[{"embeddable":true,"href":"https:\/\/www.diarioimagen.net\/index.php?rest_route=\/wp\/v2\/users\/5"}],"replies":[{"embeddable":true,"href":"https:\/\/www.diarioimagen.net\/index.php?rest_route=%2Fwp%2Fv2%2Fcomments&post=430638"}],"version-history":[{"count":0,"href":"https:\/\/www.diarioimagen.net\/index.php?rest_route=\/wp\/v2\/posts\/430638\/revisions"}],"wp:featuredmedia":[{"embeddable":true,"href":"https:\/\/www.diarioimagen.net\/index.php?rest_route=\/wp\/v2\/media\/430639"}],"wp:attachment":[{"href":"https:\/\/www.diarioimagen.net\/index.php?rest_route=%2Fwp%2Fv2%2Fmedia&parent=430638"}],"wp:term":[{"taxonomy":"category","embeddable":true,"href":"https:\/\/www.diarioimagen.net\/index.php?rest_route=%2Fwp%2Fv2%2Fcategories&post=430638"},{"taxonomy":"post_tag","embeddable":true,"href":"https:\/\/www.diarioimagen.net\/index.php?rest_route=%2Fwp%2Fv2%2Ftags&post=430638"}],"curies":[{"name":"wp","href":"https:\/\/api.w.org\/{rel}","templated":true}]}}