{"id":430837,"date":"2019-06-08T00:03:23","date_gmt":"2019-06-08T05:03:23","guid":{"rendered":"https:\/\/www.diarioimagen.net\/?p=430837"},"modified":"2019-06-08T10:09:14","modified_gmt":"2019-06-08T15:09:14","slug":"el-chapo-no-puede-salir-ni-al-patio-de-la-carcel","status":"publish","type":"post","link":"https:\/\/www.diarioimagen.net\/?p=430837","title":{"rendered":"\u201cEl Chapo\u201d no puede salir ni al patio de la c\u00e1rcel\u00a0"},"content":{"rendered":"<ul>\n<li><em><strong>Este 25 de junio recibir\u00e1 cadena perpetua<\/strong><\/em><\/li>\n<li><em><strong>El juez Brian Cogan, acorde con la posici\u00f3n restrictiva del gobierno, rechaza reducir restricciones<\/strong><\/em><\/li>\n<\/ul>\n<p>&nbsp;<\/p>\n<div id=\"attachment_430838\" style=\"width: 470px\" class=\"wp-caption aligncenter\"><a href=\"https:\/\/www.diarioimagen.net\/?attachment_id=430838\" rel=\"attachment wp-att-430838\"><img loading=\"lazy\" decoding=\"async\" aria-describedby=\"caption-attachment-430838\" class=\"size-large wp-image-430838\" src=\"https:\/\/www.diarioimagen.net\/wp-content\/uploads\/2019\/06\/CHAPO6b-460x259.jpg\" alt=\"\" width=\"460\" height=\"259\" srcset=\"https:\/\/www.diarioimagen.net\/wp-content\/uploads\/2019\/06\/CHAPO6b-460x259.jpg 460w, https:\/\/www.diarioimagen.net\/wp-content\/uploads\/2019\/06\/CHAPO6b-240x135.jpg 240w, https:\/\/www.diarioimagen.net\/wp-content\/uploads\/2019\/06\/CHAPO6b-235x132.jpg 235w, https:\/\/www.diarioimagen.net\/wp-content\/uploads\/2019\/06\/CHAPO6b-202x114.jpg 202w, https:\/\/www.diarioimagen.net\/wp-content\/uploads\/2019\/06\/CHAPO6b-350x196.jpg 350w, https:\/\/www.diarioimagen.net\/wp-content\/uploads\/2019\/06\/CHAPO6b-220x123.jpg 220w, https:\/\/www.diarioimagen.net\/wp-content\/uploads\/2019\/06\/CHAPO6b-237x132.jpg 237w, https:\/\/www.diarioimagen.net\/wp-content\/uploads\/2019\/06\/CHAPO6b.jpg 480w\" sizes=\"auto, (max-width: 460px) 100vw, 460px\" \/><\/a><p id=\"caption-attachment-430838\" class=\"wp-caption-text\">Los abogados de \u201cEl Chapo\u201d Guzm\u00e1n volvieron a insistir en las condiciones \u201cinhumanas\u201d en las que est\u00e1 recluido y se burlaron del miedo de la fiscal\u00eda a que Guzm\u00e1n pueda escapar de la c\u00e1rcel de m\u00e1xima seguridad, alegando que el capo no tiene poderes sobrenaturales para fugarse.<\/p><\/div>\n<p>&nbsp;<\/p>\n<p>Autoridades de Estados Unidos negaron la petici\u00f3n de rebajar las condiciones de Joaqu\u00edn \u201cEl Chapo\u201d Guzm\u00e1n Loera, por lo que quedan intactas las medidas que lo retienen como prisionero en completo aislamiento desde que fue extraditado en enero de 2017.<\/p>\n<p>Los abogados del l\u00edder del C\u00e1rtel de Sinaloa hab\u00edan solicitado hace un par de semanas que a \u201cEl Chapo\u201d se le permitiera salir al aire libre un par de horas al d\u00eda.<\/p>\n<p>Entre las peticiones tambi\u00e9n estaban un par de tapones para los o\u00eddos, botellas de agua, entre otros.<\/p>\n<p>El juez Brian Cogan, encargado del caso y acorde con la posici\u00f3n restrictiva del gobierno, neg\u00f3 todas las solicitudes de la defensa del narcotraficante mexicano.<\/p>\n<p>Si bien el juez acepta que \u201cla conducta ha sido ejemplar\u201d, eso no es motivo para modificar las condiciones de su encarcelamiento, especialmente cuando el riesgo de fuga sigue latente.<\/p>\n<p>\u201cEs plausible que el acusado pueda intentar recrear un intento de escape si se le presenta la oportunidad\u201d, escribi\u00f3 Cogan.<\/p>\n<p>El \u00fanico espacio al aire libre del Metropolitan Correctional Center (MCC) de Manhattan es una terraza cubierta de vallas de alambre por la que, hace varias d\u00e9cadas, ya trataron de escapar otros presos, algo que el gobierno no quiere que vuelva a suceder y menos con una figura que escap\u00f3 dos veces de c\u00e1rceles mexicanas.<\/p>\n<p>Los abogados de \u201cEl Chapo\u201d volvieron a insistir en las condiciones \u201cinhumanas\u201d en las que est\u00e1 recluido y se burlaron del miedo de la fiscal\u00eda a que Guzm\u00e1n pueda escapar de la c\u00e1rcel de m\u00e1xima seguridad, alegando que el capo no tiene poderes sobrenaturales para fugarse.<\/p>\n<p>\u201cNo tiene visi\u00f3n especial\u201d, dijo Mariel Col\u00f3n, una de las integrantes del equipo de la defensa, en un documento entregado a la Corte horas antes de conocer la decisi\u00f3n del juez, descartando el temor del gobierno sobre un posible plan de fuga de \u201cEl Chapo\u201d por los tejados de Nueva York.<\/p>\n<p>\u201cEl MCC est\u00e1 rodeado de edificios altamente vigilados, incluido el departamento de polic\u00eda, la fiscal\u00eda, la Corte federal del distrito sur y la Corte federal de apelaciones del segundo distrito, donde un extra\u00f1o no podr\u00eda acceder libremente a sus tejados\u201d, explic\u00f3 la abogada.<span class=\"Apple-converted-space\">\u00a0<\/span><\/p>\n<p>\u201cAdem\u00e1s, no tiene una visi\u00f3n especial para ver tejados a millas de distancia\u201d.<\/p>\n<p>Para Col\u00f3n, el miedo de la fiscal\u00eda a una fuga es adem\u00e1s absurdo, porque Guzm\u00e1n Loera no puede comunicarse con nadie fuera de su equipo de abogados.<\/p>\n<p>Seg\u00fan Col\u00f3n, \u201cEl Chapo\u201d \u201cno ha respirado aire fresco\u201d en los m\u00e1s de dos a\u00f1os que lleva encarcelado, \u201cni ha estado expuesto a luz natural del d\u00eda\u201d; necesidades \u201chumanas b\u00e1sicas\u201d que, seg\u00fan la letrada, presentan \u201cpreocupaciones constitucionales que no pueden ser ignoradas\u201d.<span class=\"Apple-converted-space\">\u00a0<\/span><\/p>\n<p>Por ello, propuso que se traslade a \u201cEl Chapo\u201d a otra c\u00e1rcel en la que la fiscal\u00eda est\u00e9 m\u00e1s c\u00f3moda que no haya problema de fuga si se le permite estar al aire libre mientras espera sentencia, programada para el 25 de junio.<\/p>\n<p>Propuso la c\u00e1rcel de m\u00e1xima seguridad de Florence (Colorado), donde se prev\u00e9 que Guzm\u00e1n pase el resto de sus d\u00edas cuando sea condenado, con toda probabilidad, a cadena perpetua.<\/p>\n<p>Sobre la petici\u00f3n de poder comprar seis botellas de agua a la semana, el juez lo neg\u00f3 porque, seg\u00fan los registros de la c\u00e1rcel, ya tiene acceso a eso. Seg\u00fan los abogados, la falta de acceso a agua ha causado \u201cs\u00edntomas relacionados con deshidrataci\u00f3n\u201d y \u201cdolores de cabeza constantes\u201d.<span class=\"Apple-converted-space\">\u00a0<\/span><\/p>\n<p>Sobre los tapones para los o\u00eddos, Cogan dijo que la solicitud es \u201cil\u00f3gica\u201d ya que, si durante el juicio se quej\u00f3 que no pod\u00eda seguir la traducci\u00f3n simult\u00e1nea a trav\u00e9s de auriculares, ponerse tapones no iba a ayudarle a sanar el supuesto dolor.<span class=\"Apple-converted-space\">\u00a0<\/span><\/p>\n<p>\u201cLas condiciones f\u00edsicas y mentales del se\u00f1or Guzm\u00e1n han sufrido, y su salud se ha deteriorado r\u00e1pidamente\u201d por culpa de las \u201ccondiciones draconianas\u201d de su cautiverio, resumi\u00f3 la abogada.<\/p>\n<p>Una de las razones por las que Guzm\u00e1n Loera est\u00e1 bajo medidas especiales es para evitar que se comunique \u201ccon otros miembros del C\u00e1rtel de Sinaloa u otros socios criminales que puedan llevar a cabo \u00f3rdenes en su nombre\u201d.<\/p>\n<p>Seg\u00fan el gobierno, \u201cEl Chapo\u201d ya dispone de acceso a una bicicleta, en una sala con una ventana que \u201cle da acceso a aire y luz del sol frescos del exterior\u201d.<\/p>\n<p style=\"text-align: center;\"><b>Espero me dejen abrazar a mi hijo: madre de \u201cEl Chapo\u201d<\/b><\/p>\n<p>&nbsp;<\/p>\n<div id=\"attachment_430839\" style=\"width: 470px\" class=\"wp-caption aligncenter\"><a href=\"https:\/\/www.diarioimagen.net\/?attachment_id=430839\" rel=\"attachment wp-att-430839\"><img loading=\"lazy\" decoding=\"async\" aria-describedby=\"caption-attachment-430839\" class=\"size-large wp-image-430839\" src=\"https:\/\/www.diarioimagen.net\/wp-content\/uploads\/2019\/06\/CHAPO6-460x259.jpg\" alt=\"\" width=\"460\" height=\"259\" srcset=\"https:\/\/www.diarioimagen.net\/wp-content\/uploads\/2019\/06\/CHAPO6-460x259.jpg 460w, https:\/\/www.diarioimagen.net\/wp-content\/uploads\/2019\/06\/CHAPO6-240x135.jpg 240w, https:\/\/www.diarioimagen.net\/wp-content\/uploads\/2019\/06\/CHAPO6-235x132.jpg 235w, https:\/\/www.diarioimagen.net\/wp-content\/uploads\/2019\/06\/CHAPO6-202x114.jpg 202w, https:\/\/www.diarioimagen.net\/wp-content\/uploads\/2019\/06\/CHAPO6-350x196.jpg 350w, https:\/\/www.diarioimagen.net\/wp-content\/uploads\/2019\/06\/CHAPO6-220x123.jpg 220w, https:\/\/www.diarioimagen.net\/wp-content\/uploads\/2019\/06\/CHAPO6-237x132.jpg 237w, https:\/\/www.diarioimagen.net\/wp-content\/uploads\/2019\/06\/CHAPO6.jpg 480w\" sizes=\"auto, (max-width: 460px) 100vw, 460px\" \/><\/a><p id=\"caption-attachment-430839\" class=\"wp-caption-text\">La madre de \u201cEl Chapo\u201d Guzm\u00e1n, Mar\u00eda Consuelo Loera P\u00e9rez, quien obtuvo una visa humanitaria por parte del gobierno de Estados Unidos para visitar a su hijo en Estados Unidos.<\/p><\/div>\n<p>Mientras tanto, la madre de \u201cEl Chapo\u201d Guzm\u00e1n, Mar\u00eda Consuelo Loera P\u00e9rez, quien obtuvo una visa humanitaria por parte del gobierno de Estados Unidos para visitar a su hijo en Estados Unidos, habl\u00f3 con la prensa en la Ciudad de M\u00e9xico: \u201cEspero que me permitan darle un abrazo\u2026 y desear\u00eda que le dieran su libertad\u201d.<span class=\"Apple-converted-space\">\u00a0<\/span><\/p>\n<p>La se\u00f1ora Mar\u00eda Consuelo fue acompa\u00f1ada por las dos hermanas del capo, Armida y Bernarda, quienes tambi\u00e9n obtuvieron el documento en la embajada estadunidense en la capital mexicana.<\/p>\n<p>Tras un juicio de tres meses en la corte de Brooklyn, \u201cEl Chapo\u201d Guzm\u00e1n fue declarado culpable el 12 de febrero de exportar toneladas de coca\u00edna, hero\u00edna, metanfetaminas y mariguana a EU. Recibir\u00e1 sentencia el 25 de junio y enfrenta una posible cadena perpetua.<\/p>\n<p>Precisamente en aquel mes Mar\u00eda Consuelo Loera P\u00e9rez envi\u00f3 una carta al presidente Andr\u00e9s Manuel L\u00f3pez Obrador, en la que le ped\u00eda apoyo para obtener visas humanitarias que le permitieran visitar a su hijo.<\/p>\n<p>\u201cTengo sin verlo m\u00e1s de cinco a\u00f1os y (con) mi avanzada edad y el no poder verlo, \u00fanicamente mi fe en Cristo Jes\u00fas me mantiene viva\u201d, escribi\u00f3 en la misiva que divulg\u00f3 el propio presidente Andr\u00e9s Manuel L\u00f3pez Obrador.<\/p>\n<p>En esa carta le pidi\u00f3 tambi\u00e9n que Guzm\u00e1n Loera fuera repatriado a M\u00e9xico.<\/p>\n<p>Periodistas hab\u00edan captado a Consuelo Loera cuando arrib\u00f3 al aeropuerto capitalino, pero fue hasta el pasado s\u00e1bado cuando la se\u00f1ora hizo declaraciones a medios de comunicaci\u00f3n.<\/p>\n<p>La madre del capo dijo: \u201cDoy gracias al presidente Andr\u00e9s Manuel L\u00f3pez Obrador y a la embajada de Estados Unidos, porque me dieron el permiso\u201d.<\/p>\n<p>Revel\u00f3 que cuando ha hablado con su hijo le asegura \u201cque se encuentra bien, que est\u00e1 todo bien\u201d.<\/p>\n","protected":false},"excerpt":{"rendered":"<p>Autoridades de Estados Unidos negaron la petici\u00f3n de rebajar las condiciones de Joaqu\u00edn \u201cEl Chapo\u201d Guzm\u00e1n Loera, por lo que quedan intactas las medidas que lo retienen como prisionero en completo aislamiento desde que fue extraditado en enero de 2017.<\/p>\n","protected":false},"author":1,"featured_media":430838,"comment_status":"open","ping_status":"open","sticky":false,"template":"","format":"standard","meta":{"_monsterinsights_skip_tracking":false,"_monsterinsights_sitenote_active":false,"_monsterinsights_sitenote_note":"","_monsterinsights_sitenote_category":0,"footnotes":""},"categories":[7],"tags":[43677,81043],"class_list":["post-430837","post","type-post","status-publish","format-standard","has-post-thumbnail","hentry","category-seguridad","tag-seguridad","tag-chapo-guzman"],"_links":{"self":[{"href":"https:\/\/www.diarioimagen.net\/index.php?rest_route=\/wp\/v2\/posts\/430837","targetHints":{"allow":["GET"]}}],"collection":[{"href":"https:\/\/www.diarioimagen.net\/index.php?rest_route=\/wp\/v2\/posts"}],"about":[{"href":"https:\/\/www.diarioimagen.net\/index.php?rest_route=\/wp\/v2\/types\/post"}],"author":[{"embeddable":true,"href":"https:\/\/www.diarioimagen.net\/index.php?rest_route=\/wp\/v2\/users\/1"}],"replies":[{"embeddable":true,"href":"https:\/\/www.diarioimagen.net\/index.php?rest_route=%2Fwp%2Fv2%2Fcomments&post=430837"}],"version-history":[{"count":0,"href":"https:\/\/www.diarioimagen.net\/index.php?rest_route=\/wp\/v2\/posts\/430837\/revisions"}],"wp:featuredmedia":[{"embeddable":true,"href":"https:\/\/www.diarioimagen.net\/index.php?rest_route=\/wp\/v2\/media\/430838"}],"wp:attachment":[{"href":"https:\/\/www.diarioimagen.net\/index.php?rest_route=%2Fwp%2Fv2%2Fmedia&parent=430837"}],"wp:term":[{"taxonomy":"category","embeddable":true,"href":"https:\/\/www.diarioimagen.net\/index.php?rest_route=%2Fwp%2Fv2%2Fcategories&post=430837"},{"taxonomy":"post_tag","embeddable":true,"href":"https:\/\/www.diarioimagen.net\/index.php?rest_route=%2Fwp%2Fv2%2Ftags&post=430837"}],"curies":[{"name":"wp","href":"https:\/\/api.w.org\/{rel}","templated":true}]}}