{"id":430936,"date":"2019-06-10T00:01:45","date_gmt":"2019-06-10T05:01:45","guid":{"rendered":"https:\/\/www.diarioimagen.net\/?p=430936"},"modified":"2019-06-10T06:58:55","modified_gmt":"2019-06-10T11:58:55","slug":"el-workshop-ilove-europe-reunio-a-21-prestadores-de-servicios-turisticos-europeos-que-ofrecieron-sus-atractivos-al-mercado-mexicano","status":"publish","type":"post","link":"https:\/\/www.diarioimagen.net\/?p=430936","title":{"rendered":"El <em>Workshop iLove Europe<\/em> reuni\u00f3 a 21 prestadores de servicios tur\u00edsticos europeos, que ofrecieron sus atractivos al mercado mexicano"},"content":{"rendered":"<h2>De cinco estrellas<\/h2>\n<h5>Victoria Gonz\u00e1lez Prado<\/h5>\n<p>&nbsp;<\/p>\n<ul>\n<li><em><strong>Edgar Vargas, nuevo director de Marketing y Relaci\u00f3n con Proveedores de <\/strong><\/em><strong>PriceTravel Holding<\/strong><\/li>\n<\/ul>\n<p>&nbsp;<\/p>\n<div id=\"attachment_430953\" style=\"width: 470px\" class=\"wp-caption aligncenter\"><a href=\"https:\/\/www.diarioimagen.net\/?attachment_id=430953\" rel=\"attachment wp-att-430953\"><img loading=\"lazy\" decoding=\"async\" aria-describedby=\"caption-attachment-430953\" class=\"size-large wp-image-430953\" src=\"https:\/\/www.diarioimagen.net\/wp-content\/uploads\/2019\/06\/turismo-5-460x259.jpg\" alt=\"\" width=\"460\" height=\"259\" srcset=\"https:\/\/www.diarioimagen.net\/wp-content\/uploads\/2019\/06\/turismo-5-460x259.jpg 460w, https:\/\/www.diarioimagen.net\/wp-content\/uploads\/2019\/06\/turismo-5-240x135.jpg 240w, https:\/\/www.diarioimagen.net\/wp-content\/uploads\/2019\/06\/turismo-5-235x132.jpg 235w, https:\/\/www.diarioimagen.net\/wp-content\/uploads\/2019\/06\/turismo-5-202x114.jpg 202w, https:\/\/www.diarioimagen.net\/wp-content\/uploads\/2019\/06\/turismo-5-350x196.jpg 350w, https:\/\/www.diarioimagen.net\/wp-content\/uploads\/2019\/06\/turismo-5-220x123.jpg 220w, https:\/\/www.diarioimagen.net\/wp-content\/uploads\/2019\/06\/turismo-5-237x132.jpg 237w, https:\/\/www.diarioimagen.net\/wp-content\/uploads\/2019\/06\/turismo-5.jpg 480w\" sizes=\"auto, (max-width: 460px) 100vw, 460px\" \/><\/a><p id=\"caption-attachment-430953\" class=\"wp-caption-text\">Los organizadores de iLove Europe reunieron a prestadores de servicios de ese continente.<\/p><\/div>\n<p>&nbsp;<\/p>\n<p><strong>Melanie Belin<\/strong>, <strong>Peter Luther<\/strong>, <strong>Fritzi Luc<\/strong>a, <strong>Fabrizio Lanzafame<\/strong>, directores de las oficinas de Turismo de Francia, Rep\u00fablica Checa, Alemania e Italia, organizaron, una vez m\u00e1s, <em>ilove Europe, <\/em>con el prop\u00f3sito de dar a conocer a los agentes de viajes y operadores tur\u00edsticos la oferta que ofrece Europa a los viajeros mexicanos.<\/p>\n<p>En el <em>workshop, <\/em>dirigido a profesionales del turismo, participaron 21 proveedores de servicios tur\u00edsticos europeos, que saben que los turistas mexicanos perciben a Europa como conjunto, con especificidades locales, pero de f\u00e1cil conectividad y con distancias cortas entre diferentes ciudades y pa\u00edses.<\/p>\n<p>As\u00ed, los 21 participantes ofrecieron lo mejor de sus servicios a las agencias de viajes y operadores mayoristas. De ellos: Alitalia, \u00fanica aerol\u00ednea que ofrece vuelos directos desde la Ciudad de M\u00e9xico a Roma, y conectar a otros destinos dentro de la red de vuelos de\u00a0 hacia el resto de Europa y Medio Oriente.<\/p>\n<p><em>Air France-KLM <\/em>con red y oferta en aumento, con la garant\u00eda de experiencia de viaje que supere las expectativas de sus clientes. Sus dos <em>hubs,<\/em> Charles de Gaulle y Schiphol, se encuentran entre los principales de Europa. Conecta a M\u00e9xico con los 302 destinos, en 114 pa\u00edses, que componen la red Air France-KLM.<\/p>\n<p><em>Bipel Incoming, <\/em>agencia especializada en peregrinaciones y viajes culturales a Francia, Espa\u00f1a, Portugal, Italia, B\u00e9lgica, Alemania, Suiza y otros pa\u00edses de Europa del Este.<\/p>\n<p><em>Explorers Hotels.<\/em> Con 390 habitaciones que pueden acoger hasta 10 personas, el inmueble de Marne-la-Vall\u00e9e es para todas las familias deseosas de prolongar la magia de su estancia en <em>Disneyland\u00a0 Paris. <\/em><\/p>\n<p><strong>Henri Willig <\/strong>es el fabricante de quesos n\u00famero uno en los Pa\u00edses Bajos, con varias ubicaciones en el pa\u00eds donde puede degustar y experimentar los deliciosos quesos. Ofrece recorridos para ver el proceso de orde\u00f1o, zapatero de madera, peque\u00f1o museo del queso o participar en degustaci\u00f3n de quesos de 45 minutos.<\/p>\n<p><em>Holland Palett,<\/em> especialista en Holanda, B\u00e9lgica y Luxemburgo en organizar programas completos para grupos e individuales con la posibilidad de hacer extensiones en Par\u00eds, expertos en confeccionar el programa perfecto a la medida, seg\u00fan los deseos y gustos de los clientes.<\/p>\n<p><em>La Boh\u00e8me<\/em> es el \u201cDestination Management Company\u201d (DMC), Agencias Tur\u00edsticas Integradoras Locales, l\u00edder en Rep\u00fablica Checa ofrece servicios a clientes en todo el mundo con servicios profesionales personalizados para reuniones, incentivos, conferencias y eventos, servicios de alta calidad en las \u00e1reas de alojamiento, transporte, visitas guiadas y excursiones, incentivos y viajes de negocios en Europa Central (Rep\u00fablica Checa, Austria, Alemania, Hungr\u00eda, Polonia y Eslovaquia).<\/p>\n<p><em>Lufthansa Group,<\/em> \u00fanica compa\u00f1\u00eda a\u00e9rea de 5 estrellas de Europa en constante desarrollo. Esto no s\u00f3lo se aplica a los productos y servicios, a los que el grupo exige altos est\u00e1ndares, sino tambi\u00e9n a la identidad visual de la marca, que actualmente se est\u00e1 modernizando y mejorando.<\/p>\n<p><em>Marama Tours Tahiti, <\/em>operador receptivo de Polinesia francesa, l\u00edder en Tahit\u00ed\u00a0\u00a0 con oficinas en Am\u00e9rica dedicada a mercados latinoamericanos y especializado en Polinesia, experto en las 118 islas, brinda excelente servicio.<\/p>\n<p><em>Maranatha Hotels<\/em> integra todos los comercios de la cadena de valor del hotel: inversi\u00f3n financiera, creaci\u00f3n de riqueza y gesti\u00f3n hotelera. Descubra nuestro grupo hotelero y sus soluciones de inversi\u00f3n en hoteles abiertas a Pymes, pero tambi\u00e9n al p\u00fablico en general. Renovaciones relevantes, con la necesaria intervenci\u00f3n de dise\u00f1adores de renombre para crear lugares con una personalidad \u00fanica. Hoteles de prestigio que agregan valor a cada compra y renovaci\u00f3n.<\/p>\n<p><em>Oceania Hotels<\/em>, inmuebles con dise\u00f1o de espacios hechos a la medida para transformar el confort en convivencia. De esta manera, cada encuentro, cada viaje y cada noche se vuelven \u00fanicos.<\/p>\n<p><em>Premium incoming,<\/em> DMC europeo y <em>tour<\/em> operador receptivo ofrece soluciones integrales para clientes vacacionales y corporativos, con servicio de calidad y condiciones altamente competitivas.<\/p>\n<p><em>Rail Europe, <\/em>l\u00edder en distribuci\u00f3n de productos de tren europeos. \u00danico sitio para planificar y comprar viajes de tren en Europa y otros productos. Desde pases de tren hasta <em>tickets<\/em> y reservas, ofrece acceso sin parang\u00f3n a gran variedad de productos de tren de m\u00e1s de 50 empresas europeas.<\/p>\n<p><em>Switzerland Travel Center brinda<\/em> f\u00e1cil acceso al destino de vacaciones, que apoyan a clientes directos y operadores tur\u00edsticos para planificar y reservar viajes en Suiza.<\/p>\n<p><em>Bonne Maman, <\/em>mermelada francesa gourmet, ahora en M\u00e9xico. Utilizan solo\u00a0 fruta y az\u00facar 100 por ciento natural. Sin colorantes, ni saborizantes artificiales, no contienen OGM (organismos gen\u00e9ricamente modificados) y cuenta con certificaci\u00f3n <em>Kosher.<\/em><\/p>\n<p><em>Amadeus<\/em> crea soluciones de gran importancia que ayudan a aerol\u00edneas, aeropuertos, hoteles, compa\u00f1\u00edas ferroviarias, motores de b\u00fasqueda, agencias de viajes, turoperadores y otros actores principales de la industria de los viajes a mejorar la experiencia de viaje en innumerables ocasiones cada a\u00f1o a escala mundial.<\/p>\n<p>\u2730\u2730\u2730\u2730\u2730 <strong>Edgar Vargas<\/strong> es el nuevo director de Marketing y Relaci\u00f3n con Proveedores, nombrado por el Consejo de Administraci\u00f3n de <em>PriceTravel Holding.<\/em><\/p>\n<p>Con carrera s\u00f3lida en la industria tur\u00edstica y de comercio electr\u00f3nico, <strong>Edgar<\/strong> acept\u00f3 este importante rol ejecutivo para crecer y fortalecer el portafolio de producto diferenciado, que la compa\u00f1\u00eda ofrece a sus clientes, socios comerciales y agencias de viajes afiliadas en M\u00e9xico y Colombia.<\/p>\n<p>El directivo comenz\u00f3 su carrera en <em>PriceTravel Holding<\/em>, ocupando diversos cargos. El m\u00e1s reciente domo director de Cuentas Globales, cargo en el que demostr\u00f3 gran profesionalismo, liderazgo y reconocimiento en el sector.<\/p>\n<p><strong>Jorge Restrepo<\/strong>, <em>Chief Operating Officer<\/em> de la empresa asegur\u00f3: \u201csu vasta experiencia y excelente manejo de equipos de alto rendimiento, ser\u00e1n pieza clave para los planes y pr\u00f3ximos proyectos de nuestra empresa. <strong>Edgar Vargas<\/strong> cuenta con licenciatura en Administraci\u00f3n y Estrategia de Negocios por el Instituto Tecnol\u00f3gico y de Estudios Superiores de Monterrey\u201d.<\/p>\n<p><strong>\u201cEl \u00c1ngel de la Fama tiene sus alas hechas de papel&#8230; peri\u00f3dico\u201d.<\/strong><\/p>\n<p><em><a href=\"mailto:victoriagprado@gmail.com\" target=\"_blank\" rel=\"noopener noreferrer\">victoriagprado@gmail.com<\/a><\/em><br \/>\n<em>Twitter: <a href=\"https:\/\/twitter.com\/victoriagprado\" target=\"_blank\" rel=\"noopener noreferrer\">@victoriagprado<\/a><\/em><\/p>\n","protected":false},"excerpt":{"rendered":"<p><strong>Melanie Belin<\/strong>, <strong>Peter Luther<\/strong>, <strong>Fritzi Luc<\/strong>a, <strong>Fabrizio Lanzafame<\/strong>, directores de las oficinas de Turismo de Francia, Rep\u00fablica Checa, Alemania e Italia, organizaron, una vez m\u00e1s, <em>ilove Europe, <\/em>con el prop\u00f3sito de dar a conocer a los agentes de viajes y operadores tur\u00edsticos la oferta que ofrece Europa a los viajeros mexicanos.<\/p>\n","protected":false},"author":3,"featured_media":430953,"comment_status":"open","ping_status":"open","sticky":false,"template":"","format":"standard","meta":{"_monsterinsights_skip_tracking":false,"_monsterinsights_sitenote_active":false,"_monsterinsights_sitenote_note":"","_monsterinsights_sitenote_category":0,"footnotes":""},"categories":[11],"tags":[107,43674,43681,106],"class_list":["post-430936","post","type-post","status-publish","format-standard","has-post-thumbnail","hentry","category-turismo","tag-de-cinco-estrellas","tag-opinion","tag-turismo","tag-victoria-gonzalez-prado"],"_links":{"self":[{"href":"https:\/\/www.diarioimagen.net\/index.php?rest_route=\/wp\/v2\/posts\/430936","targetHints":{"allow":["GET"]}}],"collection":[{"href":"https:\/\/www.diarioimagen.net\/index.php?rest_route=\/wp\/v2\/posts"}],"about":[{"href":"https:\/\/www.diarioimagen.net\/index.php?rest_route=\/wp\/v2\/types\/post"}],"author":[{"embeddable":true,"href":"https:\/\/www.diarioimagen.net\/index.php?rest_route=\/wp\/v2\/users\/3"}],"replies":[{"embeddable":true,"href":"https:\/\/www.diarioimagen.net\/index.php?rest_route=%2Fwp%2Fv2%2Fcomments&post=430936"}],"version-history":[{"count":0,"href":"https:\/\/www.diarioimagen.net\/index.php?rest_route=\/wp\/v2\/posts\/430936\/revisions"}],"wp:featuredmedia":[{"embeddable":true,"href":"https:\/\/www.diarioimagen.net\/index.php?rest_route=\/wp\/v2\/media\/430953"}],"wp:attachment":[{"href":"https:\/\/www.diarioimagen.net\/index.php?rest_route=%2Fwp%2Fv2%2Fmedia&parent=430936"}],"wp:term":[{"taxonomy":"category","embeddable":true,"href":"https:\/\/www.diarioimagen.net\/index.php?rest_route=%2Fwp%2Fv2%2Fcategories&post=430936"},{"taxonomy":"post_tag","embeddable":true,"href":"https:\/\/www.diarioimagen.net\/index.php?rest_route=%2Fwp%2Fv2%2Ftags&post=430936"}],"curies":[{"name":"wp","href":"https:\/\/api.w.org\/{rel}","templated":true}]}}