{"id":430997,"date":"2019-06-10T00:05:36","date_gmt":"2019-06-10T05:05:36","guid":{"rendered":"https:\/\/www.diarioimagen.net\/?p=430997"},"modified":"2019-06-10T08:34:27","modified_gmt":"2019-06-10T13:34:27","slug":"el-aumento-de-violencia-y-acoso-laboral-seran-analizados-por-miembros-de-clate","status":"publish","type":"post","link":"https:\/\/www.diarioimagen.net\/?p=430997","title":{"rendered":"El aumento de violencia y acoso laboral\u00a0ser\u00e1n analizados por miembros de CLATE"},"content":{"rendered":"<ul>\n<li><em><b>Federaciones de Trabajadores Estatales<\/b><\/em><\/li>\n<\/ul>\n<p>&nbsp;<\/p>\n<div id=\"attachment_430998\" style=\"width: 300px\" class=\"wp-caption alignleft\"><a href=\"https:\/\/www.diarioimagen.net\/?attachment_id=430998\" rel=\"attachment wp-att-430998\"><img loading=\"lazy\" decoding=\"async\" aria-describedby=\"caption-attachment-430998\" class=\" wp-image-430998\" src=\"https:\/\/www.diarioimagen.net\/wp-content\/uploads\/2019\/06\/NAUCALPAN-10-BIS.jpg\" alt=\"\" width=\"290\" height=\"284\" srcset=\"https:\/\/www.diarioimagen.net\/wp-content\/uploads\/2019\/06\/NAUCALPAN-10-BIS.jpg 455w, https:\/\/www.diarioimagen.net\/wp-content\/uploads\/2019\/06\/NAUCALPAN-10-BIS-240x235.jpg 240w, https:\/\/www.diarioimagen.net\/wp-content\/uploads\/2019\/06\/NAUCALPAN-10-BIS-50x50.jpg 50w, https:\/\/www.diarioimagen.net\/wp-content\/uploads\/2019\/06\/NAUCALPAN-10-BIS-70x70.jpg 70w\" sizes=\"auto, (max-width: 290px) 100vw, 290px\" \/><\/a><p id=\"caption-attachment-430998\" class=\"wp-caption-text\">David Parra S\u00e1nchez \u00a0reconoci\u00f3 que, \u00a0efectivamente, \u00a0\u201cpor desgracia la violencia y el acoso laboral en contra de mujeres en el mundo laboral va en aumento\u201d.<\/p><\/div>\n<p><strong>Naucalpan, Estado de M\u00e9xico-<\/strong> Temas importantes \u00a0como son la violencia y acoso laboral a nivel mundial, debates y eventos tem\u00e1ticos relacionados con el futuro\u00a0 del trabajo, (incluidas varias iniciativas) propuestas y programas de \u00edndole laboral, entre otras, se desarrollar\u00e1n durante la reuni\u00f3n anual de la Confederaci\u00f3n Latinoamericana y del Caribe de Trabajadores Estatales (CLATE)\u00a0 y en la cual,\u00a0 el Estado de M\u00e9xico\u00a0est\u00e1 incluido.<\/p>\n<p>Asegur\u00f3 en entrevista,\u00a0 David Parra S\u00e1nchez, \u00a0asesor general de la Confederaci\u00f3n de Servicios P\u00fablicos de los Poderes de los Estados, Municipios e Instituciones Descentralizadas de la Rep\u00fablica Mexicana (CONFEPIDER), luego de reconocer que, \u00a0efectivamente, \u00a0\u201cpor desgracia la violencia y el acoso laboral en contra de mujeres e inclusive hombres\u00a0 en el mundo del trabajo va en aumento, es por ello necesario que existan leyes m\u00e1s estrictas y severas en este tema \u201c, afirm\u00f3.<\/p>\n<p>En la\u00a0 108 reuni\u00f3n de la CLATE y cuyo presidente es el argentino Julio Durval Fuentes,\u00a0 \u00a0se desarrollar\u00e1 del 10 al 21 del mes y a\u00f1o en curso en Ginebra, Suiza, se tocar\u00e1n seis\u00a0 puntos, entre los que destacan, informes del presidente del \u00f3rgano\u00a0 rector y del director general de dicha Confederaci\u00f3n,\u00a0 informaci\u00f3n sobre la aplicaci\u00f3n de convenios\u00a0 y recomendaciones, as\u00ed como\u00a0 debates\u00a0 y eventos tem\u00e1ticos\u00a0 relacionados con el futuro del trabajo, entre otros.<\/p>\n<p>El asesor general de la CONFEPIDER, destac\u00f3 que las recientes reformas laborales en nuestro pa\u00eds, tambi\u00e9n ser\u00e1n tema central de CLATE, en donde adem\u00e1s\u00a0 se analizar\u00e1n y discutir\u00e1n, reiter\u00f3 la violencia y acoso laboral de que son v\u00edctimas la clase trabajadora a nivel mundial.<\/p>\n<p>Por otra parte,\u00a0 el secretario general del Sindicato \u00danico de Trabajadores del Estado y sus Municipios (SUTEyM), Hermino Cahue Calder\u00f3n y vicepresidente de CLATE , as\u00ed como \u00a0Ren\u00e9 Palomares Parra, Presidente del Comit\u00e9 de Vigilancia e Investigaci\u00f3n, \u00a0coincidieron que dicho sindicato est\u00e1 preparado para enfrentar los nuevos retos\u00a0 que habr\u00e1n de enfrentar en el futuro inmediato.<\/p>\n<p>Finalmente, David Parra S\u00e1nchez, abund\u00f3 que\u00a0 \u201cen M\u00e9xico, el acoso laboral es muy com\u00fan y su propagaci\u00f3n puede estar relacionada con la cultura que otorga poco valor al clima de respeto que debe de prevalecer entre los miembros de un espacio laboral\u201d.<\/p>\n","protected":false},"excerpt":{"rendered":"<p>Temas importantes \u00a0como son la violencia y acoso laboral a nivel mundial, debates y eventos tem\u00e1ticos relacionados con el futuro\u00a0 del trabajo, (incluidas varias iniciativas) propuestas y programas de \u00edndole laboral, entre otras, se desarrollar\u00e1n durante la reuni\u00f3n anual de la Confederaci\u00f3n Latinoamericana y del Caribe de Trabajadores Estatales (CLATE)\u00a0 y en la cual,\u00a0 el Estado de M\u00e9xico\u00a0est\u00e1 incluido.<\/p>\n","protected":false},"author":1,"featured_media":430998,"comment_status":"open","ping_status":"open","sticky":false,"template":"","format":"standard","meta":{"_monsterinsights_skip_tracking":false,"_monsterinsights_sitenote_active":false,"_monsterinsights_sitenote_note":"","_monsterinsights_sitenote_category":0,"footnotes":""},"categories":[35155],"tags":[43675,970],"class_list":["post-430997","post","type-post","status-publish","format-standard","has-post-thumbnail","hentry","category-estado-de-mexico-estado-de-mexico","tag-estado-de-mexico","tag-naucalpan"],"_links":{"self":[{"href":"https:\/\/www.diarioimagen.net\/index.php?rest_route=\/wp\/v2\/posts\/430997","targetHints":{"allow":["GET"]}}],"collection":[{"href":"https:\/\/www.diarioimagen.net\/index.php?rest_route=\/wp\/v2\/posts"}],"about":[{"href":"https:\/\/www.diarioimagen.net\/index.php?rest_route=\/wp\/v2\/types\/post"}],"author":[{"embeddable":true,"href":"https:\/\/www.diarioimagen.net\/index.php?rest_route=\/wp\/v2\/users\/1"}],"replies":[{"embeddable":true,"href":"https:\/\/www.diarioimagen.net\/index.php?rest_route=%2Fwp%2Fv2%2Fcomments&post=430997"}],"version-history":[{"count":0,"href":"https:\/\/www.diarioimagen.net\/index.php?rest_route=\/wp\/v2\/posts\/430997\/revisions"}],"wp:featuredmedia":[{"embeddable":true,"href":"https:\/\/www.diarioimagen.net\/index.php?rest_route=\/wp\/v2\/media\/430998"}],"wp:attachment":[{"href":"https:\/\/www.diarioimagen.net\/index.php?rest_route=%2Fwp%2Fv2%2Fmedia&parent=430997"}],"wp:term":[{"taxonomy":"category","embeddable":true,"href":"https:\/\/www.diarioimagen.net\/index.php?rest_route=%2Fwp%2Fv2%2Fcategories&post=430997"},{"taxonomy":"post_tag","embeddable":true,"href":"https:\/\/www.diarioimagen.net\/index.php?rest_route=%2Fwp%2Fv2%2Ftags&post=430997"}],"curies":[{"name":"wp","href":"https:\/\/api.w.org\/{rel}","templated":true}]}}