{"id":431000,"date":"2019-06-10T00:04:28","date_gmt":"2019-06-10T05:04:28","guid":{"rendered":"https:\/\/www.diarioimagen.net\/?p=431000"},"modified":"2019-06-10T08:42:30","modified_gmt":"2019-06-10T13:42:30","slug":"realizan-en-tlalnepantla-carrera-atletica-ecorre","status":"publish","type":"post","link":"https:\/\/www.diarioimagen.net\/?p=431000","title":{"rendered":"Realizan en Tlalnepantla carrera atl\u00e9tica \u2018Ecorre\u2019"},"content":{"rendered":"<p><a href=\"https:\/\/www.diarioimagen.net\/?attachment_id=431001\" rel=\"attachment wp-att-431001\"><img loading=\"lazy\" decoding=\"async\" class=\"aligncenter size-large wp-image-431001\" src=\"https:\/\/www.diarioimagen.net\/wp-content\/uploads\/2019\/06\/TLALNEPANTLA-10-460x259.jpg\" alt=\"\" width=\"460\" height=\"259\" srcset=\"https:\/\/www.diarioimagen.net\/wp-content\/uploads\/2019\/06\/TLALNEPANTLA-10-460x259.jpg 460w, https:\/\/www.diarioimagen.net\/wp-content\/uploads\/2019\/06\/TLALNEPANTLA-10-240x135.jpg 240w, https:\/\/www.diarioimagen.net\/wp-content\/uploads\/2019\/06\/TLALNEPANTLA-10-235x132.jpg 235w, https:\/\/www.diarioimagen.net\/wp-content\/uploads\/2019\/06\/TLALNEPANTLA-10-202x114.jpg 202w, https:\/\/www.diarioimagen.net\/wp-content\/uploads\/2019\/06\/TLALNEPANTLA-10-350x196.jpg 350w, https:\/\/www.diarioimagen.net\/wp-content\/uploads\/2019\/06\/TLALNEPANTLA-10-220x123.jpg 220w, https:\/\/www.diarioimagen.net\/wp-content\/uploads\/2019\/06\/TLALNEPANTLA-10-237x132.jpg 237w, https:\/\/www.diarioimagen.net\/wp-content\/uploads\/2019\/06\/TLALNEPANTLA-10.jpg 480w\" sizes=\"auto, (max-width: 460px) 100vw, 460px\" \/><\/a><\/p>\n<p>&nbsp;<\/p>\n<p><b>Tlalnepantla, Estado de M\u00e9xico.-<\/b> Con el prop\u00f3sito de promover la activaci\u00f3n f\u00edsica y el cuidado del medio ambiente, el gobierno de Tlalnepantla realiz\u00f3 la carrera atl\u00e9tica \u2018Ecorre\u2019 con la participaci\u00f3n de m\u00e1s de 300 competidores, en el Centro de Educaci\u00f3n Ambiental del Parque Estatal Sierra de Guadalupe.<\/p>\n<p>Autoridades de la Direcci\u00f3n de Sustentabilidad Ambiental y Movilidad, as\u00ed como del Instituto Municipal de Cultura F\u00edsica, Deporte y Juventud, se\u00f1alaron que esta competencia marca el cierre de una serie de actividades llevadas a cabo durante la Semana del Medio Ambiente, en el Marco del D\u00eda Mundial del Medio Ambiente.<\/p>\n","protected":false},"excerpt":{"rendered":"<p>Con el prop\u00f3sito de promover la activaci\u00f3n f\u00edsica y el cuidado del medio ambiente, el gobierno de Tlalnepantla realiz\u00f3 la carrera atl\u00e9tica \u2018Ecorre\u2019 con la participaci\u00f3n de m\u00e1s de 300 competidores, en el Centro de Educaci\u00f3n Ambiental del Parque Estatal Sierra de Guadalupe.<\/p>\n","protected":false},"author":1,"featured_media":431001,"comment_status":"open","ping_status":"open","sticky":false,"template":"","format":"standard","meta":{"_monsterinsights_skip_tracking":false,"_monsterinsights_sitenote_active":false,"_monsterinsights_sitenote_note":"","_monsterinsights_sitenote_category":0,"footnotes":""},"categories":[35155],"tags":[43675,169],"class_list":["post-431000","post","type-post","status-publish","format-standard","has-post-thumbnail","hentry","category-estado-de-mexico-estado-de-mexico","tag-estado-de-mexico","tag-tlalnepantla"],"_links":{"self":[{"href":"https:\/\/www.diarioimagen.net\/index.php?rest_route=\/wp\/v2\/posts\/431000","targetHints":{"allow":["GET"]}}],"collection":[{"href":"https:\/\/www.diarioimagen.net\/index.php?rest_route=\/wp\/v2\/posts"}],"about":[{"href":"https:\/\/www.diarioimagen.net\/index.php?rest_route=\/wp\/v2\/types\/post"}],"author":[{"embeddable":true,"href":"https:\/\/www.diarioimagen.net\/index.php?rest_route=\/wp\/v2\/users\/1"}],"replies":[{"embeddable":true,"href":"https:\/\/www.diarioimagen.net\/index.php?rest_route=%2Fwp%2Fv2%2Fcomments&post=431000"}],"version-history":[{"count":0,"href":"https:\/\/www.diarioimagen.net\/index.php?rest_route=\/wp\/v2\/posts\/431000\/revisions"}],"wp:featuredmedia":[{"embeddable":true,"href":"https:\/\/www.diarioimagen.net\/index.php?rest_route=\/wp\/v2\/media\/431001"}],"wp:attachment":[{"href":"https:\/\/www.diarioimagen.net\/index.php?rest_route=%2Fwp%2Fv2%2Fmedia&parent=431000"}],"wp:term":[{"taxonomy":"category","embeddable":true,"href":"https:\/\/www.diarioimagen.net\/index.php?rest_route=%2Fwp%2Fv2%2Fcategories&post=431000"},{"taxonomy":"post_tag","embeddable":true,"href":"https:\/\/www.diarioimagen.net\/index.php?rest_route=%2Fwp%2Fv2%2Ftags&post=431000"}],"curies":[{"name":"wp","href":"https:\/\/api.w.org\/{rel}","templated":true}]}}