{"id":431014,"date":"2019-06-11T00:07:33","date_gmt":"2019-06-11T05:07:33","guid":{"rendered":"https:\/\/www.diarioimagen.net\/?p=431014"},"modified":"2019-06-12T03:01:05","modified_gmt":"2019-06-12T08:01:05","slug":"amlo-pidio-a-trump-90-dias-para-decisiones-sobre-plan-migratorio","status":"publish","type":"post","link":"https:\/\/www.diarioimagen.net\/?p=431014","title":{"rendered":"Lo importante es que se logr\u00f3 detener imposici\u00f3n de aranceles, dice AMLO"},"content":{"rendered":"<ul>\n<li><em><strong>Se dice satisfecho por resultado de negociaciones<\/strong><\/em><\/li>\n<li><em><strong>Afirma el Presidente que lo que cuenta en pol\u00edtica es mantener principios y resultados<\/strong><\/em><\/li>\n<\/ul>\n<p>&nbsp;<\/p>\n<div id=\"attachment_431015\" style=\"width: 470px\" class=\"wp-caption aligncenter\"><img loading=\"lazy\" decoding=\"async\" aria-describedby=\"caption-attachment-431015\" class=\"size-large wp-image-431015\" src=\"https:\/\/www.diarioimagen.net\/wp-content\/uploads\/2019\/06\/AMLO11-PORTAL-460x268.jpg\" alt=\"\" width=\"460\" height=\"268\" srcset=\"https:\/\/www.diarioimagen.net\/wp-content\/uploads\/2019\/06\/AMLO11-PORTAL-460x268.jpg 460w, https:\/\/www.diarioimagen.net\/wp-content\/uploads\/2019\/06\/AMLO11-PORTAL-240x140.jpg 240w, https:\/\/www.diarioimagen.net\/wp-content\/uploads\/2019\/06\/AMLO11-PORTAL.jpg 480w\" sizes=\"auto, (max-width: 460px) 100vw, 460px\" \/><p id=\"caption-attachment-431015\" class=\"wp-caption-text\">Andr\u00e9s Manuel L\u00f3pez Obrador afirm\u00f3 que lo importante es que se logr\u00f3 detener la imposici\u00f3n de aranceles por parte de EU.<\/p><\/div>\n<p>&nbsp;<\/p>\n<p>El presidente Andr\u00e9s Manuel L\u00f3pez Obrador reconoci\u00f3 que si bien la semana que concluy\u00f3 fue muy dif\u00edcil para el pa\u00eds, lo importante es que se logr\u00f3 detener la imposici\u00f3n de aranceles por parte de Estados Unidos, que entrar\u00edan en vigor a partir de ayer lunes.<\/p>\n<p>\u201cLo que cuenta en pol\u00edtica es mantener principios y resultados\u201d, dijo durante la conferencia de prensa en Palacio Nacional, donde estuvo acompa\u00f1ado por el canciller Marcelo Ebrard Casaub\u00f3n y el subsecretario de Gobernaci\u00f3n, Alejandro Encinas Rodr\u00edguez.<\/p>\n<p>\u201cYa pas\u00f3 la semana dif\u00edcil. Lo cierto es que s\u00ed se vivieron 10 d\u00edas complicados por el tema de los aranceles, la decisi\u00f3n de imponer esos impuestos a las mercanc\u00edas que se producen en M\u00e9xico y se venden en Estados Unidos\u201d.<\/p>\n<p>Destac\u00f3 la participaci\u00f3n de la delegaci\u00f3n mexicana en Washington, encabezada por Ebrard; \u201cestuvo muy bien nuestra delegaci\u00f3n en Washington, finalmente fueron buenos los resultados. Lo mejor que no entran en vigor esos aranceles\u201d.<\/p>\n<p>\u201cAun cuando la evaluaci\u00f3n comienza en 45 d\u00edas (los resultados) yo propuse, y el pa\u00eds est\u00e1 en el acuerdo, que cualquier decisi\u00f3n que se tome se haga en un plazo de 90 d\u00edas\u201d, abund\u00f3 el Ejecutivo federal, tras mencionar la conversaci\u00f3n por tel\u00e9fono que sostuvo con el presidente de Estados Unidos, Donald Trump.<\/p>\n<p>En ese contexto dijo que est\u00e1 satisfecho con las negociaciones alcanzadas con el\u00a0 pa\u00eds del norte, pues se evit\u00f3 una crisis financiera y econ\u00f3mica en el pa\u00eds.<\/p>\n<p>\u201cEstoy contento y satisfecho con el acuerdo que se alcanz\u00f3 con el gobierno de Estados Unidos. Estoy muy contento, feliz porque evitamos una crisis econ\u00f3mica financiera. No era una cosa menor. Los economistas, hasta los que no nos ven con buenos ojos sab\u00edan del impacto que iban a tener los aranceles, la aplicaci\u00f3n de esas medidas unilaterales\u201d.<\/p>\n<p>L\u00f3pez Obrador remarc\u00f3 que la imposici\u00f3n de aranceles hubiera tra\u00eddo graves consecuencias a la econom\u00eda nacional, a las variables macroecon\u00f3micas, as\u00ed como a las inversiones y el empleo.<\/p>\n<p>\u201cEs cosa de imaginar c\u00f3mo se estar\u00eda iniciando esta semana con la aplicaci\u00f3n de aranceles\u201d, dijo al mostrar el comportamiento positivo que tuvo el peso frente al d\u00f3lar al ubicarse en 19.27 pesos. \u201cNuestra moneda, estoy seguro, se va apreciar a partir de este suceso\u201d.<\/p>\n<p>El mandatario federal destac\u00f3 que la pol\u00edtica es de principios, pero tambi\u00e9n de eficacia y de resultados, por ello dio a conocer que este lunes sostendr\u00e1 una reuni\u00f3n con su gabinete para la implementaci\u00f3n del plan que permita cumplir los compromisos asumidos con Estados Unidos y evitar en el futuro cualquier amenaza de imposici\u00f3n de aranceles. Sobre la aprobaci\u00f3n del Tratado entre M\u00e9xico, Estados Unidos y Canad\u00e1 (T-MEC), coment\u00f3 que, respetando la autonom\u00eda del Senado de la Rep\u00fablica, \u201cpuedo decir que hay un ambiente pol\u00edtico, dir\u00eda inmejorable, para que se ratifique\u201d.<\/p>\n<p>Dijo que cuenta con informaci\u00f3n de que\u00a0 la ratificaci\u00f3n del T-MEC es el primer tema que se abordar\u00e1 durante el referido periodo extraordinario. \u201cPuedo asegurar que, en una semana o la pr\u00f3xima se va a ratificar por parte del Senado mexicano el tratado. Esto va ayudar mucho, lo vamos a hacer primero, con todo respeto, que en Canad\u00e1 y Estados Unidos\u201d. \u201cEllo va a significar que estamos cumpliendo con los compromisos y va hacer una buena noticia en M\u00e9xico y en el mundo\u201d.<\/p>\n<p style=\"text-align: center;\"><strong>Gobierno federal refrenda compromiso en favor de la seguridad <\/strong><\/p>\n<p>Luego de lamentar y enviar condolencias a familiares y amigos del estudiante Norberto Ronquillo Hern\u00e1ndez, cuyo cuerpo fue encontrado ayer lunes, el presidente Andr\u00e9s Manuel L\u00f3pez Obrador refrend\u00f3 el compromiso de su gobierno para garantizar la paz y la tranquilidad en el pa\u00eds.<\/p>\n<p>\u201cEstamos trabajando. Esa es una asignatura pendiente: garantizar la paz y la tranquilidad en el pa\u00eds y en la Ciudad de M\u00e9xico; estamos ocupados y preocupados. Lamentamos mucho estos casos, nos duelen mucho, lo digo de manera sincera.<\/p>\n<p>\u201cEstamos trabajando para que haya paz y vamos a tener resultados cada vez mejores porque se est\u00e1 actuando\u201d, se\u00f1al\u00f3 en conferencia de prensa en Palacio Nacional.<\/p>\n<p>La Procuradur\u00eda General de Justicia de la Ciudad de M\u00e9xico inform\u00f3 que la ma\u00f1ana de ayer lunes se localiz\u00f3 el cuerpo del universitario de 22 a\u00f1os en la alcald\u00eda Xochimilco, quien hab\u00eda sido reportado como secuestrado.<\/p>\n<p>L\u00f3pez Obrador destac\u00f3 que cuando fue jefe de gobierno, del entonces Distrito Federal, se redujo la incidencia delictiva y se mantuvo durante mucho tiempo esa tendencia, al igual que durante la administraci\u00f3n de Alejandro Encinas Rodr\u00edguez y luego con Marcelo Ebrard Casaub\u00f3n, y ah\u00ed est\u00e1n los resultados. \u201cBajaron los homicidios, secuestros, robos en general\u201d.<\/p>\n<p>\u201cDesgraciadamente, en los \u00faltimos tiempos, no en todo el gobierno anterior, en el Distrito Federal, ahora Ciudad de M\u00e9xico, no en todo, en los \u00faltimos a\u00f1os, se descuid\u00f3 la atenci\u00f3n en materia de seguridad y aument\u00f3 la incidencia delictiva, por eso, ahora se tienen m\u00e1s problemas pero ya se est\u00e1n atendiendo\u201d. El Ejecutivo federal mencion\u00f3 que la jefa de Gobierno, Claudia Sheinbaum Pardo, todos los d\u00edas se re\u00fane temprano para atender la demanda justa de que haya tranquilidad en la Ciudad de M\u00e9xico y en el pa\u00eds.<\/p>\n","protected":false},"excerpt":{"rendered":"<p>El presidente Andr\u00e9s Manuel L\u00f3pez Obrador reconoci\u00f3 que si bien la semana que concluy\u00f3 fue muy dif\u00edcil para el pa\u00eds, lo importante es que se logr\u00f3 detener la imposici\u00f3n de aranceles por parte de Estados Unidos, que entrar\u00edan en vigor a partir de ayer lunes.<\/p>\n","protected":false},"author":5,"featured_media":431015,"comment_status":"open","ping_status":"open","sticky":false,"template":"","format":"standard","meta":{"_monsterinsights_skip_tracking":false,"_monsterinsights_sitenote_active":false,"_monsterinsights_sitenote_note":"","_monsterinsights_sitenote_category":0,"footnotes":""},"categories":[8],"tags":[15333,2545,1352,71460,72582,7350,43673,373,81011,85953],"class_list":["post-431014","post","type-post","status-publish","format-standard","has-post-thumbnail","hentry","category-finanzas","tag-alejandro-encinas-rodriguez","tag-amlo","tag-andres-manuel-lopez-obrador","tag-aranceles","tag-detener","tag-marcelo-ebrard-casaubon","tag-nacional","tag-palacio-nacional","tag-plan-migratorio","tag-trump-90-dias"],"_links":{"self":[{"href":"https:\/\/www.diarioimagen.net\/index.php?rest_route=\/wp\/v2\/posts\/431014","targetHints":{"allow":["GET"]}}],"collection":[{"href":"https:\/\/www.diarioimagen.net\/index.php?rest_route=\/wp\/v2\/posts"}],"about":[{"href":"https:\/\/www.diarioimagen.net\/index.php?rest_route=\/wp\/v2\/types\/post"}],"author":[{"embeddable":true,"href":"https:\/\/www.diarioimagen.net\/index.php?rest_route=\/wp\/v2\/users\/5"}],"replies":[{"embeddable":true,"href":"https:\/\/www.diarioimagen.net\/index.php?rest_route=%2Fwp%2Fv2%2Fcomments&post=431014"}],"version-history":[{"count":0,"href":"https:\/\/www.diarioimagen.net\/index.php?rest_route=\/wp\/v2\/posts\/431014\/revisions"}],"wp:featuredmedia":[{"embeddable":true,"href":"https:\/\/www.diarioimagen.net\/index.php?rest_route=\/wp\/v2\/media\/431015"}],"wp:attachment":[{"href":"https:\/\/www.diarioimagen.net\/index.php?rest_route=%2Fwp%2Fv2%2Fmedia&parent=431014"}],"wp:term":[{"taxonomy":"category","embeddable":true,"href":"https:\/\/www.diarioimagen.net\/index.php?rest_route=%2Fwp%2Fv2%2Fcategories&post=431014"},{"taxonomy":"post_tag","embeddable":true,"href":"https:\/\/www.diarioimagen.net\/index.php?rest_route=%2Fwp%2Fv2%2Ftags&post=431014"}],"curies":[{"name":"wp","href":"https:\/\/api.w.org\/{rel}","templated":true}]}}