{"id":431079,"date":"2019-06-11T00:08:06","date_gmt":"2019-06-11T05:08:06","guid":{"rendered":"https:\/\/www.diarioimagen.net\/?p=431079"},"modified":"2019-06-11T04:32:36","modified_gmt":"2019-06-11T09:32:36","slug":"autoridades-de-cuautitlan-no-cederan-a-presiones-y-chantajes-de-comerciantes","status":"publish","type":"post","link":"https:\/\/www.diarioimagen.net\/?p=431079","title":{"rendered":"Autoridades de Cuautitl\u00e1n no ceder\u00e1n a presiones y chantajes de comerciantes"},"content":{"rendered":"<ul>\n<li><strong><em>Deben liberarse vialidades: alcalde<\/em><\/strong><\/li>\n<\/ul>\n<p>&nbsp;<\/p>\n<div id=\"attachment_431127\" style=\"width: 470px\" class=\"wp-caption aligncenter\"><a href=\"https:\/\/www.diarioimagen.net\/?attachment_id=431127\" rel=\"attachment wp-att-431127\"><img loading=\"lazy\" decoding=\"async\" aria-describedby=\"caption-attachment-431127\" class=\"size-large wp-image-431127\" src=\"https:\/\/www.diarioimagen.net\/wp-content\/uploads\/2019\/06\/CUAUTITLAN-11-460x259.jpg\" alt=\"\" width=\"460\" height=\"259\" srcset=\"https:\/\/www.diarioimagen.net\/wp-content\/uploads\/2019\/06\/CUAUTITLAN-11-460x259.jpg 460w, https:\/\/www.diarioimagen.net\/wp-content\/uploads\/2019\/06\/CUAUTITLAN-11-240x135.jpg 240w, https:\/\/www.diarioimagen.net\/wp-content\/uploads\/2019\/06\/CUAUTITLAN-11-235x132.jpg 235w, https:\/\/www.diarioimagen.net\/wp-content\/uploads\/2019\/06\/CUAUTITLAN-11-202x114.jpg 202w, https:\/\/www.diarioimagen.net\/wp-content\/uploads\/2019\/06\/CUAUTITLAN-11-350x196.jpg 350w, https:\/\/www.diarioimagen.net\/wp-content\/uploads\/2019\/06\/CUAUTITLAN-11-220x123.jpg 220w, https:\/\/www.diarioimagen.net\/wp-content\/uploads\/2019\/06\/CUAUTITLAN-11-237x132.jpg 237w, https:\/\/www.diarioimagen.net\/wp-content\/uploads\/2019\/06\/CUAUTITLAN-11.jpg 480w\" sizes=\"auto, (max-width: 460px) 100vw, 460px\" \/><\/a><p id=\"caption-attachment-431127\" class=\"wp-caption-text\">Ariel Ju\u00e1rez Rodr\u00edguez, durante su encuentro con l\u00edderes de comerciantes que se establecen los martes en Cuautitl\u00e1n.<\/p><\/div>\n<p>&nbsp;<\/p>\n<p><strong>Cuautitl\u00e1n, Estado de M\u00e9xico<\/strong>.- No cederemos al chantajes y presiones de unos cuantos en detrimento de las condiciones de vida de miles de ciudadanos, se\u00f1al\u00f3 el presidente municipal Ariel Ju\u00e1rez Rodr\u00edguez, durante un encuentro con l\u00edderes de comerciantes que se establecen los d\u00edas martes en Cuautitl\u00e1n.<\/p>\n<p>El justo reclamo de sus necesidades se atender\u00e1 sin menoscabo de sus derechos, pero estos no pueden estar encima de los derechos de la mayor\u00eda, asegur\u00f3 Ju\u00e1rez Rodr\u00edguez y subray\u00f3 que el gobierno municipal estar\u00e1 atento a las necesidades y peticiones de todos los habitantes del municipio, sin importar sus or\u00edgenes.<\/p>\n<p>En la b\u00fasqueda de facilitar la liberaci\u00f3n de vialidades, eficientar el transporte en la zona y mejorar las condiciones de vida de los vecinos que se ven afectados por el tianguis de los martes, no podemos estar ajenos, por lo que realizaremos adecuaciones al actual tianguis, con la liberaci\u00f3n del boulevard Francisco I. Madero conocido como libramiento La Joya, asegur\u00f3 el edil.<\/p>\n<p>En este encuentro con l\u00edderes y comerciantes, el presidente municipal acompa\u00f1ado de los integrantes del cabildo, reconoci\u00f3 la importancia de este sector econ\u00f3mico el cual congrega a miles de personas todos los martes en b\u00fasqueda de productos y servicios diversos, de ah\u00ed que se busque mejorar las condiciones de vendedores y compradores.<\/p>\n<p>Ariel Ju\u00e1rez indic\u00f3 que no se actuar\u00e1 en contra de la fuente de trabajo de los comerciantes quienes durante muchos a\u00f1os han encontrado en Cuautitl\u00e1n un sitio de crecimiento econ\u00f3mico, sino en trabajar poniendo orden en vialidades primarias que son ocupadas al ejercer este derecho, recalc\u00f3 ante los comerciantes que se dieron cita durante la celebraci\u00f3n de la sesi\u00f3n de cabildo itinerante realizada en el conjunto urbano La Guadalupana.<\/p>\n<p>Como parte de los acuerdos realizados tras puntualizar sus necesidades, los comerciantes y autoridades municipales, realizar\u00edan la revisi\u00f3n del terreno donde se plantea su reubicaci\u00f3n y de igual forma se tomar\u00edan decisiones inmediatas para concretar su cambio para el pr\u00f3ximo d\u00eda martes.<\/p>\n","protected":false},"excerpt":{"rendered":"<p>No cederemos al chantajes y presiones de unos cuantos en detrimento de las condiciones de vida de miles de ciudadanos, se\u00f1al\u00f3 el presidente municipal Ariel Ju\u00e1rez Rodr\u00edguez, durante un encuentro con l\u00edderes de comerciantes que se establecen los d\u00edas martes en Cuautitl\u00e1n.<\/p>\n","protected":false},"author":3,"featured_media":431127,"comment_status":"open","ping_status":"open","sticky":false,"template":"","format":"standard","meta":{"_monsterinsights_skip_tracking":false,"_monsterinsights_sitenote_active":false,"_monsterinsights_sitenote_note":"","_monsterinsights_sitenote_category":0,"footnotes":""},"categories":[5],"tags":[10238,681,43675,85992],"class_list":["post-431079","post","type-post","status-publish","format-standard","has-post-thumbnail","hentry","category-estado-de-mexico","tag-comerciantes","tag-cuautitlan","tag-estado-de-mexico","tag-presiones"],"_links":{"self":[{"href":"https:\/\/www.diarioimagen.net\/index.php?rest_route=\/wp\/v2\/posts\/431079","targetHints":{"allow":["GET"]}}],"collection":[{"href":"https:\/\/www.diarioimagen.net\/index.php?rest_route=\/wp\/v2\/posts"}],"about":[{"href":"https:\/\/www.diarioimagen.net\/index.php?rest_route=\/wp\/v2\/types\/post"}],"author":[{"embeddable":true,"href":"https:\/\/www.diarioimagen.net\/index.php?rest_route=\/wp\/v2\/users\/3"}],"replies":[{"embeddable":true,"href":"https:\/\/www.diarioimagen.net\/index.php?rest_route=%2Fwp%2Fv2%2Fcomments&post=431079"}],"version-history":[{"count":0,"href":"https:\/\/www.diarioimagen.net\/index.php?rest_route=\/wp\/v2\/posts\/431079\/revisions"}],"wp:featuredmedia":[{"embeddable":true,"href":"https:\/\/www.diarioimagen.net\/index.php?rest_route=\/wp\/v2\/media\/431127"}],"wp:attachment":[{"href":"https:\/\/www.diarioimagen.net\/index.php?rest_route=%2Fwp%2Fv2%2Fmedia&parent=431079"}],"wp:term":[{"taxonomy":"category","embeddable":true,"href":"https:\/\/www.diarioimagen.net\/index.php?rest_route=%2Fwp%2Fv2%2Fcategories&post=431079"},{"taxonomy":"post_tag","embeddable":true,"href":"https:\/\/www.diarioimagen.net\/index.php?rest_route=%2Fwp%2Fv2%2Ftags&post=431079"}],"curies":[{"name":"wp","href":"https:\/\/api.w.org\/{rel}","templated":true}]}}