{"id":431085,"date":"2019-06-11T00:06:48","date_gmt":"2019-06-11T05:06:48","guid":{"rendered":"https:\/\/www.diarioimagen.net\/?p=431085"},"modified":"2019-06-11T04:38:24","modified_gmt":"2019-06-11T09:38:24","slug":"presentan-unidades-internas-de-proteccion-civil-en-huixquilucan","status":"publish","type":"post","link":"https:\/\/www.diarioimagen.net\/?p=431085","title":{"rendered":"Presentan Unidades Internas de Protecci\u00f3n Civil en Huixquilucan"},"content":{"rendered":"<ul>\n<li><strong><em>Una por cada dependencia<\/em><\/strong><\/li>\n<\/ul>\n<p>&nbsp;<\/p>\n<div id=\"attachment_431138\" style=\"width: 470px\" class=\"wp-caption aligncenter\"><a href=\"https:\/\/www.diarioimagen.net\/?attachment_id=431138\" rel=\"attachment wp-att-431138\"><img loading=\"lazy\" decoding=\"async\" aria-describedby=\"caption-attachment-431138\" class=\"size-large wp-image-431138\" src=\"https:\/\/www.diarioimagen.net\/wp-content\/uploads\/2019\/06\/HUIXQUILUCAN-11-460x259.jpg\" alt=\"\" width=\"460\" height=\"259\" srcset=\"https:\/\/www.diarioimagen.net\/wp-content\/uploads\/2019\/06\/HUIXQUILUCAN-11-460x259.jpg 460w, https:\/\/www.diarioimagen.net\/wp-content\/uploads\/2019\/06\/HUIXQUILUCAN-11-240x135.jpg 240w, https:\/\/www.diarioimagen.net\/wp-content\/uploads\/2019\/06\/HUIXQUILUCAN-11-235x132.jpg 235w, https:\/\/www.diarioimagen.net\/wp-content\/uploads\/2019\/06\/HUIXQUILUCAN-11-202x114.jpg 202w, https:\/\/www.diarioimagen.net\/wp-content\/uploads\/2019\/06\/HUIXQUILUCAN-11-350x196.jpg 350w, https:\/\/www.diarioimagen.net\/wp-content\/uploads\/2019\/06\/HUIXQUILUCAN-11-220x123.jpg 220w, https:\/\/www.diarioimagen.net\/wp-content\/uploads\/2019\/06\/HUIXQUILUCAN-11-237x132.jpg 237w, https:\/\/www.diarioimagen.net\/wp-content\/uploads\/2019\/06\/HUIXQUILUCAN-11.jpg 480w\" sizes=\"auto, (max-width: 460px) 100vw, 460px\" \/><\/a><p id=\"caption-attachment-431138\" class=\"wp-caption-text\">Toma de protesta a los integrantes de las Unidades Internas de Protecci\u00f3n Civil, en Huixquilucan.<\/p><\/div>\n<p>&nbsp;<\/p>\n<p><strong>Huixquilucan, Estado de M\u00e9xico<\/strong>.- \u201cCon estas acciones confirmamos una vez m\u00e1s que Huixquilucan es hoy, el municipio m\u00e1s seguro para vivir en todo el pa\u00eds\u201d, asegur\u00f3 el subsecretario del ayuntamiento, Edmond Kuri Sierra, durante la toma de protesta a los integrantes de las Unidades Internas de Protecci\u00f3n Civil.<\/p>\n<p>El funcionario record\u00f3 que en los sismos de septiembre de 1985 y los recientes del 2017, se hizo visible la vulnerabilidad de las personas y sus medios de vida a sufrir p\u00e9rdidas frente a eventos potencialmente peligrosos.<\/p>\n<p>Por lo anterior, dijo con la instalaci\u00f3n de las Unidades Internas de Protecci\u00f3n Civil en los inmuebles que ocupan las diferentes dependencias de la administraci\u00f3n p\u00fablica municipal, se tienen las condiciones de prevenir y en su caso enfrentar una emergencia que afecte a los empleados y ciudadanos que acuden a las oficinas gubernamentales.<\/p>\n<p>Inform\u00f3 que se han instalado las brigadas en Palacio Municipal, en el\u00a0 edificio administrativo de Pirules y del sistema para el Desarrollo Integral de la Familia (DIF). Agreg\u00f3 que para este a\u00f1o, por primera vez en la historia de Huixquilucan, se iniciar\u00e1 con las brigadas\u00a0 internas de Protecci\u00f3n Civil\u00a0 de todas las oficinas delegacionales, las cuales, asegur\u00f3, contar\u00e1n con extinguidores y todos los elementos necesarios para su debida protecci\u00f3n.<\/p>\n<p>A nombre del Alcalde Enrique Vargas del Villar, la directora general de Administraci\u00f3n, Teresa Ginez Serrano, tom\u00f3 la protesta de Ley a los brigadistas de Protecci\u00f3n Civil de los edificios administrativos de San Ram\u00f3n, Fresko y Ex Cinemas.<\/p>\n<p>Oscar Sa\u00fal Montes de Oca Guti\u00e9rrez, jefe de brigada de B\u00fasqueda y Rescate, record\u00f3 que las unidades internas de Protecci\u00f3n Civil, son elementos esenciales para la prevenci\u00f3n y autocuidado en caso de enfrentar cualquier situaci\u00f3n de emergencia que pueda afectar o da\u00f1ar a las personas que se encuentren alrededor.<\/p>\n<p>La respuesta inmediata de la Unidad Interna de Protecci\u00f3n Civil formada en cada inmueble de la administraci\u00f3n p\u00fablica municipal, contribuir\u00e1 a prevenir y solventar situaciones de emergencia en forma eficiente y eficaz, procurando siempre la integridad f\u00edsica de los trabajadores as\u00ed como de las personas en general.<\/p>\n","protected":false},"excerpt":{"rendered":"<p>\u201cCon estas acciones confirmamos una vez m\u00e1s que Huixquilucan es hoy, el municipio m\u00e1s seguro para vivir en todo el pa\u00eds\u201d, asegur\u00f3 el subsecretario del ayuntamiento, Edmond Kuri Sierra, durante la toma de protesta a los integrantes de las Unidades Internas de Protecci\u00f3n Civil.<\/p>\n","protected":false},"author":3,"featured_media":431138,"comment_status":"open","ping_status":"open","sticky":false,"template":"","format":"standard","meta":{"_monsterinsights_skip_tracking":false,"_monsterinsights_sitenote_active":false,"_monsterinsights_sitenote_note":"","_monsterinsights_sitenote_category":0,"footnotes":""},"categories":[35155],"tags":[43675,1097,57],"class_list":["post-431085","post","type-post","status-publish","format-standard","has-post-thumbnail","hentry","category-estado-de-mexico-estado-de-mexico","tag-estado-de-mexico","tag-huixquilucan","tag-proteccion-civil"],"_links":{"self":[{"href":"https:\/\/www.diarioimagen.net\/index.php?rest_route=\/wp\/v2\/posts\/431085","targetHints":{"allow":["GET"]}}],"collection":[{"href":"https:\/\/www.diarioimagen.net\/index.php?rest_route=\/wp\/v2\/posts"}],"about":[{"href":"https:\/\/www.diarioimagen.net\/index.php?rest_route=\/wp\/v2\/types\/post"}],"author":[{"embeddable":true,"href":"https:\/\/www.diarioimagen.net\/index.php?rest_route=\/wp\/v2\/users\/3"}],"replies":[{"embeddable":true,"href":"https:\/\/www.diarioimagen.net\/index.php?rest_route=%2Fwp%2Fv2%2Fcomments&post=431085"}],"version-history":[{"count":0,"href":"https:\/\/www.diarioimagen.net\/index.php?rest_route=\/wp\/v2\/posts\/431085\/revisions"}],"wp:featuredmedia":[{"embeddable":true,"href":"https:\/\/www.diarioimagen.net\/index.php?rest_route=\/wp\/v2\/media\/431138"}],"wp:attachment":[{"href":"https:\/\/www.diarioimagen.net\/index.php?rest_route=%2Fwp%2Fv2%2Fmedia&parent=431085"}],"wp:term":[{"taxonomy":"category","embeddable":true,"href":"https:\/\/www.diarioimagen.net\/index.php?rest_route=%2Fwp%2Fv2%2Fcategories&post=431085"},{"taxonomy":"post_tag","embeddable":true,"href":"https:\/\/www.diarioimagen.net\/index.php?rest_route=%2Fwp%2Fv2%2Ftags&post=431085"}],"curies":[{"name":"wp","href":"https:\/\/api.w.org\/{rel}","templated":true}]}}