{"id":431087,"date":"2019-06-11T00:05:07","date_gmt":"2019-06-11T05:05:07","guid":{"rendered":"https:\/\/www.diarioimagen.net\/?p=431087"},"modified":"2019-06-11T04:40:27","modified_gmt":"2019-06-11T09:40:27","slug":"inauguran-exposicion-archivos-de-puertas-abiertas-en-tultepec","status":"publish","type":"post","link":"https:\/\/www.diarioimagen.net\/?p=431087","title":{"rendered":"Inauguran exposici\u00f3n Archivos de Puertas Abiertas, en Tultepec"},"content":{"rendered":"<p><a href=\"https:\/\/www.diarioimagen.net\/?attachment_id=431141\" rel=\"attachment wp-att-431141\"><img loading=\"lazy\" decoding=\"async\" class=\"aligncenter wp-image-431141 size-large\" src=\"https:\/\/www.diarioimagen.net\/wp-content\/uploads\/2019\/06\/TULTEPEC-11-460x259.jpg\" alt=\"\" width=\"460\" height=\"259\" srcset=\"https:\/\/www.diarioimagen.net\/wp-content\/uploads\/2019\/06\/TULTEPEC-11-460x259.jpg 460w, https:\/\/www.diarioimagen.net\/wp-content\/uploads\/2019\/06\/TULTEPEC-11-240x135.jpg 240w, https:\/\/www.diarioimagen.net\/wp-content\/uploads\/2019\/06\/TULTEPEC-11-235x132.jpg 235w, https:\/\/www.diarioimagen.net\/wp-content\/uploads\/2019\/06\/TULTEPEC-11-202x114.jpg 202w, https:\/\/www.diarioimagen.net\/wp-content\/uploads\/2019\/06\/TULTEPEC-11-350x196.jpg 350w, https:\/\/www.diarioimagen.net\/wp-content\/uploads\/2019\/06\/TULTEPEC-11-220x123.jpg 220w, https:\/\/www.diarioimagen.net\/wp-content\/uploads\/2019\/06\/TULTEPEC-11-237x132.jpg 237w, https:\/\/www.diarioimagen.net\/wp-content\/uploads\/2019\/06\/TULTEPEC-11.jpg 480w\" sizes=\"auto, (max-width: 460px) 100vw, 460px\" \/><\/a><\/p>\n<p>&nbsp;<\/p>\n<p><strong>Tultepec, Estado de M\u00e9xico.-<\/strong> En el marco del D\u00eda Internacional de los Archivos, que se celebra cada 9 de junio, fue inaugurada la exposici\u00f3n Archivos de Puertas Abiertas, en el patio central del Palacio Municipal, en donde se exhiben documentos p\u00fablicos originales y copias que guardan la memoria hist\u00f3rica de Tultepec.<\/p>\n<p>Juana Antonieta Z\u00fa\u00f1iga Urb\u00e1n, cronista local, explic\u00f3 que el archivo es el \u00e1rea de la administraci\u00f3n municipal que se encarga de la recepci\u00f3n, clasificaci\u00f3n, organizaci\u00f3n, resguardo, y difusi\u00f3n de la documentaci\u00f3n que cotidianamente se genera en cada una de las dependencias del gobierno en el diario ejercicio de sus funciones.<\/p>\n","protected":false},"excerpt":{"rendered":"<p>En el marco del D\u00eda Internacional de los Archivos, que se celebra cada 9 de junio, fue inaugurada la exposici\u00f3n Archivos de Puertas Abiertas, en el patio central del Palacio Municipal, en donde se exhiben documentos p\u00fablicos originales y copias que guardan la memoria hist\u00f3rica de Tultepec.<\/p>\n","protected":false},"author":3,"featured_media":431141,"comment_status":"open","ping_status":"open","sticky":false,"template":"","format":"standard","meta":{"_monsterinsights_skip_tracking":false,"_monsterinsights_sitenote_active":false,"_monsterinsights_sitenote_note":"","_monsterinsights_sitenote_category":0,"footnotes":""},"categories":[35155],"tags":[85994,43675,24296,3802],"class_list":["post-431087","post","type-post","status-publish","format-standard","has-post-thumbnail","hentry","category-estado-de-mexico-estado-de-mexico","tag-dia-internacional-de-los-archivos","tag-estado-de-mexico","tag-l","tag-tultepec"],"_links":{"self":[{"href":"https:\/\/www.diarioimagen.net\/index.php?rest_route=\/wp\/v2\/posts\/431087","targetHints":{"allow":["GET"]}}],"collection":[{"href":"https:\/\/www.diarioimagen.net\/index.php?rest_route=\/wp\/v2\/posts"}],"about":[{"href":"https:\/\/www.diarioimagen.net\/index.php?rest_route=\/wp\/v2\/types\/post"}],"author":[{"embeddable":true,"href":"https:\/\/www.diarioimagen.net\/index.php?rest_route=\/wp\/v2\/users\/3"}],"replies":[{"embeddable":true,"href":"https:\/\/www.diarioimagen.net\/index.php?rest_route=%2Fwp%2Fv2%2Fcomments&post=431087"}],"version-history":[{"count":0,"href":"https:\/\/www.diarioimagen.net\/index.php?rest_route=\/wp\/v2\/posts\/431087\/revisions"}],"wp:featuredmedia":[{"embeddable":true,"href":"https:\/\/www.diarioimagen.net\/index.php?rest_route=\/wp\/v2\/media\/431141"}],"wp:attachment":[{"href":"https:\/\/www.diarioimagen.net\/index.php?rest_route=%2Fwp%2Fv2%2Fmedia&parent=431087"}],"wp:term":[{"taxonomy":"category","embeddable":true,"href":"https:\/\/www.diarioimagen.net\/index.php?rest_route=%2Fwp%2Fv2%2Fcategories&post=431087"},{"taxonomy":"post_tag","embeddable":true,"href":"https:\/\/www.diarioimagen.net\/index.php?rest_route=%2Fwp%2Fv2%2Ftags&post=431087"}],"curies":[{"name":"wp","href":"https:\/\/api.w.org\/{rel}","templated":true}]}}