{"id":431170,"date":"2019-06-11T00:17:08","date_gmt":"2019-06-11T05:17:08","guid":{"rendered":"https:\/\/www.diarioimagen.net\/?p=431170"},"modified":"2019-06-25T06:00:19","modified_gmt":"2019-06-25T11:00:19","slug":"mexico-el-ignominioso-muro-de-trump","status":"publish","type":"post","link":"https:\/\/www.diarioimagen.net\/?p=431170","title":{"rendered":"M\u00e9xico: el ignominioso muro de Trump"},"content":{"rendered":"<h2>Caleidoscopio<\/h2>\n<h5>Guillermina G\u00f3mora Ord\u00f3\u00f1ez<\/h5>\n<p>&nbsp;<\/p>\n<p>\u00a1Bienvenidos!, a la terca realidad. Luego de una semana de angustia, los mexicanos pasamos del j\u00fabilo de la unidad, a la cruda de la fiesta y nos invade una sensaci\u00f3n agridulce de sometimiento y derrota ante el primer desaf\u00edo real que enfrenta el gobierno de Andr\u00e9s Manuel L\u00f3pez Obrador en los primeros seis meses de su mandato.<\/p>\n<p>Con el paso de los d\u00edas, se confirma que el acuerdo alcanzado entre Estados Unidos y M\u00e9xico, para evitar la imposici\u00f3n de aranceles a productos aztecas, es una ignominiosa capitulaci\u00f3n ante Trump y su pol\u00edtica antimigratoria con fines electorales.<\/p>\n<p><b>Porfirio Mu\u00f1oz Ledo, presidente de la Mesa Directiva de la C\u00e1mara de Diputados,<\/b> lo reconoci\u00f3 en pleno festejo ante el jefe del Ejecutivo y expres\u00f3 su inconformidad: \u201c\u2026 es inmoral e inaceptable el doble rasero entre la frontera norte y sur, por una parte, exigimos que nos abran las puertas y por el otro lado sellamos el paso de los centroamericanos para hacerle un favor a Estados Unidos\u201d.<\/p>\n<p>\u00bfFavor?, no, Trump no pide favores, ordena y todo indica que hay disposici\u00f3n para complacer el m\u00e1s m\u00ednimo deseo, bajo el argumento de \u201camor y paz\u201d con el poderoso vecino del norte.<\/p>\n<p>Para empezar, L\u00f3pez Obrador renuncia a una promesa de campa\u00f1a hecha en Tamaulipas en 2018: \u201cNosotros, a partir del 1 de diciembre, vamos a dar trabajo, empleo a centroamericanos; es un plan que tenemos, que el que quiera trabajar en M\u00e9xico va a tener una visa de trabajo, no s\u00f3lo con deportaciones sino dando opciones, dando alternativas\u201d. <b>\u00a1Aj\u00e1!<\/b><\/p>\n<p>Se acab\u00f3 la pol\u00edtica de puertas abiertas; M\u00e9xico reforzar\u00e1 la seguridad fronteriza, desplegar\u00e1n 6 mil soldados de la Guardia Nacional \u201cpara frenar la migraci\u00f3n irregular\u201d y \u201casilaremos\u201d por tiempo indefinido a los que logren quedarse de manera legal o ilegal.<\/p>\n<p>El impacto del \u201cventuroso acuerdo\u201d, provocar\u00e1 un efecto carambola que agudizar\u00e1 la crisis registrada en diversos estados, por donde cruzan los migrantes en busca del \u201csue\u00f1o americano\u201d y que se ha convertido en una pesadilla para ellos y los habitantes de los municipios donde se quedan varados.<\/p>\n<p>En Chiapas, en el r\u00edo Suchiate, que divide a M\u00e9xico con Guatemala, una de las principales rutas que usan los migrantes para cruzar de manera ilegal a territorio mexicano, existen 3 mil balseros (de ambos pa\u00edses), que temen perder su trabajo por la militarizaci\u00f3n de la<span class=\"Apple-converted-space\">\u00a0 <\/span>frontera sur.<span class=\"Apple-converted-space\">\u00a0<\/span><\/p>\n<p>\u00bfSer\u00e1 que con el favor que le haremos a Estados Unidos, el gobierno de AMLO destine m\u00e1s recursos a los estados afectados por la migraci\u00f3n o a los institutos responsables de \u00e9ste problema?, recordemos que el Ejecutivo redujo en un 20% el presupuesto de la <b>Comisi\u00f3n Mexicana de Ayuda al Refugiado<\/b> (<b>Comar<\/b>), el m\u00e1s bajo en los \u00faltimos siete a\u00f1os.<\/p>\n<p>La situaci\u00f3n en Comar est\u00e1 desbordada, ha recibido un 200% m\u00e1s de peticiones que el a\u00f1o pasado y s\u00f3lo cuenta con 50 empleados en todo el pa\u00eds. Trabajadores que deber\u00e1n responder a la advertencia del <b>canciller Marcelo Ebrard,<\/b> de que los migrantes que ingresen a nuestro territorio \u201cdeber\u00e1n registrarse. No podemos tener en M\u00e9xico a 600 mil personas circulando sin saber c\u00f3mo se llaman\u201d.<\/p>\n<p>Los motines en las estaciones migratorias son cosa de todos los d\u00edas, igual que las deportaciones. M\u00e9xico triplic\u00f3 la cifra en los primeros meses del gobierno de L\u00f3pez Obrador, al pasar de 5,717 expulsiones en diciembre de 2018 a 15, 654 en mayo.<span class=\"Apple-converted-space\">\u00a0<\/span><\/p>\n<p>En los primeros cuatro meses del a\u00f1o, el <b>Instituto Nacional de Migraci\u00f3n<\/b>, que dirige el invisible y rebasado acad\u00e9mico, <b>Tonatiuh Guill\u00e9n<\/b>, detuvo a 53 mil 544 extranjeros que estaban de forma irregular; <b>Chiapas, Veracruz, Oaxaca, Tabasco y Tamaulipas<\/b> ocupan los primeros lugares en esta lista negra.<\/p>\n<p>Y para rematar la agridulce resaca, Donald Trump, nos recet\u00f3 el siguiente tuit: \u00a1M\u00c9XICO HA ACCEDIDO A EMPEZAR INMEDIATAMENTE A COMPRAR GRANDES CANTIDADES DE PRODUCTOS AGR\u00cdCOLAS DE NUESTROS GRANDES AGRICULTORES PATRI\u00d3TICOS!\u201d. En su cuenta oficial de Twitter tambi\u00e9n desliz\u00f3: \u201cEs importante destacar que se acordaron algunas cosas que no se mencionaron en el comunicado de prensa ayer, una en particular. Eso se anunciar\u00e1 en el momento adecuado\u201d. <b>\u00a1Sopas!<span class=\"Apple-converted-space\">\u00a0<\/span><\/b><\/p>\n<p>As\u00ed las cosas, convendr\u00eda reflexionar sobre la estrategia del \u201camor y paz\u201d ante un pol\u00edtico pendenciero que le tom\u00f3 la medida al gobierno de M\u00e9xico y lo manipular\u00e1 a su antojo.<\/p>\n<p>&nbsp;<\/p>\n<p style=\"text-align: center;\"><strong>VERICUENTOS<\/strong><\/p>\n<p style=\"text-align: center;\"><b>Monreal responde a Trump<\/b><\/p>\n<p>A <b>Ricardo Monreal<\/b> no lo asustan los tuits de Donald Trump, <b>el presidente de la Junta de Coordinaci\u00f3n Pol\u00edtica<\/b>, afirm\u00f3 que el Senado de la Rep\u00fablica no admitir\u00e1 que M\u00e9xico sea un tercer pa\u00eds seguro, y aclar\u00f3: \u201cNo actuamos en raz\u00f3n de rumores o de twitters, sino de documentos formales\u201d. Respecto del T-MEC, dijo que las comisiones dictaminadoras se reunir\u00e1n hoy para continuar con el proceso de ratificaci\u00f3n para que sea el primer tema en la agenda del periodo extraordinario, el pr\u00f3ximo 18 de junio. <b>\u00a1\u00d3rale!<\/b><\/p>\n<p><em><a href=\"mailto:guillegomora@hotmail.com\" target=\"_blank\" rel=\"noopener noreferrer\">guillegomora@hotmail.com<\/a><br \/>\n<i><\/i><a href=\"https:\/\/twitter.com\/guillegomora?lang=es\" target=\"_blank\" rel=\"noopener noreferrer\"><i>@guillegomora<\/i><\/a><\/em><\/p>\n","protected":false},"excerpt":{"rendered":"<p><span style=\"color: #005497;\"><strong>Guillermina G\u00f3mora Ord\u00f3\u00f1ez<\/strong><\/span><\/p>\n","protected":false},"author":1,"featured_media":0,"comment_status":"open","ping_status":"open","sticky":false,"template":"","format":"standard","meta":{"_monsterinsights_skip_tracking":false,"_monsterinsights_sitenote_active":false,"_monsterinsights_sitenote_note":"","_monsterinsights_sitenote_category":0,"footnotes":""},"categories":[58361],"tags":[43674],"class_list":["post-431170","post","type-post","status-publish","format-standard","hentry","category-guillermina-gomora-ordonez","tag-opinion"],"_links":{"self":[{"href":"https:\/\/www.diarioimagen.net\/index.php?rest_route=\/wp\/v2\/posts\/431170","targetHints":{"allow":["GET"]}}],"collection":[{"href":"https:\/\/www.diarioimagen.net\/index.php?rest_route=\/wp\/v2\/posts"}],"about":[{"href":"https:\/\/www.diarioimagen.net\/index.php?rest_route=\/wp\/v2\/types\/post"}],"author":[{"embeddable":true,"href":"https:\/\/www.diarioimagen.net\/index.php?rest_route=\/wp\/v2\/users\/1"}],"replies":[{"embeddable":true,"href":"https:\/\/www.diarioimagen.net\/index.php?rest_route=%2Fwp%2Fv2%2Fcomments&post=431170"}],"version-history":[{"count":0,"href":"https:\/\/www.diarioimagen.net\/index.php?rest_route=\/wp\/v2\/posts\/431170\/revisions"}],"wp:attachment":[{"href":"https:\/\/www.diarioimagen.net\/index.php?rest_route=%2Fwp%2Fv2%2Fmedia&parent=431170"}],"wp:term":[{"taxonomy":"category","embeddable":true,"href":"https:\/\/www.diarioimagen.net\/index.php?rest_route=%2Fwp%2Fv2%2Fcategories&post=431170"},{"taxonomy":"post_tag","embeddable":true,"href":"https:\/\/www.diarioimagen.net\/index.php?rest_route=%2Fwp%2Fv2%2Ftags&post=431170"}],"curies":[{"name":"wp","href":"https:\/\/api.w.org\/{rel}","templated":true}]}}