{"id":431275,"date":"2019-06-12T00:07:02","date_gmt":"2019-06-12T05:07:02","guid":{"rendered":"https:\/\/www.diarioimagen.net\/?p=431275"},"modified":"2019-06-12T07:25:54","modified_gmt":"2019-06-12T12:25:54","slug":"inauguran-primera-parte-del-programa-del-festival-internacional-de-cultura-atizapan-2019","status":"publish","type":"post","link":"https:\/\/www.diarioimagen.net\/?p=431275","title":{"rendered":"Inauguran primera parte del programa del Festival Internacional de Cultura Atizap\u00e1n 2019"},"content":{"rendered":"<p><a href=\"https:\/\/www.diarioimagen.net\/?attachment_id=431340\" rel=\"attachment wp-att-431340\"><img loading=\"lazy\" decoding=\"async\" class=\"aligncenter size-large wp-image-431340\" src=\"https:\/\/www.diarioimagen.net\/wp-content\/uploads\/2019\/06\/ATIZAPAN-12-460x259.jpg\" alt=\"\" width=\"460\" height=\"259\" srcset=\"https:\/\/www.diarioimagen.net\/wp-content\/uploads\/2019\/06\/ATIZAPAN-12-460x259.jpg 460w, https:\/\/www.diarioimagen.net\/wp-content\/uploads\/2019\/06\/ATIZAPAN-12-240x135.jpg 240w, https:\/\/www.diarioimagen.net\/wp-content\/uploads\/2019\/06\/ATIZAPAN-12-235x132.jpg 235w, https:\/\/www.diarioimagen.net\/wp-content\/uploads\/2019\/06\/ATIZAPAN-12-202x114.jpg 202w, https:\/\/www.diarioimagen.net\/wp-content\/uploads\/2019\/06\/ATIZAPAN-12-350x196.jpg 350w, https:\/\/www.diarioimagen.net\/wp-content\/uploads\/2019\/06\/ATIZAPAN-12-220x123.jpg 220w, https:\/\/www.diarioimagen.net\/wp-content\/uploads\/2019\/06\/ATIZAPAN-12-237x132.jpg 237w, https:\/\/www.diarioimagen.net\/wp-content\/uploads\/2019\/06\/ATIZAPAN-12.jpg 480w\" sizes=\"auto, (max-width: 460px) 100vw, 460px\" \/><\/a><\/p>\n<p>&nbsp;<\/p>\n<p><strong>Atizap\u00e1n, Estado de M\u00e9xico<\/strong><strong>.- <\/strong>Con la exhibici\u00f3n \u201cArt\u00edfices en acci\u00f3n\u201d en el Cemca -que incluye trabajos de atizapenses en diversas disciplinas art\u00edsticas- fue inaugurado el repertorio de exposiciones e intervenciones callejeras del Festival Internacional de Cultura Atizap\u00e1n 2019.<\/p>\n<p>Esta primera parte del festival llegar\u00e1 tanto a recintos oficiales como a escuelas, plazas, mercados, centros deportivos y jardines del municipio, con la finalidad de acercar e impulsar diversas expresiones art\u00edsticas entre los habitantes.Por ejemplo, en primarias y secundarias ser\u00e1n impartidos talleres de alebrijes, pintura en acci\u00f3n y danza folkl\u00f3rica; en tanto que las intervenciones callejeras incluyen muestras fotogr\u00e1ficas, de Psicoballet -como un espacio abierto a la danza desde la posibilidad y la inclusi\u00f3n- y Ultradanza, expresi\u00f3n danc\u00edstica circense.<\/p>\n","protected":false},"excerpt":{"rendered":"<p>Con la exhibici\u00f3n \u201cArt\u00edfices en acci\u00f3n\u201d en el Cemca -que incluye trabajos de atizapenses en diversas disciplinas art\u00edsticas- fue inaugurado el repertorio de exposiciones e intervenciones callejeras del Festival Internacional de Cultura Atizap\u00e1n 2019.<\/p>\n","protected":false},"author":3,"featured_media":431340,"comment_status":"open","ping_status":"open","sticky":false,"template":"","format":"standard","meta":{"_monsterinsights_skip_tracking":false,"_monsterinsights_sitenote_active":false,"_monsterinsights_sitenote_note":"","_monsterinsights_sitenote_category":0,"footnotes":""},"categories":[5],"tags":[969,43675,86024],"class_list":["post-431275","post","type-post","status-publish","format-standard","has-post-thumbnail","hentry","category-estado-de-mexico","tag-atizapan","tag-estado-de-mexico","tag-festival-internacional-de-cultura"],"_links":{"self":[{"href":"https:\/\/www.diarioimagen.net\/index.php?rest_route=\/wp\/v2\/posts\/431275","targetHints":{"allow":["GET"]}}],"collection":[{"href":"https:\/\/www.diarioimagen.net\/index.php?rest_route=\/wp\/v2\/posts"}],"about":[{"href":"https:\/\/www.diarioimagen.net\/index.php?rest_route=\/wp\/v2\/types\/post"}],"author":[{"embeddable":true,"href":"https:\/\/www.diarioimagen.net\/index.php?rest_route=\/wp\/v2\/users\/3"}],"replies":[{"embeddable":true,"href":"https:\/\/www.diarioimagen.net\/index.php?rest_route=%2Fwp%2Fv2%2Fcomments&post=431275"}],"version-history":[{"count":0,"href":"https:\/\/www.diarioimagen.net\/index.php?rest_route=\/wp\/v2\/posts\/431275\/revisions"}],"wp:featuredmedia":[{"embeddable":true,"href":"https:\/\/www.diarioimagen.net\/index.php?rest_route=\/wp\/v2\/media\/431340"}],"wp:attachment":[{"href":"https:\/\/www.diarioimagen.net\/index.php?rest_route=%2Fwp%2Fv2%2Fmedia&parent=431275"}],"wp:term":[{"taxonomy":"category","embeddable":true,"href":"https:\/\/www.diarioimagen.net\/index.php?rest_route=%2Fwp%2Fv2%2Fcategories&post=431275"},{"taxonomy":"post_tag","embeddable":true,"href":"https:\/\/www.diarioimagen.net\/index.php?rest_route=%2Fwp%2Fv2%2Ftags&post=431275"}],"curies":[{"name":"wp","href":"https:\/\/api.w.org\/{rel}","templated":true}]}}