{"id":431277,"date":"2019-06-12T00:06:37","date_gmt":"2019-06-12T05:06:37","guid":{"rendered":"https:\/\/www.diarioimagen.net\/?p=431277"},"modified":"2019-06-12T07:36:44","modified_gmt":"2019-06-12T12:36:44","slug":"facultad-de-geografia-de-uaem-ofrece-una-educacion-de-calidad","status":"publish","type":"post","link":"https:\/\/www.diarioimagen.net\/?p=431277","title":{"rendered":"Facultad de Geograf\u00eda de UAEM ofrece una educaci\u00f3n de calidad"},"content":{"rendered":"<ul>\n<li><strong><em>Mayor\u00eda de profesores cuenta con grado de maestr\u00eda o doctorado<\/em><\/strong><\/li>\n<\/ul>\n<p>&nbsp;<\/p>\n<div id=\"attachment_431343\" style=\"width: 470px\" class=\"wp-caption aligncenter\"><a href=\"https:\/\/www.diarioimagen.net\/?attachment_id=431343\" rel=\"attachment wp-att-431343\"><img loading=\"lazy\" decoding=\"async\" aria-describedby=\"caption-attachment-431343\" class=\"size-large wp-image-431343\" src=\"https:\/\/www.diarioimagen.net\/wp-content\/uploads\/2019\/06\/UAEM-12-460x259.jpg\" alt=\"\" width=\"460\" height=\"259\" srcset=\"https:\/\/www.diarioimagen.net\/wp-content\/uploads\/2019\/06\/UAEM-12-460x259.jpg 460w, https:\/\/www.diarioimagen.net\/wp-content\/uploads\/2019\/06\/UAEM-12-240x135.jpg 240w, https:\/\/www.diarioimagen.net\/wp-content\/uploads\/2019\/06\/UAEM-12-235x132.jpg 235w, https:\/\/www.diarioimagen.net\/wp-content\/uploads\/2019\/06\/UAEM-12-202x114.jpg 202w, https:\/\/www.diarioimagen.net\/wp-content\/uploads\/2019\/06\/UAEM-12-350x196.jpg 350w, https:\/\/www.diarioimagen.net\/wp-content\/uploads\/2019\/06\/UAEM-12-220x123.jpg 220w, https:\/\/www.diarioimagen.net\/wp-content\/uploads\/2019\/06\/UAEM-12-237x132.jpg 237w, https:\/\/www.diarioimagen.net\/wp-content\/uploads\/2019\/06\/UAEM-12.jpg 480w\" sizes=\"auto, (max-width: 460px) 100vw, 460px\" \/><\/a><p id=\"caption-attachment-431343\" class=\"wp-caption-text\">El rector de la UAEM, Alfredo Barrera Baca, encabez\u00f3 el tercer informe de actividades del director de este espacio universitario, Francisco Zepeda Mondrag\u00f3n.<\/p><\/div>\n<p>&nbsp;<\/p>\n<p><strong>Toluca, Estado de M\u00e9xico<\/strong>.- Los tres posgrados que ofrece la Facultad de Geograf\u00eda forman parte del Programa Nacional de Posgrados de Calidad (PNPC) del Consejo Nacional de Ciencia y Tecnolog\u00eda (Conacyt), destac\u00f3 el rector de la Universidad Aut\u00f3noma del Estado de M\u00e9xico, Alfredo Barrera Baca.<\/p>\n<p>Durante el tercer informe de actividades del director de este espacio universitario, Francisco Zepeda Mondrag\u00f3n, subray\u00f3 que 74 por ciento de la matr\u00edcula de licenciatura cursa un programa educativo de calidad, ya que Geograf\u00eda y Geoinform\u00e1tica est\u00e1n acreditadas por organismos avalados por el Consejo para la Acreditaci\u00f3n de la Educaci\u00f3n Superior (Copaes).<\/p>\n<p>Indic\u00f3 que m\u00e1s de 90 por ciento de los profesores de tiempo completo de la facultad cuenta con grado de maestr\u00eda o doctorado; adem\u00e1s, la cuarta parte est\u00e1 adscrita al Sistema Nacional de Investigadores (SNI).<\/p>\n<p>Alfredo Barrera Baca reiter\u00f3 su \u201cllamado a los integrantes del SNI que laboran en esta facultad para que participen como docentes en los planteles de la Escuela Preparatoria, donde pueden forjarse las vocaciones de los ge\u00f3grafos del siglo XXI\u201d.<\/p>\n<p>Por su parte, Francisco Zepeda Mondrag\u00f3n detall\u00f3 que los alumnos han realizado movilidad nacional en las universidades de Guadalajara, Quintana Roo y Aut\u00f3noma de San Luis Potos\u00ed.<\/p>\n<p>A nivel internacional, los estudiantes de la UAEM cursaron estudios en la Universidad Europea Miguel de Cervantes, en Espa\u00f1a; en la Universidad de Concepci\u00f3n, en Chile; en la Universidad Aut\u00f3noma del Per\u00fa y en la Universidad Cat\u00f3lica de Santa Mar\u00eda, en Per\u00fa.<\/p>\n<p>El directivo subray\u00f3 que este organismo acad\u00e9mico firm\u00f3 convenios de colaboraci\u00f3n con la Secretar\u00eda de Desarrollo Urbano y Metropolitano, la direcci\u00f3n local de la Comisi\u00f3n Nacional del Agua, as\u00ed como con la Comisi\u00f3n Nacional para el Conocimiento y Uso de la Biodiversidad (Conabio).<\/p>\n","protected":false},"excerpt":{"rendered":"<p>Los tres posgrados que ofrece la Facultad de Geograf\u00eda forman parte del Programa Nacional de Posgrados de Calidad (PNPC) del Consejo Nacional de Ciencia y Tecnolog\u00eda (Conacyt), destac\u00f3 el rector de la Universidad Aut\u00f3noma del Estado de M\u00e9xico, Alfredo Barrera Baca.<\/p>\n","protected":false},"author":3,"featured_media":431343,"comment_status":"open","ping_status":"open","sticky":false,"template":"","format":"standard","meta":{"_monsterinsights_skip_tracking":false,"_monsterinsights_sitenote_active":false,"_monsterinsights_sitenote_note":"","_monsterinsights_sitenote_category":0,"footnotes":""},"categories":[5],"tags":[58572,43694,43675,452,1491],"class_list":["post-431277","post","type-post","status-publish","format-standard","has-post-thumbnail","hentry","category-estado-de-mexico","tag-alfredo-barrera-baca","tag-educacion","tag-estado-de-mexico","tag-toluca","tag-uaem"],"_links":{"self":[{"href":"https:\/\/www.diarioimagen.net\/index.php?rest_route=\/wp\/v2\/posts\/431277","targetHints":{"allow":["GET"]}}],"collection":[{"href":"https:\/\/www.diarioimagen.net\/index.php?rest_route=\/wp\/v2\/posts"}],"about":[{"href":"https:\/\/www.diarioimagen.net\/index.php?rest_route=\/wp\/v2\/types\/post"}],"author":[{"embeddable":true,"href":"https:\/\/www.diarioimagen.net\/index.php?rest_route=\/wp\/v2\/users\/3"}],"replies":[{"embeddable":true,"href":"https:\/\/www.diarioimagen.net\/index.php?rest_route=%2Fwp%2Fv2%2Fcomments&post=431277"}],"version-history":[{"count":0,"href":"https:\/\/www.diarioimagen.net\/index.php?rest_route=\/wp\/v2\/posts\/431277\/revisions"}],"wp:featuredmedia":[{"embeddable":true,"href":"https:\/\/www.diarioimagen.net\/index.php?rest_route=\/wp\/v2\/media\/431343"}],"wp:attachment":[{"href":"https:\/\/www.diarioimagen.net\/index.php?rest_route=%2Fwp%2Fv2%2Fmedia&parent=431277"}],"wp:term":[{"taxonomy":"category","embeddable":true,"href":"https:\/\/www.diarioimagen.net\/index.php?rest_route=%2Fwp%2Fv2%2Fcategories&post=431277"},{"taxonomy":"post_tag","embeddable":true,"href":"https:\/\/www.diarioimagen.net\/index.php?rest_route=%2Fwp%2Fv2%2Ftags&post=431277"}],"curies":[{"name":"wp","href":"https:\/\/api.w.org\/{rel}","templated":true}]}}