{"id":431445,"date":"2019-06-13T00:02:26","date_gmt":"2019-06-13T05:02:26","guid":{"rendered":"https:\/\/www.diarioimagen.net\/?p=431445"},"modified":"2019-06-14T02:04:12","modified_gmt":"2019-06-14T07:04:12","slug":"norelia-leccion-de-dignidad-a-lopez-obrador","status":"publish","type":"post","link":"https:\/\/www.diarioimagen.net\/?p=431445","title":{"rendered":"Norelia, lecci\u00f3n de dignidad a L\u00f3pez Obrador"},"content":{"rendered":"<h2>La Retaguardia<\/h2>\n<h5>Adriana Moreno Cordero<\/h5>\n<p>&nbsp;<\/p>\n<ul>\n<li><strong><i>El tabasque\u00f1o defiende a sus mujeres<\/i><\/strong><\/li>\n<li><strong><i>Banco Azteca llega a <\/i>WhatsApp<\/strong><\/li>\n<\/ul>\n<p>&nbsp;<\/p>\n<p>Parece incre\u00edble que mejor <b>Norelia Hern\u00e1ndez<\/b>, madre de <b>Norberto Ronquillo<\/b>, estudiante secuestrado y asesinado al sur de la Ciudad de M\u00e9xico, en medio de su enorme dolor, haya dado una lecci\u00f3n de dignidad y \u00e9tica al presidente <b>Andr\u00e9s Manuel L\u00f3pez Obrador<\/b>, quien justo cuando los restos mortales del estudiante eran velados en la CDMX, se fue de gira a la alcald\u00eda de Gustavo A. Madero, que por cierto encabeza toda una \u201cficha\u201d, como lo es <b>Francisco Ch\u00edguil<\/b>, para alzarle la mano a la \u201cextraordinaria jefa de Gobierno\u201d, -dijo el tabasque\u00f1o de manera textual-, y defenderla de los ataques de \u201cciertos grandulones que andan por ah\u00ed\u201d.<\/p>\n<p>Independientemente del lenguaje, lleno de profundidad y contenido del jefe del Ejecutivo puso de manifiesto que su \u00fanico inter\u00e9s es que no se metan con su equipo m\u00e1s cercano; esta vez, con la se\u00f1ora Sheinbaum Pardo, a quien el presidente \u201capapach\u00f3\u201d a m\u00e1s no poder, sobre todo en momentos en los que mucho se comenta no solo en los corrillos de Palacio Nacional, que est\u00e1 seriamente distanciado ni m\u00e1s ni menos que con la dirigente de su partido, Morena, <b>Yeidckol Polevnsky<\/b>.<\/p>\n<p>Desde que inici\u00f3 su gesti\u00f3n, puede advertirse que el presidente L\u00f3pez Obrador se ha dedicado a defender a sus mujeres, por lo menos a las m\u00e1s cercanas a \u00e9l, como es el caso de la propia jefa de Gobierno, no as\u00ed como ocurri\u00f3 con <b>Josefina Gonz\u00e1lez Blanco<\/b>, la ex titular de Semarnat.<\/p>\n<p>Entonces, el mandatario tiene sus preferencias y en tal sentido, no deja de llamar la atenci\u00f3n que no tenga entre sus preferencias ni m\u00e1s ni menos que a la secretaria de Gobernaci\u00f3n, <b>Olga S\u00e1nchez Cordero<\/b>, a quien el tabasque\u00f1o se ha dedicado a hacer menos y como ejemplo est\u00e1 que ni form\u00f3 parte de la delegaci\u00f3n mexicana que encabez\u00f3 el canciller Marcelo Ebrard y que viaj\u00f3 a Washington a \u201csalvar\u201d a M\u00e9xico y de plano, le arrebataron, junto al Instituto Nacional de Migraci\u00f3n, toda posibilidad de actuar en el tema que se supone, forma parte de la dependencia que S\u00e1nchez Cordero encabeza.<\/p>\n<p>Tampoco estuvo incluida en el equipo que design\u00f3 Ebrard para operar la reducci\u00f3n de la migraci\u00f3n centroamericana al norte del pa\u00eds y en suma, no ha figurado, as\u00ed que \u00bfahora s\u00ed la titular de la Segob le presentar\u00e1 su renuncia definitiva a L\u00f3pez Obrador?<\/p>\n<p style=\"text-align: center;\"><b>Municiones<\/b><\/p>\n<p>*** Como en su momento lo hizo p\u00fablico y una vez que se emiti\u00f3 la convocatoria para renovar el Comit\u00e9 Ejecutivo Nacional del PRI, el gobernador de Campeche, <b>Alejandro Moreno C\u00e1rdena<\/b>s, solicit\u00f3 licencia para buscar el liderazgo tricolor.<span class=\"Apple-converted-space\">\u00a0<\/span><\/p>\n<p>Hay que recordar que hace un par de semanas, en Toluca, los gobernadores del Revolucionario Institucional se reunieron para brindarle su total apoyo, con lo que <i>Alito<\/i>, llegar\u00e1 a esa coyuntura con un muy buen espaldarazo. Antes de irse, Moreno C\u00e1rdenas puso en operaci\u00f3n, junto con el titular de la SCT, <b>Javier Jim\u00e9nez Spriu<\/b>, el nuevo puente de La Unidad, mismo que, construido sobre el mar, une a Ciudad del Carmen con la capital campechana y cont\u00f3 con una inversi\u00f3n cercana a los dos mil millones de pesos.<span class=\"Apple-converted-space\">\u00a0<\/span><\/p>\n<p>Tiene una longitud de 3.2 kil\u00f3metros y es el segundo m\u00e1s largo del pa\u00eds y el quinto de Latinoam\u00e9rica. Alejandro Moreno manifest\u00f3 que con esta mega obra, se le cumple a los campechanos, ya que esta obra era un gran pendiente y con su puesta en marcha, se demuestra que existe no solo la firme determinaci\u00f3n para impulsar el crecimiento y el desarrollo, \u201csino que no hay l\u00edmite para los campechanos, pues es un pueblo con car\u00e1cter cuya palabra tiene valor y la hace sentir con toda la fuerza y firmeza\u201d.<span class=\"Apple-converted-space\">\u00a0<\/span><\/p>\n<p>De pasada, <i>Alito<\/i> envi\u00f3 mensaje a las \u201caves de mal ag\u00fcero\u201d, al se\u00f1alar que de acuerdo al Instituto Mexicano para la Competitividad, (IMCO), Campeche es considerado hoy el n\u00famero uno en cuanto a sistema pol\u00edtico estable y funcional<\/p>\n<p>*** Ahora, los clientes de Banco Azteca podr\u00e1n administrar sus cuentas y\/o realizar operaciones como transferencias de efectivo, consulta de saldos, compra de tiempo aire e incluso, abrir una cuenta o bien, recibir un pr\u00e9stamo desde la aplicaci\u00f3n de mensajer\u00eda instant\u00e1nea.<span class=\"Apple-converted-space\">\u00a0<\/span><\/p>\n<p>De esta forma, Banco Azteca implementar\u00e1 una estrategia que sin duda revolucionar\u00e1 la banca digital en M\u00e9xico. La aplicaci\u00f3n m\u00f3vil de Banco Azteca, ha reportado un gran \u00e9xito, la incorporaci\u00f3n del WhatsApp, terminar\u00e1 de apuntalar el esfuerzo emprendido por Ricardo Salinas Pliego, de llevar los servicios financieros a todos los sectores de la poblaci\u00f3n.<span class=\"Apple-converted-space\">\u00a0<\/span><\/p>\n<p>As\u00ed, se tiene previsto que a finales del presente mes, este banco mexicano inicie un programa piloto mediante el cual, ir\u00e1 incorporando diversas funcionalidades y que en los meses de junio y julio, se puedan realizar transferencias y apertura de cuentas digitales; para agosto, se habilitar\u00e1 la consulta de saldos y en septiembre, se permitir\u00e1<span class=\"Apple-converted-space\">\u00a0 <\/span>la compra de tiempo aire desde la aplicaci\u00f3n. La Banca Digital de Banco Azteca es flexible, funcional y nunca deja de innovar.<\/p>\n<p>*** En Villa Corzo, Chiapas, tuvo lugar ayer, la Feria de las Buenas Pr\u00e1cticas Agr\u00edcolas, que busca como objetivo, de desplegar una ambiciosa cruzada para lograr un campo m\u00e1s seguro y responsable en cuanto al manejo de agroqu\u00edmicos y plaguicidas, tema que por cierto, est\u00e1 muy satanizado, raz\u00f3n por la cual hay que subrayar que cuando los agricultores implementan Buenas Pr\u00e1cticas Agr\u00edcolas, los plaguicidas son seguros tanto para la salud como para el medio ambiente. <b>M\u00f3nica Mir\u00f3n<\/b>, representante de la Asociaci\u00f3n Civil, Protecci\u00f3n de Cultivos, Ciencia y Tecnolog\u00eda, (PROCCYT), se\u00f1al\u00f3 durante la inauguraci\u00f3n que en coordinaci\u00f3n con el Centro Internacional de Mejoramiento del Ma\u00edz y Trigo, (CIMMyT), la Feria puso al alcance de los productores, pr\u00e1cticas sustentables como la Agricultura de Conservaci\u00f3n; el manejo integrado de plagas, el Buen Uso y Manejo de Agroqu\u00edmicos; el programa Campo Limpio y el comercio ilegal de agroqu\u00edmicos, los cuales son clave para mitigar los efectos del cambio clim\u00e1tico y proyectar un futuro productivo para el campo mexicano.<span class=\"Apple-converted-space\">\u00a0<\/span><\/p>\n<p>Por su parte, <b>Bibiana Rodr\u00edguez<\/b>, coordinadora del programa CuidAagro de PROCCyT, destac\u00f3 que desde hace m\u00e1s de 25 a\u00f1os esta Asociaci\u00f3n promueve la capacitaci\u00f3n en el uso responsable de agroqu\u00edmicos, desde la visi\u00f3n de que constituyen herramientas que contribuyen a asegurar la producci\u00f3n de m\u00e1s y mejores alimentos, por lo que hay el compromiso de seguir impulsando acciones en beneficio del medio ambiente.<\/p>\n<p>*** \u00bfQu\u00e9 tendr\u00e1 que decir el presidente L\u00f3pez Obrador ante el asesinato de la periodista tabasque\u00f1a, su paisana, <b>Norma Sarabia<\/b>, as\u00ed como de otro periodista veracruzano, <b>Marco Miranda Cogno<\/b>?, desde luego lo lamenta mucho, pero a \u00e9l en Tabasco, solo le importa Chico Ch\u00e9, que es su ide\u00f3logo de cabecera, mientras que en Veracruz, solo ve y escucha a quien es, seg\u00fan \u00e9l, el mejor gobernador, <b>Cuitl\u00e1huac Garc\u00eda<\/b>, mejor conocido por aquellos lares como el \u201csargento Cu\u00edcaras\u201d.<\/p>\n<p><a href=\"mailto:morcora@gmail.com\" target=\"_blank\" rel=\"noopener noreferrer\"><em>morcora@gmail.com<\/em><\/a><\/p>\n","protected":false},"excerpt":{"rendered":"<p><span style=\"color: #005497;\"><strong>Adriana Moreno Cordero<\/strong><\/span><\/p>\n","protected":false},"author":1,"featured_media":0,"comment_status":"open","ping_status":"open","sticky":false,"template":"","format":"standard","meta":{"_monsterinsights_skip_tracking":false,"_monsterinsights_sitenote_active":false,"_monsterinsights_sitenote_note":"","_monsterinsights_sitenote_category":0,"footnotes":""},"categories":[69370],"tags":[69369,69368,43674],"class_list":["post-431445","post","type-post","status-publish","format-standard","hentry","category-adriana-moreno-cordero","tag-adriana-moreno-cordero","tag-la-retaguardia","tag-opinion"],"_links":{"self":[{"href":"https:\/\/www.diarioimagen.net\/index.php?rest_route=\/wp\/v2\/posts\/431445","targetHints":{"allow":["GET"]}}],"collection":[{"href":"https:\/\/www.diarioimagen.net\/index.php?rest_route=\/wp\/v2\/posts"}],"about":[{"href":"https:\/\/www.diarioimagen.net\/index.php?rest_route=\/wp\/v2\/types\/post"}],"author":[{"embeddable":true,"href":"https:\/\/www.diarioimagen.net\/index.php?rest_route=\/wp\/v2\/users\/1"}],"replies":[{"embeddable":true,"href":"https:\/\/www.diarioimagen.net\/index.php?rest_route=%2Fwp%2Fv2%2Fcomments&post=431445"}],"version-history":[{"count":0,"href":"https:\/\/www.diarioimagen.net\/index.php?rest_route=\/wp\/v2\/posts\/431445\/revisions"}],"wp:attachment":[{"href":"https:\/\/www.diarioimagen.net\/index.php?rest_route=%2Fwp%2Fv2%2Fmedia&parent=431445"}],"wp:term":[{"taxonomy":"category","embeddable":true,"href":"https:\/\/www.diarioimagen.net\/index.php?rest_route=%2Fwp%2Fv2%2Fcategories&post=431445"},{"taxonomy":"post_tag","embeddable":true,"href":"https:\/\/www.diarioimagen.net\/index.php?rest_route=%2Fwp%2Fv2%2Ftags&post=431445"}],"curies":[{"name":"wp","href":"https:\/\/api.w.org\/{rel}","templated":true}]}}