{"id":431792,"date":"2019-06-17T00:08:15","date_gmt":"2019-06-17T05:08:15","guid":{"rendered":"https:\/\/www.diarioimagen.net\/?p=431792"},"modified":"2019-06-17T05:29:16","modified_gmt":"2019-06-17T10:29:16","slug":"aprueba-cabildo-programa-de-registro-catastral-para-regularizar-mil-150-predios-de-el-quemado","status":"publish","type":"post","link":"https:\/\/www.diarioimagen.net\/?p=431792","title":{"rendered":"Aprueba cabildo programa de registro catastral\u00a0 para regularizar mil 150 predios de El Quemado"},"content":{"rendered":"<ul>\n<li><strong><em>Fue solventado el conflicto con el ejido<\/em><\/strong><\/li>\n<\/ul>\n<p>&nbsp;<\/p>\n<div id=\"attachment_431830\" style=\"width: 470px\" class=\"wp-caption aligncenter\"><a href=\"https:\/\/www.diarioimagen.net\/?attachment_id=431830\" rel=\"attachment wp-att-431830\"><img loading=\"lazy\" decoding=\"async\" aria-describedby=\"caption-attachment-431830\" class=\"size-large wp-image-431830\" src=\"https:\/\/www.diarioimagen.net\/wp-content\/uploads\/2019\/06\/TULTEPEC-460x259.jpg\" alt=\"\" width=\"460\" height=\"259\" srcset=\"https:\/\/www.diarioimagen.net\/wp-content\/uploads\/2019\/06\/TULTEPEC-460x259.jpg 460w, https:\/\/www.diarioimagen.net\/wp-content\/uploads\/2019\/06\/TULTEPEC-240x135.jpg 240w, https:\/\/www.diarioimagen.net\/wp-content\/uploads\/2019\/06\/TULTEPEC-235x132.jpg 235w, https:\/\/www.diarioimagen.net\/wp-content\/uploads\/2019\/06\/TULTEPEC-202x114.jpg 202w, https:\/\/www.diarioimagen.net\/wp-content\/uploads\/2019\/06\/TULTEPEC-350x196.jpg 350w, https:\/\/www.diarioimagen.net\/wp-content\/uploads\/2019\/06\/TULTEPEC-220x123.jpg 220w, https:\/\/www.diarioimagen.net\/wp-content\/uploads\/2019\/06\/TULTEPEC-237x132.jpg 237w, https:\/\/www.diarioimagen.net\/wp-content\/uploads\/2019\/06\/TULTEPEC.jpg 480w\" sizes=\"auto, (max-width: 460px) 100vw, 460px\" \/><\/a><p id=\"caption-attachment-431830\" class=\"wp-caption-text\">El cabildo aprob\u00f3 que a propietarios les sean condonados los derechos por asignaci\u00f3n de clave y valor catastral, recargos y accesorios del pago extempor\u00e1neo del impuesto predial.<\/p><\/div>\n<p>&nbsp;<\/p>\n<p><strong>Tultepec, Estado de M\u00e9xico<\/strong>.- Para ofrecer a los propietarios o poseedores de predios las herramientas necesarias que les brinden mayor certeza jur\u00eddica sobre su patrimonio, el cabildo aprob\u00f3 la realizaci\u00f3n de un programa de incorporaci\u00f3n al padr\u00f3n catastral de la colonia El Quemado para el presente a\u00f1o.<\/p>\n<p>Consiste en una invitaci\u00f3n personal para integrar al padr\u00f3n catastral, a cada uno de los propietarios de los 1,150 predios que componen la comunidad de El Quemado, mismos que por falta de acuerdos con el ejido que le dio origen, a la fecha se encuentran ocultos al inter\u00e9s catastral.<\/p>\n<p>El ayuntamiento 2019-2021, aprob\u00f3 por unanimidad el punto de acuerdo antes mencionado, e instruy\u00f3 a la Jefatura de Catastro, dependiente de la Tesorer\u00eda Municipal, para realizar los actos necesarios para el cumplimiento del mismo, condonando las contribuciones y accesorios anteriores al ejercicio fiscal de 2019.<\/p>\n<p>A partir de este lunes, el ayuntamiento iniciar\u00e1 una campa\u00f1a de difusi\u00f3n para orientar al ciudadano sobre el objetivo del programa, invitando a los interesados para que acudan a la ventanilla de Catastro y obtener su formato de manifestaci\u00f3n catastral, la cual deber\u00e1n llenar y firmar.<\/p>\n<p>Posteriormente, se fijar\u00e1 fecha y hora para que personal de catastro realice una verificaci\u00f3n de linderos, y una vez reunidos los requisitos necesarios, cada propiedad ser\u00e1 dada de alta en el padr\u00f3n catastral con la clave correspondiente.<\/p>\n<p>Entre los requisitos solicitados, los interesados deber\u00e1n presentar el documento que acredite la propiedad o posesi\u00f3n del bien a registrar, recibo de agua al corriente, identificaci\u00f3n oficial del comprador y vendedor (INE, Cartilla del SMN), constancia de verificaci\u00f3n de linderos expedida por la unidad de catastro municipal, en originales y copias para el cotejo.<\/p>\n<p>El cabildo tambi\u00e9n aprob\u00f3 que a los propietarios o poseedores que se incorporen al programa, les sean condonados los derechos por asignaci\u00f3n de clave y valor catastral, as\u00ed como los recargos y accesorios derivados del pago extempor\u00e1neo del impuesto predial.<\/p>\n<p>Esto dar\u00e1 el beneficio a los propietarios o poseedores del predio de conocer el valor catastral real de su propiedad, lo que sin duda ser\u00e1 un referente para efectuar futuras operaciones de compra venta, al serles asignada una clave catastral con la que podr\u00e1n pagar su impuesto predial.<\/p>\n<p>Adem\u00e1s, permitir\u00e1 al Ayuntamiento ampliar la base catastral y en lo sucesivo regular los movimientos traslativos de la propiedad que pudieran registrarse, adem\u00e1s de fomentar la cultura del pago de impuestos y derechos, incrementando el potencial de recaudaci\u00f3n municipal, lo que sin duda incidir\u00e1 favorablemente en el incremento de participaciones federales para la construcci\u00f3n de mayores obras de beneficio com\u00fan.<\/p>\n","protected":false},"excerpt":{"rendered":"<p>Para ofrecer a los propietarios o poseedores de predios las herramientas necesarias que les brinden mayor certeza jur\u00eddica sobre su patrimonio, el cabildo aprob\u00f3 la realizaci\u00f3n de un programa de incorporaci\u00f3n al padr\u00f3n catastral de la colonia El Quemado para el presente a\u00f1o.<\/p>\n","protected":false},"author":3,"featured_media":431830,"comment_status":"open","ping_status":"open","sticky":false,"template":"","format":"standard","meta":{"_monsterinsights_skip_tracking":false,"_monsterinsights_sitenote_active":false,"_monsterinsights_sitenote_note":"","_monsterinsights_sitenote_category":0,"footnotes":""},"categories":[5],"tags":[43675,3802],"class_list":["post-431792","post","type-post","status-publish","format-standard","has-post-thumbnail","hentry","category-estado-de-mexico","tag-estado-de-mexico","tag-tultepec"],"_links":{"self":[{"href":"https:\/\/www.diarioimagen.net\/index.php?rest_route=\/wp\/v2\/posts\/431792","targetHints":{"allow":["GET"]}}],"collection":[{"href":"https:\/\/www.diarioimagen.net\/index.php?rest_route=\/wp\/v2\/posts"}],"about":[{"href":"https:\/\/www.diarioimagen.net\/index.php?rest_route=\/wp\/v2\/types\/post"}],"author":[{"embeddable":true,"href":"https:\/\/www.diarioimagen.net\/index.php?rest_route=\/wp\/v2\/users\/3"}],"replies":[{"embeddable":true,"href":"https:\/\/www.diarioimagen.net\/index.php?rest_route=%2Fwp%2Fv2%2Fcomments&post=431792"}],"version-history":[{"count":0,"href":"https:\/\/www.diarioimagen.net\/index.php?rest_route=\/wp\/v2\/posts\/431792\/revisions"}],"wp:featuredmedia":[{"embeddable":true,"href":"https:\/\/www.diarioimagen.net\/index.php?rest_route=\/wp\/v2\/media\/431830"}],"wp:attachment":[{"href":"https:\/\/www.diarioimagen.net\/index.php?rest_route=%2Fwp%2Fv2%2Fmedia&parent=431792"}],"wp:term":[{"taxonomy":"category","embeddable":true,"href":"https:\/\/www.diarioimagen.net\/index.php?rest_route=%2Fwp%2Fv2%2Fcategories&post=431792"},{"taxonomy":"post_tag","embeddable":true,"href":"https:\/\/www.diarioimagen.net\/index.php?rest_route=%2Fwp%2Fv2%2Ftags&post=431792"}],"curies":[{"name":"wp","href":"https:\/\/api.w.org\/{rel}","templated":true}]}}