{"id":431969,"date":"2019-06-18T00:05:36","date_gmt":"2019-06-18T05:05:36","guid":{"rendered":"https:\/\/www.diarioimagen.net\/?p=431969"},"modified":"2019-06-18T06:51:53","modified_gmt":"2019-06-18T11:51:53","slug":"no-se-atentara-contra-la-voluntad-de-ciudadanos-alcalde-ariel-juarez","status":"publish","type":"post","link":"https:\/\/www.diarioimagen.net\/?p=431969","title":{"rendered":"No se atentar\u00e1 contra la voluntad\u00a0de ciudadanos: alcalde Ariel Ju\u00e1rez"},"content":{"rendered":"<ul>\n<li><em><b>Se re\u00fane con habitantes de Galaxia y La Guadalupana<\/b><\/em><\/li>\n<\/ul>\n<p>&nbsp;<\/p>\n<div id=\"attachment_431970\" style=\"width: 470px\" class=\"wp-caption aligncenter\"><a href=\"https:\/\/www.diarioimagen.net\/wp-content\/uploads\/2019\/06\/CUAUTITLAN.jpg\"><img loading=\"lazy\" decoding=\"async\" aria-describedby=\"caption-attachment-431970\" class=\"size-large wp-image-431970\" src=\"https:\/\/www.diarioimagen.net\/wp-content\/uploads\/2019\/06\/CUAUTITLAN-460x259.jpg\" alt=\"\" width=\"460\" height=\"259\" srcset=\"https:\/\/www.diarioimagen.net\/wp-content\/uploads\/2019\/06\/CUAUTITLAN-460x259.jpg 460w, https:\/\/www.diarioimagen.net\/wp-content\/uploads\/2019\/06\/CUAUTITLAN-240x135.jpg 240w, https:\/\/www.diarioimagen.net\/wp-content\/uploads\/2019\/06\/CUAUTITLAN-235x132.jpg 235w, https:\/\/www.diarioimagen.net\/wp-content\/uploads\/2019\/06\/CUAUTITLAN-202x114.jpg 202w, https:\/\/www.diarioimagen.net\/wp-content\/uploads\/2019\/06\/CUAUTITLAN-350x196.jpg 350w, https:\/\/www.diarioimagen.net\/wp-content\/uploads\/2019\/06\/CUAUTITLAN-220x123.jpg 220w, https:\/\/www.diarioimagen.net\/wp-content\/uploads\/2019\/06\/CUAUTITLAN-237x132.jpg 237w, https:\/\/www.diarioimagen.net\/wp-content\/uploads\/2019\/06\/CUAUTITLAN.jpg 480w\" sizes=\"auto, (max-width: 460px) 100vw, 460px\" \/><\/a><p id=\"caption-attachment-431970\" class=\"wp-caption-text\">El presidente Andr\u00e9s Manuel L\u00f3pez Obrador dijo que, en el caso del Aeropuerto de Santa Luc\u00eda, ejercer\u00e1 en todo momento su derecho de libre expresi\u00f3n, luego de las manifestaciones de una asociaci\u00f3n de abogados que piden que no toque ese tema de forma abierta.<\/p><\/div>\n<p>&nbsp;<\/p>\n<p><b>Cuautitl\u00e1n, Estado de M\u00e9xico.- <\/b>En Cuautitl\u00e1n no atentaremos en contra de la voluntad de la ciudadan\u00eda y siempre haremos un llamado a ser solidarios, destac\u00f3 el presidente municipal, Ariel Ju\u00e1rez, al reunirse con vecinos de las comunidades de Galaxia y La Guadalupana, derivado de los problemas de la falta del vital l\u00edquido por el nulo mantenimiento en la infraestructura hidr\u00e1ulica. No es necesario generar brotes de conflicto entre la poblaci\u00f3n, que lo \u00fanico que hacen es mal informar tendenciosamente situaciones que no se han realizado, por lo que las obras que realicemos ser\u00e1n primeramente informadas a todos los vecinos y<span class=\"Apple-converted-space\">\u00a0 <\/span>de manera consensada, detall\u00f3.<\/p>\n<p>En esta reuni\u00f3n con vecinos y representantes sociales de Galaxia y La Guadalupana, Ju\u00e1rez Rodr\u00edguez estuvo acompa\u00f1ado de los directores de la administraci\u00f3n municipal, donde se\u00f1al\u00f3 que diversas personas est\u00e1n utilizando las redes sociales para desinformar la situaci\u00f3n de los<span class=\"Apple-converted-space\">\u00a0 <\/span>pozos de ambas comunidades<span class=\"Apple-converted-space\">\u00a0<\/span><\/p>\n<p>Personal de la Direcci\u00f3n de Agua dio un informe t\u00e9cnico sobre las condicioness del pozo y las acciones realizadas recientemente para continuar sus funcionamiento, en este sentido algunos vecinos se\u00f1alaron casos de robo en el equipamiento de los pozos por parte del personal que laboraba en anteriores administraciones, y se tiene contempladas realizar acciones legales pertinentes para resarcir los da\u00f1os en perjuicio del municipio, reconoci\u00f3 el alcalde.<\/p>\n","protected":false},"excerpt":{"rendered":"<p>En Cuautitl\u00e1n no atentaremos en contra de la voluntad de la ciudadan\u00eda y siempre haremos un llamado a ser solidarios, destac\u00f3 el presidente municipal, Ariel Ju\u00e1rez<\/p>\n","protected":false},"author":1,"featured_media":431970,"comment_status":"open","ping_status":"open","sticky":false,"template":"","format":"standard","meta":{"_monsterinsights_skip_tracking":false,"_monsterinsights_sitenote_active":false,"_monsterinsights_sitenote_note":"","_monsterinsights_sitenote_category":0,"footnotes":""},"categories":[35155],"tags":[681,43675],"class_list":["post-431969","post","type-post","status-publish","format-standard","has-post-thumbnail","hentry","category-estado-de-mexico-estado-de-mexico","tag-cuautitlan","tag-estado-de-mexico"],"_links":{"self":[{"href":"https:\/\/www.diarioimagen.net\/index.php?rest_route=\/wp\/v2\/posts\/431969","targetHints":{"allow":["GET"]}}],"collection":[{"href":"https:\/\/www.diarioimagen.net\/index.php?rest_route=\/wp\/v2\/posts"}],"about":[{"href":"https:\/\/www.diarioimagen.net\/index.php?rest_route=\/wp\/v2\/types\/post"}],"author":[{"embeddable":true,"href":"https:\/\/www.diarioimagen.net\/index.php?rest_route=\/wp\/v2\/users\/1"}],"replies":[{"embeddable":true,"href":"https:\/\/www.diarioimagen.net\/index.php?rest_route=%2Fwp%2Fv2%2Fcomments&post=431969"}],"version-history":[{"count":0,"href":"https:\/\/www.diarioimagen.net\/index.php?rest_route=\/wp\/v2\/posts\/431969\/revisions"}],"wp:featuredmedia":[{"embeddable":true,"href":"https:\/\/www.diarioimagen.net\/index.php?rest_route=\/wp\/v2\/media\/431970"}],"wp:attachment":[{"href":"https:\/\/www.diarioimagen.net\/index.php?rest_route=%2Fwp%2Fv2%2Fmedia&parent=431969"}],"wp:term":[{"taxonomy":"category","embeddable":true,"href":"https:\/\/www.diarioimagen.net\/index.php?rest_route=%2Fwp%2Fv2%2Fcategories&post=431969"},{"taxonomy":"post_tag","embeddable":true,"href":"https:\/\/www.diarioimagen.net\/index.php?rest_route=%2Fwp%2Fv2%2Ftags&post=431969"}],"curies":[{"name":"wp","href":"https:\/\/api.w.org\/{rel}","templated":true}]}}