{"id":431972,"date":"2019-06-18T00:04:53","date_gmt":"2019-06-18T05:04:53","guid":{"rendered":"https:\/\/www.diarioimagen.net\/?p=431972"},"modified":"2019-06-18T06:56:38","modified_gmt":"2019-06-18T11:56:38","slug":"alumno-de-uaem-representara-a-mexico-en-campeonato-internacional-de-microsoft","status":"publish","type":"post","link":"https:\/\/www.diarioimagen.net\/?p=431972","title":{"rendered":"Alumno de UAEM representar\u00e1 a M\u00e9xico\u00a0en campeonato internacional de Microsoft"},"content":{"rendered":"<ul>\n<li><em><b>Jacob Hern\u00e1ndez Mej\u00eda viajar\u00e1 a Estados Unidos<\/b><\/em><\/li>\n<\/ul>\n<p>&nbsp;<\/p>\n<div id=\"attachment_431973\" style=\"width: 470px\" class=\"wp-caption aligncenter\"><a href=\"https:\/\/www.diarioimagen.net\/wp-content\/uploads\/2019\/06\/UAEM-18-ok.jpg\"><img loading=\"lazy\" decoding=\"async\" aria-describedby=\"caption-attachment-431973\" class=\"size-large wp-image-431973\" src=\"https:\/\/www.diarioimagen.net\/wp-content\/uploads\/2019\/06\/UAEM-18-ok-460x259.jpg\" alt=\"\" width=\"460\" height=\"259\" srcset=\"https:\/\/www.diarioimagen.net\/wp-content\/uploads\/2019\/06\/UAEM-18-ok-460x259.jpg 460w, https:\/\/www.diarioimagen.net\/wp-content\/uploads\/2019\/06\/UAEM-18-ok-240x135.jpg 240w, https:\/\/www.diarioimagen.net\/wp-content\/uploads\/2019\/06\/UAEM-18-ok-235x132.jpg 235w, https:\/\/www.diarioimagen.net\/wp-content\/uploads\/2019\/06\/UAEM-18-ok-202x114.jpg 202w, https:\/\/www.diarioimagen.net\/wp-content\/uploads\/2019\/06\/UAEM-18-ok-350x196.jpg 350w, https:\/\/www.diarioimagen.net\/wp-content\/uploads\/2019\/06\/UAEM-18-ok-220x123.jpg 220w, https:\/\/www.diarioimagen.net\/wp-content\/uploads\/2019\/06\/UAEM-18-ok-237x132.jpg 237w, https:\/\/www.diarioimagen.net\/wp-content\/uploads\/2019\/06\/UAEM-18-ok.jpg 480w\" sizes=\"auto, (max-width: 460px) 100vw, 460px\" \/><\/a><p id=\"caption-attachment-431973\" class=\"wp-caption-text\">Jacob Hern\u00e1ndez Mej\u00eda gan\u00f3 el primer lugar del Campeonato Nacional de Microsoft Office Specialist 2019 y obtuvo su pase directo a la contienda mundial.<\/p><\/div>\n<p>&nbsp;<\/p>\n<p><b>Toluca, Estado de M\u00e9xico.\u2013 <\/b>Jacob Hern\u00e1ndez Mej\u00eda, estudiante del cuarto semestre de la Licenciatura en Actuar\u00eda de la Facultad de Econom\u00eda de la Universidad Aut\u00f3noma del Estado de M\u00e9xico, gan\u00f3 el primer lugar, en la categor\u00eda Excel 2013, del Campeonato Nacional de Microsoft Office Specialist 2019, que se realiz\u00f3 en Zapopan, Jalisco.<\/p>\n<p>De esta manera, Hern\u00e1ndez Mej\u00eda obtuvo su pase directo a la contienda mundial, que se llevar\u00e1 a cabo en Nueva York, Estados Unidos, a finales del mes de julio y en la que representar\u00e1 a nuestro pa\u00eds.<\/p>\n<p>Jacob Hern\u00e1ndez expres\u00f3 su seguridad para competir en la fase internacional del certamen, en el que buscar\u00e1 el p\u00f3dium. \u201cDedicar\u00e9 m\u00e1s horas de estudio para refrendar el prestigio de mi universidad en este concurso, en el que se ha colocado en el top ten\u201d.<\/p>\n<p>Para ganar esta competencia, abund\u00f3 Hern\u00e1ndez Mej\u00eda, apliqu\u00e9 todos los conocimientos y habilidades que afin\u00e9 o adquir\u00ed durante los dos meses que dur\u00f3 la capacitaci\u00f3n.<\/p>\n<p>La jefa del Departamento de Capacitaci\u00f3n de la Direcci\u00f3n de Tecnolog\u00edas de la Informaci\u00f3n y Comunicaciones de la UAEM, Martha Matadamas G\u00f3mez, mentora de los alumnos que participan en este certamen, explic\u00f3 que luego de pasar diversos filtros interinstitucionales y recibir una ardua capacitaci\u00f3n, en esta edici\u00f3n participaron cinco estudiantes en alguna de las categor\u00edas del campeonato.<\/p>\n<p>\u201cEstoy sumamente satisfecha porque es la primera vez que cinco alumnos de la UAEM participan en el campeonato nacional, lo cual nos refrenda como una instituci\u00f3n de educaci\u00f3n superior de alto nivel\u201d.<\/p>\n<p>En este certamen, Juan Manuel Su\u00e1rez Garc\u00eda, tambi\u00e9n estudiante del cuarto semestre de la Licenciatura en Actuar\u00eda, obtuvo el segundo lugar en la categor\u00eda Excel 2016.<\/p>\n","protected":false},"excerpt":{"rendered":"<p>Jacob Hern\u00e1ndez Mej\u00eda, estudiante del cuarto semestre de la Licenciatura en Actuar\u00eda de la Facultad de Econom\u00eda de la Universidad Aut\u00f3noma del Estado de M\u00e9xico, gan\u00f3 el primer lugar, en la categor\u00eda Excel 2013, del Campeonato Nacional de Microsoft Office Specialist 2019, que se realiz\u00f3 en Zapopan, Jalisco.<\/p>\n","protected":false},"author":1,"featured_media":431973,"comment_status":"open","ping_status":"open","sticky":false,"template":"","format":"standard","meta":{"_monsterinsights_skip_tracking":false,"_monsterinsights_sitenote_active":false,"_monsterinsights_sitenote_note":"","_monsterinsights_sitenote_category":0,"footnotes":""},"categories":[35155],"tags":[43675,452],"class_list":["post-431972","post","type-post","status-publish","format-standard","has-post-thumbnail","hentry","category-estado-de-mexico-estado-de-mexico","tag-estado-de-mexico","tag-toluca"],"_links":{"self":[{"href":"https:\/\/www.diarioimagen.net\/index.php?rest_route=\/wp\/v2\/posts\/431972","targetHints":{"allow":["GET"]}}],"collection":[{"href":"https:\/\/www.diarioimagen.net\/index.php?rest_route=\/wp\/v2\/posts"}],"about":[{"href":"https:\/\/www.diarioimagen.net\/index.php?rest_route=\/wp\/v2\/types\/post"}],"author":[{"embeddable":true,"href":"https:\/\/www.diarioimagen.net\/index.php?rest_route=\/wp\/v2\/users\/1"}],"replies":[{"embeddable":true,"href":"https:\/\/www.diarioimagen.net\/index.php?rest_route=%2Fwp%2Fv2%2Fcomments&post=431972"}],"version-history":[{"count":0,"href":"https:\/\/www.diarioimagen.net\/index.php?rest_route=\/wp\/v2\/posts\/431972\/revisions"}],"wp:featuredmedia":[{"embeddable":true,"href":"https:\/\/www.diarioimagen.net\/index.php?rest_route=\/wp\/v2\/media\/431973"}],"wp:attachment":[{"href":"https:\/\/www.diarioimagen.net\/index.php?rest_route=%2Fwp%2Fv2%2Fmedia&parent=431972"}],"wp:term":[{"taxonomy":"category","embeddable":true,"href":"https:\/\/www.diarioimagen.net\/index.php?rest_route=%2Fwp%2Fv2%2Fcategories&post=431972"},{"taxonomy":"post_tag","embeddable":true,"href":"https:\/\/www.diarioimagen.net\/index.php?rest_route=%2Fwp%2Fv2%2Ftags&post=431972"}],"curies":[{"name":"wp","href":"https:\/\/api.w.org\/{rel}","templated":true}]}}