{"id":431975,"date":"2019-06-18T00:02:41","date_gmt":"2019-06-18T05:02:41","guid":{"rendered":"https:\/\/www.diarioimagen.net\/?p=431975"},"modified":"2019-06-18T06:59:43","modified_gmt":"2019-06-18T11:59:43","slug":"en-cuautitlan-izcalli-se-garantizan-los-derechos-de-migrantes-indocumentados","status":"publish","type":"post","link":"https:\/\/www.diarioimagen.net\/?p=431975","title":{"rendered":"En Cuautitl\u00e1n Izcalli se garantizan los\u00a0derechos de migrantes indocumentados"},"content":{"rendered":"<ul>\n<li><em><b>Proyecto para brindarles hospitalidad<\/b><\/em><\/li>\n<\/ul>\n<p>&nbsp;<\/p>\n<div id=\"attachment_431977\" style=\"width: 470px\" class=\"wp-caption aligncenter\"><a href=\"https:\/\/www.diarioimagen.net\/wp-content\/uploads\/2019\/06\/izcalli.jpg\"><img loading=\"lazy\" decoding=\"async\" aria-describedby=\"caption-attachment-431977\" class=\"size-large wp-image-431977\" src=\"https:\/\/www.diarioimagen.net\/wp-content\/uploads\/2019\/06\/izcalli-460x259.jpg\" alt=\"\" width=\"460\" height=\"259\" srcset=\"https:\/\/www.diarioimagen.net\/wp-content\/uploads\/2019\/06\/izcalli-460x259.jpg 460w, https:\/\/www.diarioimagen.net\/wp-content\/uploads\/2019\/06\/izcalli-240x135.jpg 240w, https:\/\/www.diarioimagen.net\/wp-content\/uploads\/2019\/06\/izcalli-235x132.jpg 235w, https:\/\/www.diarioimagen.net\/wp-content\/uploads\/2019\/06\/izcalli-202x114.jpg 202w, https:\/\/www.diarioimagen.net\/wp-content\/uploads\/2019\/06\/izcalli-350x196.jpg 350w, https:\/\/www.diarioimagen.net\/wp-content\/uploads\/2019\/06\/izcalli-220x123.jpg 220w, https:\/\/www.diarioimagen.net\/wp-content\/uploads\/2019\/06\/izcalli-237x132.jpg 237w, https:\/\/www.diarioimagen.net\/wp-content\/uploads\/2019\/06\/izcalli.jpg 480w\" sizes=\"auto, (max-width: 460px) 100vw, 460px\" \/><\/a><p id=\"caption-attachment-431977\" class=\"wp-caption-text\">La directora de Desarrollo Humano, Ma. Trinidad Canchola S\u00e1nchez, se\u00f1al\u00f3 que en Cuautitl\u00e1n Izcalli se trabaja en un proyecto que brinde apoyo al migrante.<\/p><\/div>\n<p>&nbsp;<\/p>\n<p><b>Cuautitl\u00e1n Izcalli, Estado de M\u00e9xico.- <\/b>Con la finalidad de encontrar estrategias que garanticen bienestar y cumplimiento de Derechos Humanos de los migrantes que transitan por el municipio de Cuautitl\u00e1n Izcalli, la defensor\u00eda municipal que encabeza Alexis Sorel Flores Sixtos, realiz\u00f3 una mesa de trabajo en donde se trataron los temas \u201cMigraci\u00f3n internacional\u201d y \u201cDesplazamiento forzado\u201d.<\/p>\n<p>De acuerdo a las cifras de las Naciones Unidas, M\u00e9xico ocupa el lugar 40 de migrantes a nivel nacional, es decir que el 0.03 por ciento de la poblaci\u00f3n es migrante.<span class=\"Apple-converted-space\">\u00a0<\/span><\/p>\n<p>La mesa de trabajo realizada en el sal\u00f3n Anexo a La Troje, cont\u00f3 con la participaci\u00f3n de las diferentes \u00e1reas de la administraci\u00f3n municipal, destacando el prop\u00f3sito de garantizar bienestar y cumplimiento de derechos humanos de los migrantes, y que se les otorgue acceso a servicios de salud y trabajo que permita su inserci\u00f3n a la sociedad, as\u00ed como el empoderamiento que los haga menos dependientes del gobierno.<\/p>\n<p>Por su parte la directora de Desarrollo Humano, Ma. Trinidad Canchola S\u00e1nchez, se\u00f1al\u00f3 que en Cuautitl\u00e1n Izcalli se trabaja en la realizaci\u00f3n de un proyecto que brinde apoyos al migrante, por lo que consider\u00f3 la importancia de llevar a cabo reuniones con los municipios aleda\u00f1os. El comisario de Seguridad P\u00fablica y Tr\u00e1nsito Municipal, Juan Daniel R\u00edos Garrido, indic\u00f3 que el tema de la migraci\u00f3n, desde la perspectiva de seguridad p\u00fablica, es determinar riesgos y posibilidades de la incorporaci\u00f3n de los migrantes a bandas delictivas o como informantes; as\u00ed tambi\u00e9n y evitar la explotaci\u00f3n laboral a que son sometidos.<\/p>\n","protected":false},"excerpt":{"rendered":"<p>Con la finalidad de encontrar estrategias que garanticen bienestar y cumplimiento de Derechos Humanos de los migrantes que transitan por el municipio de Cuautitl\u00e1n Izcalli, la defensor\u00eda municipal que encabeza Alexis Sorel Flores Sixtos, realiz\u00f3 una mesa de trabajo en donde se trataron los temas \u201cMigraci\u00f3n internacional\u201d y \u201cDesplazamiento forzado\u201d.<\/p>\n","protected":false},"author":1,"featured_media":431977,"comment_status":"open","ping_status":"open","sticky":false,"template":"","format":"standard","meta":{"_monsterinsights_skip_tracking":false,"_monsterinsights_sitenote_active":false,"_monsterinsights_sitenote_note":"","_monsterinsights_sitenote_category":0,"footnotes":""},"categories":[35155],"tags":[86169,43675],"class_list":["post-431975","post","type-post","status-publish","format-standard","has-post-thumbnail","hentry","category-estado-de-mexico-estado-de-mexico","tag-cuautitlan-estado-de-mexico","tag-estado-de-mexico"],"_links":{"self":[{"href":"https:\/\/www.diarioimagen.net\/index.php?rest_route=\/wp\/v2\/posts\/431975","targetHints":{"allow":["GET"]}}],"collection":[{"href":"https:\/\/www.diarioimagen.net\/index.php?rest_route=\/wp\/v2\/posts"}],"about":[{"href":"https:\/\/www.diarioimagen.net\/index.php?rest_route=\/wp\/v2\/types\/post"}],"author":[{"embeddable":true,"href":"https:\/\/www.diarioimagen.net\/index.php?rest_route=\/wp\/v2\/users\/1"}],"replies":[{"embeddable":true,"href":"https:\/\/www.diarioimagen.net\/index.php?rest_route=%2Fwp%2Fv2%2Fcomments&post=431975"}],"version-history":[{"count":0,"href":"https:\/\/www.diarioimagen.net\/index.php?rest_route=\/wp\/v2\/posts\/431975\/revisions"}],"wp:featuredmedia":[{"embeddable":true,"href":"https:\/\/www.diarioimagen.net\/index.php?rest_route=\/wp\/v2\/media\/431977"}],"wp:attachment":[{"href":"https:\/\/www.diarioimagen.net\/index.php?rest_route=%2Fwp%2Fv2%2Fmedia&parent=431975"}],"wp:term":[{"taxonomy":"category","embeddable":true,"href":"https:\/\/www.diarioimagen.net\/index.php?rest_route=%2Fwp%2Fv2%2Fcategories&post=431975"},{"taxonomy":"post_tag","embeddable":true,"href":"https:\/\/www.diarioimagen.net\/index.php?rest_route=%2Fwp%2Fv2%2Ftags&post=431975"}],"curies":[{"name":"wp","href":"https:\/\/api.w.org\/{rel}","templated":true}]}}