{"id":431979,"date":"2019-06-18T00:02:46","date_gmt":"2019-06-18T05:02:46","guid":{"rendered":"https:\/\/www.diarioimagen.net\/?p=431979"},"modified":"2019-06-18T07:05:55","modified_gmt":"2019-06-18T12:05:55","slug":"entregan-apoyos-a-adultos-mayores","status":"publish","type":"post","link":"https:\/\/www.diarioimagen.net\/?p=431979","title":{"rendered":"Entregan apoyos\u00a0a adultos mayores"},"content":{"rendered":"<p><a href=\"https:\/\/www.diarioimagen.net\/wp-content\/uploads\/2019\/06\/naucalpan.jpg\"><img loading=\"lazy\" decoding=\"async\" class=\"aligncenter size-large wp-image-431980\" src=\"https:\/\/www.diarioimagen.net\/wp-content\/uploads\/2019\/06\/naucalpan-460x259.jpg\" alt=\"\" width=\"460\" height=\"259\" srcset=\"https:\/\/www.diarioimagen.net\/wp-content\/uploads\/2019\/06\/naucalpan-460x259.jpg 460w, https:\/\/www.diarioimagen.net\/wp-content\/uploads\/2019\/06\/naucalpan-240x135.jpg 240w, https:\/\/www.diarioimagen.net\/wp-content\/uploads\/2019\/06\/naucalpan-235x132.jpg 235w, https:\/\/www.diarioimagen.net\/wp-content\/uploads\/2019\/06\/naucalpan-202x114.jpg 202w, https:\/\/www.diarioimagen.net\/wp-content\/uploads\/2019\/06\/naucalpan-350x196.jpg 350w, https:\/\/www.diarioimagen.net\/wp-content\/uploads\/2019\/06\/naucalpan-220x123.jpg 220w, https:\/\/www.diarioimagen.net\/wp-content\/uploads\/2019\/06\/naucalpan-237x132.jpg 237w, https:\/\/www.diarioimagen.net\/wp-content\/uploads\/2019\/06\/naucalpan.jpg 480w\" sizes=\"auto, (max-width: 460px) 100vw, 460px\" \/><\/a><\/p>\n<p>&nbsp;<\/p>\n<p><b>Naucalpan, Estado de M\u00e9xico.- <\/b>El ayuntamiento de Naucalpan, en coordinaci\u00f3n con el gobierno federal, llev\u00f3 a cabo la segunda entrega de apoyos del programa Pensi\u00f3n para el Bienestar de los Adultos Mayores. En total se contempla la entrega de<span class=\"Apple-converted-space\">\u00a0 <\/span>mil 100 apoyos para igual n\u00famero de beneficiarios. Ayer lunes en el Auditorio Isidro Fabela del Palacio Municipal se otorgaron 500 de ellos a habitantes de 22 localidades como Tepatlaxco, Ejido de Cristo, El Tejocote, Las Torres y Los Cipreses, entre otras, inform\u00f3 el jefe Regional de Naucalpan de la Secretar\u00eda de Bienestar Federal, \u00d3scar Miguel Garc\u00eda Quiroz. \u201cPara el d\u00eda martes 18 se entregar\u00e1n m\u00e1s de 600 est\u00edmulos para los beneficiarios de Naucalpan Centro, que recibir\u00e1n 2 mil 550 pesos. El objetivo es trabajar coordinadamente ayuntamiento y gobierno federal para ayudar a quienes m\u00e1s lo necesitan\u201d.<\/p>\n","protected":false},"excerpt":{"rendered":"<p>El ayuntamiento de Naucalpan, en coordinaci\u00f3n con el gobierno federal, llev\u00f3 a cabo la segunda entrega de apoyos del programa Pensi\u00f3n para el Bienestar de los Adultos Mayores.<\/p>\n","protected":false},"author":1,"featured_media":431980,"comment_status":"open","ping_status":"open","sticky":false,"template":"","format":"standard","meta":{"_monsterinsights_skip_tracking":false,"_monsterinsights_sitenote_active":false,"_monsterinsights_sitenote_note":"","_monsterinsights_sitenote_category":0,"footnotes":""},"categories":[35155],"tags":[43675,970],"class_list":["post-431979","post","type-post","status-publish","format-standard","has-post-thumbnail","hentry","category-estado-de-mexico-estado-de-mexico","tag-estado-de-mexico","tag-naucalpan"],"_links":{"self":[{"href":"https:\/\/www.diarioimagen.net\/index.php?rest_route=\/wp\/v2\/posts\/431979","targetHints":{"allow":["GET"]}}],"collection":[{"href":"https:\/\/www.diarioimagen.net\/index.php?rest_route=\/wp\/v2\/posts"}],"about":[{"href":"https:\/\/www.diarioimagen.net\/index.php?rest_route=\/wp\/v2\/types\/post"}],"author":[{"embeddable":true,"href":"https:\/\/www.diarioimagen.net\/index.php?rest_route=\/wp\/v2\/users\/1"}],"replies":[{"embeddable":true,"href":"https:\/\/www.diarioimagen.net\/index.php?rest_route=%2Fwp%2Fv2%2Fcomments&post=431979"}],"version-history":[{"count":0,"href":"https:\/\/www.diarioimagen.net\/index.php?rest_route=\/wp\/v2\/posts\/431979\/revisions"}],"wp:featuredmedia":[{"embeddable":true,"href":"https:\/\/www.diarioimagen.net\/index.php?rest_route=\/wp\/v2\/media\/431980"}],"wp:attachment":[{"href":"https:\/\/www.diarioimagen.net\/index.php?rest_route=%2Fwp%2Fv2%2Fmedia&parent=431979"}],"wp:term":[{"taxonomy":"category","embeddable":true,"href":"https:\/\/www.diarioimagen.net\/index.php?rest_route=%2Fwp%2Fv2%2Fcategories&post=431979"},{"taxonomy":"post_tag","embeddable":true,"href":"https:\/\/www.diarioimagen.net\/index.php?rest_route=%2Fwp%2Fv2%2Ftags&post=431979"}],"curies":[{"name":"wp","href":"https:\/\/api.w.org\/{rel}","templated":true}]}}