{"id":431992,"date":"2019-06-18T00:14:47","date_gmt":"2019-06-18T05:14:47","guid":{"rendered":"https:\/\/www.diarioimagen.net\/?p=431992"},"modified":"2019-06-18T07:35:52","modified_gmt":"2019-06-18T12:35:52","slug":"monreal-no-no-hay-pase-automatico-para-marti-batres","status":"publish","type":"post","link":"https:\/\/www.diarioimagen.net\/?p=431992","title":{"rendered":"Monreal: no, no hay pase\u00a0autom\u00e1tico para Mart\u00ed Batres"},"content":{"rendered":"<h2>Tras la puerta del poder<\/h2>\n<h5>Roberto Vizca\u00edno<\/h5>\n<p>&nbsp;<\/p>\n<div id=\"attachment_431993\" style=\"width: 470px\" class=\"wp-caption aligncenter\"><a href=\"https:\/\/www.diarioimagen.net\/wp-content\/uploads\/2019\/06\/el-ego-priista-LUIS-XAVIER.jpg\"><img loading=\"lazy\" decoding=\"async\" aria-describedby=\"caption-attachment-431993\" class=\"size-large wp-image-431993\" src=\"https:\/\/www.diarioimagen.net\/wp-content\/uploads\/2019\/06\/el-ego-priista-LUIS-XAVIER-460x355.jpg\" alt=\"\" width=\"460\" height=\"355\" srcset=\"https:\/\/www.diarioimagen.net\/wp-content\/uploads\/2019\/06\/el-ego-priista-LUIS-XAVIER-460x355.jpg 460w, https:\/\/www.diarioimagen.net\/wp-content\/uploads\/2019\/06\/el-ego-priista-LUIS-XAVIER-240x185.jpg 240w, https:\/\/www.diarioimagen.net\/wp-content\/uploads\/2019\/06\/el-ego-priista-LUIS-XAVIER-768x593.jpg 768w, https:\/\/www.diarioimagen.net\/wp-content\/uploads\/2019\/06\/el-ego-priista-LUIS-XAVIER.jpg 1200w\" sizes=\"auto, (max-width: 460px) 100vw, 460px\" \/><\/a><p id=\"caption-attachment-431993\" class=\"wp-caption-text\">El ego pri\u00edsta&#8230; | Luis Xavier<\/p><\/div>\n<p>&nbsp;<\/p>\n<p>Ya lo se\u00f1alamos en este mismo espacio, <b>Mart\u00ed Batres<\/b> quiere repetir, reelegirse en la presidencia del Senado, pero tiene todo en contra para lograrlo.<\/p>\n<p>El senador n\u00famero 60 de su grupo, de nombre <b>Andr\u00e9s Manuel L\u00f3pez Obrador<\/b> no lo quiere. Ni en la presidencia del Senado ni en ninguna otra parte. Lo tolera.<\/p>\n<p>De los otros 59 legisladores de su bancada de Morena, pues no cuenta con la simpat\u00eda ni apoyo de quiz\u00e1 el 90%, pero en especial no tiene el apoyo de su coordinador, <b>Ricardo Monreal,<\/b> tambi\u00e9n presidente de la Junta de Coordinaci\u00f3n Pol\u00edtica.<\/p>\n<p>Menos a\u00fan de <b>Crist\u00f3bal Arias<\/b>, amigazo del tabasque\u00f1o de Palacio, quien ya hab\u00eda palomeado al michoacano a fines de agosto pasado para ser el primer presidente del Senado, pero que no lleg\u00f3 debido a una jugada de <b>Batres <\/b>y <b>Yeidckol Polevnsky<\/b>.<\/p>\n<p>El tema es que el primer obst\u00e1culo que enfrenta <b>Batres<\/b> no es la malquerencia que lo acompa\u00f1a, sino que la pr\u00e1ctica legislativa y la norma indican que nadie repite en ese cargo consecutivamente.<\/p>\n<p>Nadie lo ha hecho en los \u00faltimos 30 a\u00f1os de vida democr\u00e1tica de M\u00e9xico.<\/p>\n<p>Y menos se espera que ocurra en un momento donde la equidad de genero est\u00e1 pidiendo a gritos que la presidencia del Senado sea ocupada por una senadora.<\/p>\n<p>Y de otro partido. Quiz\u00e1 de la segunda fuerza parlamentaria, que es el PAN.<\/p>\n<p>En este contexto <b>Ricardo Monreal <\/b>reaccion\u00f3 ayer como golpeado por peque\u00f1os rayos el\u00e9ctricos cuando se le pregunt\u00f3 qu\u00e9 iba a pasar con la intenci\u00f3n de <b>Batres <\/b>de reelegirse en la presidencia del Senado.<\/p>\n<p>-Se habla que <b>Mart\u00ed Batres<\/b> quisiera repetir en la Mesa Directiva.<\/p>\n<p>\u201c\u00a1No!\u2026 el Grupo va a revisarlo, el Grupo Parlamentario est\u00e1 revis\u00e1ndolo (quien quedar\u00e1 en ese encargo)\u2026 <b>Mart\u00ed Batres <\/b>ha hecho muy buen trabajo\u2026 pero se est\u00e1 revisando por parte del Grupo Parlamentario\u2026 lo respetamos mucho, y vamos a ver qu\u00e9 decisi\u00f3n toma el Grupo, es mi amigo, es mi camarada\u201d.<\/p>\n<p>\u00bfUsted, amable lector, que deduce de la respuesta de <b>Monreal?<\/b> \u00bflo mismo que yo? \u00bfQu\u00e9 <b>Batres<\/b> no va?<\/p>\n<p style=\"text-align: center;\"><b>14 pendientes<\/b><\/p>\n<p>Nadie sabe si el tema de <b>Batres <\/b>surgi\u00f3 ayer en la conversaci\u00f3n que tuvo <b>Monreal <\/b>con <b>Andr\u00e9s Manuel L\u00f3pez Obrador<\/b> en Palacio Nacional.<\/p>\n<p>Lo \u00fanico que dijo el zacatecano es que en ese encuentro le fue muy bien. A \u00e9l, no a <b>Batres.<\/b><\/p>\n<p>\u201c\u2026 es muy amable el Presidente, normalmente me re\u00fano con \u00e9l cada semana, cada 10 d\u00edas, para tratar asuntos distintos de ambos Poderes, cuidamos mucho la autonom\u00eda, pero hay comunicaci\u00f3n permanente, estrecha.<\/p>\n<p>\u201cY ahora que iniciamos la plenaria del Grupo, que ma\u00f1ana iniciamos el Periodo Extraordinario, coincidi\u00f3 para revisar la agenda, <b>son 14 puntos <\/b>y <b>es una agenda pesada, <\/b>desde el T-MEC, que lo tenemos el mi\u00e9rcoles, hasta los nombramientos de la Junta y el Consejo Directivo de la reforma educativa, de la mejora continua de la educaci\u00f3n.<\/p>\n<p>\u201cVimos la agenda en general, obviamente (el T-MEC) est\u00e1 en el periodo como tema prioritario\u2026 va a generar estabilidad, confianza en los mercados financieros internacionales y en el mercado interno nacional. Es un buen anuncio porque nosotros estamos demostrando que queremos avanzar en el mercado internacional\u201d.<\/p>\n<p>Fuera de este tema, la conversaci\u00f3n con AMLO deriv\u00f3 en los 14 temas legislativos pendientes entre los cuales se encuentran, dijo: la Revocaci\u00f3n de Mandato, la Consulta Popular, la Ley de Austeridad, Cuidados Paliativos, o el 3de3, los nombramientos de la CRE, los nombramientos de Pemex, el nombramiento de la Comisi\u00f3n Federal de Electricidad, la Ley de Extinci\u00f3n de Dominio.<\/p>\n<p>\u201cUna agenda muy rica, pesada, complicada\u2026 todo tiene que ver con el Ejecutivo\u2026 estamos en conversaciones permanentes para sacar lo mejor posible las leyes que estamos dictaminando y que estamos aprobando\u201d, indic\u00f3.<\/p>\n<p style=\"text-align: center;\"><b>Nuevos despidos<\/b><\/p>\n<p>Las benditas redes sociales se volvieron a saturar en d\u00edas anteriores con reportes, testimonios, fotos, videos que dieron testimonio del cierre de unidades m\u00e9dicas urbanas del IMSS &#8211;El Universal retom\u00f3 el asunto en su espacio principal&#8211;, y el despido sin aviso previo ni indemnizaci\u00f3n de al menos 741 m\u00e9dicos y enfermeras.<\/p>\n<p>De ellos, afirman los propios afectados, 371 son m\u00e9dicos y 370 enfermeras, que laboraban bajo el r\u00e9gimen de honorarios en Unidades M\u00e9dicas Urbanas del programa IMSS Bienestar.<\/p>\n<p>Los hechos, sumados a la persistencia de falta de recursos presupuestales en el \u00e1rea de salud, y en especial en el IMSS e ISSSTE, redundan en una ya muy disminuida atenci\u00f3n a millones de derechohabientes, especialmente en zonas marginadas.<\/p>\n<p>Y si a eso se le agrega que sigue sin haber medicinas, pues el caso crea una verdadera crisis en el sistema de salud general en M\u00e9xico.<\/p>\n<p>\u00bfY qu\u00e9 dice el jefe de los jefes de las mencionadas instituciones? Pues que \u00e9l tiene otros datos y que se cansa ganso que M\u00e9xico, dirigido por \u00e9l, va a un servicio de salud como en los pa\u00edses n\u00f3rdicos.<\/p>\n<p>No pos s\u00ed, dir\u00eda su m\u00e1s fiel seguidor, que a pesar de esto y m\u00e1s, sigue teniendo por millones.<\/p>\n<p style=\"text-align: center;\"><b>El sutil encanto de los <i>fifis <span class=\"Apple-converted-space\">\u00a0<\/span><\/i> <span class=\"Apple-converted-space\">\u00a0<\/span><\/b><\/p>\n<p>Los productos de la burgues\u00eda son a veces irresistibles. Y m\u00e1s para quienes los han probado y luego se les proh\u00edbe acceder a ellos.<\/p>\n<p>Tal es el obvio caso de do\u00f1a <b>Yeidckol Polevnsky<\/b>, gerente por encargo de la dirigencia de Morena, quien en su etapa de empresaria y presidenta de Canacintra era una <i>fif\u00ed<\/i> m\u00e1s en el universo de la IP mexicana.<\/p>\n<p>Resulta que a do\u00f1a berrinches la encontraron usando avi\u00f3n privado para uno de sus traslados partidarios.<\/p>\n<p>Y como en su mundo partidario eso est\u00e1 altamente prohibido ya que ni el l\u00edder m\u00e1ximo de Morena usa aviones privados, pues tuvo que dar una explicaci\u00f3n.<\/p>\n<p>Y dijo que pues tuvo que alquilar un avi\u00f3n privado por 464 mil 740 pesotes porque \u201chab\u00eda sido amenazada de muerte\u201d,<\/p>\n<p>\u00a1Ufff!<\/p>\n<p><b>Alejandro Rojas D\u00edaz Dur\u00e1n<\/b> &#8211;suplente de <b>Ricardo Monreal <\/b>en el Senado&#8211; afirm\u00f3 que esa escusa no s\u00f3lo es rid\u00edcula sino ofensiva para el presidente Andr\u00e9s Manuel L\u00f3pez Obrador y sus seguidores en todo el pa\u00eds.<\/p>\n<p>\u00ab\u00a1Vaya!\u2026 ni el presidente <b>Andr\u00e9s Manuel L\u00f3pez Obrador<\/b> ha incrementado su seguridad, ni tom\u00f3 un vuelo privado cuando fue a Salamanca, pese a las amenazas del &#8216;Marro&#8217;, uno de los huachicoleros m\u00e1s violentos del pa\u00eds.<\/p>\n<p>\u201c\u00c9l mismo ha sido amenazado en varias ocasiones y jam\u00e1s ha recurrido a esas extravagancias y excesos\u00bb, se\u00f1al\u00f3.<\/p>\n<p><b>D\u00edaz Dur\u00e1n<\/b> ret\u00f3 a <b>Polevnsky<\/b> a que compruebe que ella cubri\u00f3 el costo del vuelo que comparti\u00f3 con el senador tamaulipeco <b>Am\u00e9rico Villarreal.<\/b><\/p>\n<p><span class=\"Apple-converted-space\">\u00a0<\/span>\u00abQue compruebe c\u00f3mo pag\u00f3 el avi\u00f3n privado y la factura correspondiente, si es que es verdad que ella pag\u00f3 ese vuelo privado\u00bb, insisti\u00f3 Rojas D\u00edaz Dur\u00e1n.<\/p>\n<p><span class=\"Apple-converted-space\">\u00a0<\/span>\u00abPolevnsky debi\u00f3 denunciar ante las autoridades competentes las amenazas, porque es la presidenta nacional del partido en el poder. No es l\u00f3gico lo que afirma\u00bb, subray\u00f3.<\/p>\n<p><em><a href=\"mailto:rvizcainoa@gmail.com\" target=\"_blank\" rel=\"noopener noreferrer\">rvizcainoa@gmail.com<\/a><br \/>\n<u><a href=\"http:\/\/endirecto.mx\" target=\"_blank\" rel=\"noopener noreferrer\">www.endirecto.mx<\/a><br \/>\n<a href=\"https:\/\/twitter.com\/_rvizcaino\" target=\"_blank\" rel=\"noopener noreferrer\">@_RVizcaino<\/a><br \/>\n<a href=\"https:\/\/www.facebook.com\/rvizcainoa\" target=\"_blank\" rel=\"noopener noreferrer\">facebook.com\/rvizcainoa<\/a><\/u><\/em><\/p>\n","protected":false},"excerpt":{"rendered":"<p><span style=\"color: #005497;\"><strong>Roberto Vizca\u00edno<\/strong><\/span><br \/>\n<br \/>\nYa lo se\u00f1alamos en este mismo espacio, Mart\u00ed Batres quiere repetir, reelegirse en la presidencia del Senado, pero tiene todo en contra para lograrlo.<\/p>\n","protected":false},"author":1,"featured_media":431993,"comment_status":"open","ping_status":"open","sticky":false,"template":"","format":"standard","meta":{"_monsterinsights_skip_tracking":false,"_monsterinsights_sitenote_active":false,"_monsterinsights_sitenote_note":"","_monsterinsights_sitenote_category":0,"footnotes":""},"categories":[136],"tags":[43674,93,94],"class_list":["post-431992","post","type-post","status-publish","format-standard","has-post-thumbnail","hentry","category-roberto-vizcaino-opinion","tag-opinion","tag-roberto-vizcaino","tag-tras-la-puerta-del-poder"],"_links":{"self":[{"href":"https:\/\/www.diarioimagen.net\/index.php?rest_route=\/wp\/v2\/posts\/431992","targetHints":{"allow":["GET"]}}],"collection":[{"href":"https:\/\/www.diarioimagen.net\/index.php?rest_route=\/wp\/v2\/posts"}],"about":[{"href":"https:\/\/www.diarioimagen.net\/index.php?rest_route=\/wp\/v2\/types\/post"}],"author":[{"embeddable":true,"href":"https:\/\/www.diarioimagen.net\/index.php?rest_route=\/wp\/v2\/users\/1"}],"replies":[{"embeddable":true,"href":"https:\/\/www.diarioimagen.net\/index.php?rest_route=%2Fwp%2Fv2%2Fcomments&post=431992"}],"version-history":[{"count":0,"href":"https:\/\/www.diarioimagen.net\/index.php?rest_route=\/wp\/v2\/posts\/431992\/revisions"}],"wp:featuredmedia":[{"embeddable":true,"href":"https:\/\/www.diarioimagen.net\/index.php?rest_route=\/wp\/v2\/media\/431993"}],"wp:attachment":[{"href":"https:\/\/www.diarioimagen.net\/index.php?rest_route=%2Fwp%2Fv2%2Fmedia&parent=431992"}],"wp:term":[{"taxonomy":"category","embeddable":true,"href":"https:\/\/www.diarioimagen.net\/index.php?rest_route=%2Fwp%2Fv2%2Fcategories&post=431992"},{"taxonomy":"post_tag","embeddable":true,"href":"https:\/\/www.diarioimagen.net\/index.php?rest_route=%2Fwp%2Fv2%2Ftags&post=431992"}],"curies":[{"name":"wp","href":"https:\/\/api.w.org\/{rel}","templated":true}]}}