{"id":432001,"date":"2019-06-18T00:17:40","date_gmt":"2019-06-18T05:17:40","guid":{"rendered":"https:\/\/www.diarioimagen.net\/?p=432001"},"modified":"2019-06-25T06:04:12","modified_gmt":"2019-06-25T11:04:12","slug":"la-tentacion-autoritaria-de-la-reforma-electoral-i","status":"publish","type":"post","link":"https:\/\/www.diarioimagen.net\/?p=432001","title":{"rendered":"La tentaci\u00f3n autoritaria de la reforma electoral \u2022 I"},"content":{"rendered":"<h2>Caleidoscopio<\/h2>\n<h5>Guillermina G\u00f3mora Ord\u00f3\u00f1ez<\/h5>\n<p>&nbsp;<\/p>\n<p>Lo prometido es deuda, Morena anunci\u00f3 el a\u00f1o pasado que impulsar\u00eda una reforma para \u201creflexionar sobre el papel y atribuciones del <b>Instituto Nacional Electoral<\/b> (INE)\u201d, y ahora lo tiene contra las cuerdas al m\u00e1s puro estilo del partido hegem\u00f3nico.<\/p>\n<p>Bajo la bandera de la austeridad y de consolidar un sistema democr\u00e1tico eficiente, Morena y sus legisladores (mayor\u00eda en el Congreso) buscan el control de todas las elecciones en el pa\u00eds, desde la presidencial hasta las municipales; disminuir el n\u00famero de consejeros del INE de once a siete, y eliminar los <b>Organismos Electorales de los Estados<\/b> (<b>OPLES<\/b>)<\/p>\n<p>En septiembre de 2018, <b>Horacio Duarte, representante de Morena ante el INE, <\/b>alert\u00f3 del escenario que vendr\u00eda, luego de que el <b>Tribunal Electoral del Poder Judicial de la Federaci\u00f3n<\/b> revocara por unanimidad la multa de 197 millones de pesos que impuso el INE al partido de <b>Andr\u00e9s Manuel L\u00f3pez Obrador<\/b> por el mal uso de un fideicomiso que cre\u00f3 para ayudar a los damnificados del sismo del 19 de septiembre en 2017.<\/p>\n<p>\u201cVamos a revisar si hay condiciones para una nueva reforma electoral, yo creo que esta resoluci\u00f3n obliga a los consejeros del INE a reflexionar sobre su papel y su trabajo, de c\u00f3mo hacen sus investigaciones\u201d, dijo Duarte.<\/p>\n<p>Cant\u00f3 el tiro, y s\u00f3lo esperaron los tiempos, el actual subsecretario de Empleo, responsable del programa \u201cJ\u00f3venes Construyendo el Futuro\u201d, lidera la embestida a trav\u00e9s de su suplente en San L\u00e1zaro, el <b>diputado Sergio Guti\u00e9rrez Luna,<\/b> quien protege la propuesta legal presentada ante el pleno el pasado 6 de marzo y preside los foros sobre el tema.<\/p>\n<p>Guti\u00e9rrez dice que se han analizado aproximadamente 120 iniciativas y que el objetivo de la reforma electoral es \u201cque no se contin\u00fae dilapidando tanto dinero en las elecciones ni en los \u00f3rganos electorales\u201d. \u00bfSer\u00e1? Para el ejercicio de 2019, Morena recibi\u00f3 del INE mil 628 millones 333 mil 415 pesos en prerrogativas y no se quej\u00f3.<\/p>\n<p>Lo cierto es que, el partido en el poder busca pasar facturas y cobrar viejos agravios a las autoridades electorales, a las que por a\u00f1os acusaron de fraude y falta de certezas. <b>\u00a1Al diablo las instituciones!, <\/b>producto de la lucha de la izquierda y la derecha mexicana que derrot\u00f3 un modelo centralista y abri\u00f3 el sistema pol\u00edtico mexicano a los ciudadanos.<\/p>\n<p>Una batalla que llev\u00f3 a la creaci\u00f3n del IFE (1990) y a la instrumentaci\u00f3n de diversas reformas para perfeccionar la operaci\u00f3n de un organismo aut\u00f3nomo, vigilado por los ciudadanos y garantes de la alternancia pac\u00edfica del poder, como en el triunfo de #AMLO en 2018.<\/p>\n<p>Volver al M\u00e9xico en el que el gobierno tenga en su mano el control de las elecciones, a trav\u00e9s de personeros impuestos por \u00e9l en un nuevo \u00f3rgano y garantizar su permanencia, es una apuesta muy riesgosa para la democracia, la seguridad nacional y la paz social.<\/p>\n<p>Vale recordar que el pasado proceso electoral, donde gan\u00f3 la izquierda mexicana, fue el m\u00e1s sangriento de su historia moderna, con 152 personas asesinadas de acuerdo con un informe elaborado por la consultora Etellekt. No es un dato menor, la disputa por el poder involucra intereses y grupos de todo tipo.<\/p>\n<p><b>Lorenzo C\u00f3rdova, presidente consejero del INE<\/b>, ha fijado una postura muy clara: \u201csi algo nos ense\u00f1a la historia, es que a la democracia hay que cuidarla permanentemente, o si no, cuando menos nos demos cuenta, eventualmente sin quererlo o sin percatarnos, la habremos perdido\u201d.<\/p>\n<p>Algo muy parecido advirti\u00f3 el pensador socialista Karl Marx: \u201cLa historia se repite, primero como tragedia y segundo, como farsa\u201d \u00bfAnte qu\u00e9 estamos en M\u00e9xico en materia electoral?<span class=\"Apple-converted-space\">\u00a0<\/span><\/p>\n<p>Intentaremos explicarlo en la siguiente entrega, luego de que concluyan los foros y se conozcan los alcances de la iniciativa que impulsar\u00e1 Morena en el periodo ordinario de sesiones que arranca en septiembre pr\u00f3ximo.<\/p>\n<p>&nbsp;<\/p>\n<p style=\"text-align: center;\"><b>VERICUENTOS<\/b><\/p>\n<p style=\"text-align: center;\"><b>Toma y daca en el Senado<span class=\"Apple-converted-space\">\u00a0<\/span><\/b><\/p>\n<p>La agenda del segundo periodo extraordinario viene cargada,<b> Ricardo Monreal, l\u00edder de Morena en el Senado, <\/b>teje fino y a todo lo que da para sacar adelante la ratificaci\u00f3n del Tratado M\u00e9xico, Estados Unidos, Canad\u00e1 (T-MEC), en medio de la crisis migratoria que se registra con nuestros vecinos del norte y del sur. Adem\u00e1s de las iniciativas de cuidados paliativos, extinci\u00f3n de dominio, la revocaci\u00f3n de mandato y consulta popular, estas \u00faltimas las m\u00e1s complicadas por ser reformas constitucionales que requieren mayor\u00eda calificada y no les alcanzan los votos<b>. <\/b>Periodo no apto para principiantes.<b> \u00a1\u00d3rale!<\/b><\/p>\n<p style=\"text-align: center;\"><b>La <i>recanija <\/i>duda<\/b><\/p>\n<p>La senadora <b>Beatriz Paredes<\/b>, no quiere m\u00e1s \u201csorpresitas\u201d en los acuerdos de M\u00e9xico y Estados Unidos y propuso la creaci\u00f3n de una comisi\u00f3n plural que acompa\u00f1e a las futuras pl\u00e1ticas. En la Junta de Coordinaci\u00f3n Pol\u00edtica los coordinadores parlamentarios integrar\u00e1n el grupo de acompa\u00f1amiento al canciller y al Ejecutivo, en el diferendo que a\u00fan persiste en Estados Unidos. Algo sabe la ex embajadora de M\u00e9xico en Brasil. <b>\u00a1Vientos!<\/b><\/p>\n<p><em><a href=\"mailto:guillegomora@hotmail.com\" target=\"_blank\" rel=\"noopener noreferrer\">guillegomora@hotmail.com<\/a><br \/>\n<i><\/i><a href=\"https:\/\/twitter.com\/guillegomora?lang=es\" target=\"_blank\" rel=\"noopener noreferrer\"><i>@guillegomora<\/i><\/a><\/em><\/p>\n","protected":false},"excerpt":{"rendered":"<p><span style=\"color: #005497;\"><strong>Guillermina G\u00f3mora Ord\u00f3\u00f1ez<\/strong><\/span><\/p>\n","protected":false},"author":1,"featured_media":0,"comment_status":"open","ping_status":"open","sticky":false,"template":"","format":"standard","meta":{"_monsterinsights_skip_tracking":false,"_monsterinsights_sitenote_active":false,"_monsterinsights_sitenote_note":"","_monsterinsights_sitenote_category":0,"footnotes":""},"categories":[58361],"tags":[58362,58363,43674],"class_list":["post-432001","post","type-post","status-publish","format-standard","hentry","category-guillermina-gomora-ordonez","tag-caleidoscopio","tag-guillermina-gomora-ordonez","tag-opinion"],"_links":{"self":[{"href":"https:\/\/www.diarioimagen.net\/index.php?rest_route=\/wp\/v2\/posts\/432001","targetHints":{"allow":["GET"]}}],"collection":[{"href":"https:\/\/www.diarioimagen.net\/index.php?rest_route=\/wp\/v2\/posts"}],"about":[{"href":"https:\/\/www.diarioimagen.net\/index.php?rest_route=\/wp\/v2\/types\/post"}],"author":[{"embeddable":true,"href":"https:\/\/www.diarioimagen.net\/index.php?rest_route=\/wp\/v2\/users\/1"}],"replies":[{"embeddable":true,"href":"https:\/\/www.diarioimagen.net\/index.php?rest_route=%2Fwp%2Fv2%2Fcomments&post=432001"}],"version-history":[{"count":0,"href":"https:\/\/www.diarioimagen.net\/index.php?rest_route=\/wp\/v2\/posts\/432001\/revisions"}],"wp:attachment":[{"href":"https:\/\/www.diarioimagen.net\/index.php?rest_route=%2Fwp%2Fv2%2Fmedia&parent=432001"}],"wp:term":[{"taxonomy":"category","embeddable":true,"href":"https:\/\/www.diarioimagen.net\/index.php?rest_route=%2Fwp%2Fv2%2Fcategories&post=432001"},{"taxonomy":"post_tag","embeddable":true,"href":"https:\/\/www.diarioimagen.net\/index.php?rest_route=%2Fwp%2Fv2%2Ftags&post=432001"}],"curies":[{"name":"wp","href":"https:\/\/api.w.org\/{rel}","templated":true}]}}