{"id":432005,"date":"2019-06-18T00:09:23","date_gmt":"2019-06-18T05:09:23","guid":{"rendered":"https:\/\/www.diarioimagen.net\/?p=432005"},"modified":"2019-06-18T07:48:46","modified_gmt":"2019-06-18T12:48:46","slug":"trump-y-su-reeleccion","status":"publish","type":"post","link":"https:\/\/www.diarioimagen.net\/?p=432005","title":{"rendered":"Trump y su reelecci\u00f3n"},"content":{"rendered":"<h2>Punto por punto<\/h2>\n<h5>Augusto Corro<\/h5>\n<p>&nbsp;<\/p>\n<p>&nbsp;<\/p>\n<p>El presidente Donald Trump inicia hoy, en Miami, su campa\u00f1a por la reelecci\u00f3n. Sin duda, en su<span class=\"Apple-converted-space\">\u00a0 <\/span>discurso estar\u00e1 M\u00e9xico y el problema migratorio.<span class=\"Apple-converted-space\">\u00a0<\/span><\/p>\n<p>Al millonario estadounidense le funcion\u00f3 bien acusar a los mexicanos de criminales y otros adjetivos.<span class=\"Apple-converted-space\">\u00a0 <\/span>Las denostaciones empezaron desde su precampa\u00f1a presidencial y no dej\u00f3 de hacerlo, pues tiene en la mente la construcci\u00f3n del muro fronterizo.<span class=\"Apple-converted-space\">\u00a0<\/span><\/p>\n<p>En d\u00edas recientes, ya con la idea de su reelecci\u00f3n agudiz\u00f3 los ataques contra M\u00e9xico, que trata de superar una guerra comercial que, sin duda, afectar\u00eda la econom\u00eda de las dos naciones.<\/p>\n<p>Trump emplaz\u00f3 a M\u00e9xico a detener la migraci\u00f3n que se intensific\u00f3 en los \u00faltimos meses o de lo contrario aplicar\u00eda aranceles a productos mexicanos del 5% hasta el 25%. Adem\u00e1s el gobierno estadounidense amenaz\u00f3 enviar a M\u00e9xico a los miles de personas que buscan asilo en el vecino pa\u00eds, pero que por una u otra causa no lo lograran.<span class=\"Apple-converted-space\">\u00a0 <\/span>Ante esas condiciones, las autoridades mexicanas se comprometieron a controlar el flujo migratorio. Una tarea dif\u00edcil de superar. El problema es muy complejo para M\u00e9xico porque son miles de migrantes que buscan llegar a la frontera sur de EU para pasar legal o ilegalmente al vecino pa\u00eds. Y esa ola migratoria pasa por nuestro territorio. <span class=\"Apple-converted-space\">\u00a0<\/span><\/p>\n<p>Los or\u00edgenes de ese fen\u00f3meno social se encuentran en la pobreza y la violencia que azota a los pa\u00edses centroamericanos. Y ser\u00e1 en esas rep\u00fablicas donde se tomar\u00e1n las medidas para controlar la migraci\u00f3n. Para tratar el tema, el jueves se reunir\u00e1n en Chiapas el mandatario salvadore\u00f1o, Nayib Bukele y el presidente de M\u00e9xico, Andr\u00e9s Manuel L\u00f3pez Obrador.<\/p>\n<p style=\"text-align: center;\"><b>Nuevas formas de migrar<\/b><\/p>\n<p>Las corrientes migratorias que recorren M\u00e9xico dejaron de ser las tradicionales, aquellas en las que \u00fanicamente los hombres decid\u00edan llegar a Estados Unidos.<span class=\"Apple-converted-space\">\u00a0<\/span><\/p>\n<p>En el presente, son familias enteras las que buscan ingresar al vecino pa\u00eds del norte. Y la situaci\u00f3n se complica por la atenci\u00f3n a los menores que carecen desde agua hasta comida y hospedaje.<\/p>\n<p>Y el problema de los indocumentados se agudiza por las acciones ilegales de los transportistas que llenan sus tr\u00e1ileres de viajeros sin ninguna medida de seguridad.<\/p>\n<p>De acuerdo con <b><i>DIARIOIMAGEN<\/i><\/b>, el fin de semana, fueron rescatados 368 menores centroamericanos que viajaban en cuatro camiones<span class=\"Apple-converted-space\">\u00a0 <\/span>de fondo doble.<span class=\"Apple-converted-space\">\u00a0<\/span><\/p>\n<p>Noventa y ocho ni\u00f1os son reci\u00e9n nacidos y otros que tienen 5 a\u00f1os. Adem\u00e1s, doscientos setenta tienen edades entre<span class=\"Apple-converted-space\">\u00a0 <\/span>6 y 17 a\u00f1os.<\/p>\n<p>Cabe se\u00f1alar que son miles de ni\u00f1os y adolescentes que viajan solos. En lo que va de 2019 fueron retenidos en la frontera norte de M\u00e9xico 56 mil 278 menores. Esto nos indica la dimensi\u00f3n del problema social. <span class=\"Apple-converted-space\">\u00a0<\/span><\/p>\n<p>La corriente migratoria tiene factores ilegales que la ayudan a concretar sus planes. Todo mundo sabe que los \u201ccoyotes\u201d tienen actividades intensas en la convocatoria para llegar a Estados Unidos.<span class=\"Apple-converted-space\">\u00a0<\/span><\/p>\n<p>Los citados delincuentes cobran desde 3 mil 500 hasta 5 mil d\u00f3lares por cada indocumentado que llevan a Estados Unidos.<span class=\"Apple-converted-space\">\u00a0<\/span><\/p>\n<p>Los ajustes para controlar la migraci\u00f3n llegaron al Instituto Nacional de Migraci\u00f3n (INM). Renunci\u00f3 a la titularidad Tonatiuh Guill\u00e9n, lo sustituy\u00f3 Francisco Gardu\u00f1o. Dicho sea de paso, el INM desde el gobierno panista de Felipe Calder\u00f3n fue calificado como una instituci\u00f3n negativa aliada con la delincuencia para cometer atropellos contra los indocumentados.<\/p>\n<p>Ojal\u00e1 que con el nuevo comisionado, la imagen del instituto cambie su imagen.<span class=\"Apple-converted-space\">\u00a0<\/span><\/p>\n<p style=\"text-align: center;\"><b>M\u00e9xico libre<\/b><\/p>\n<p>Con la ambici\u00f3n del poder el ex presidente Felipe Calder\u00f3n y su esposa Margarita Zavala intentan registrar un nuevo partido pol\u00edtico con el nombre de M\u00e9xico Libre.<span class=\"Apple-converted-space\">\u00a0<\/span><\/p>\n<p>No ha sido f\u00e1cil para la pareja conseguir los requisitos que exige la ley electoral para llevar adelante su proyecto.<span class=\"Apple-converted-space\">\u00a0 <\/span>Entre las condiciones que deben cumplir los interesados en la creaci\u00f3n del<span class=\"Apple-converted-space\">\u00a0 <\/span>nuevo partido se encuentra la realizaci\u00f3n de 200 asambleas distritales y apenas llevan 7.<\/p>\n<p>Y a menos de 200 d\u00edas que venza el plazo fijado por las autoridades electorales, su militancia es de 7 mil 788 interesados y la membres\u00eda que debe registrar es de 233 mil 945 personas.<span class=\"Apple-converted-space\">\u00a0<\/span><\/p>\n<p>La historia de los Calder\u00f3n-Zavala empez\u00f3 en el Partido Acci\u00f3n Nacional (PAN). Candidato de esta organizaci\u00f3n, Felipe lleg\u00f3 al<span class=\"Apple-converted-space\">\u00a0 <\/span>poder. Esta acci\u00f3n fue calificada de fraudulenta por su opositor Andr\u00e9s Manuel L\u00f3pez Obrador.<span class=\"Apple-converted-space\">\u00a0<\/span><\/p>\n<p>Para justificar su triunfo, el mandatario panista se enfrasc\u00f3 en una guerra contra la delincuencia organizada que los mexicanos a\u00fan pagamos con cifras de miles de muertos y desaparecidos.<span class=\"Apple-converted-space\">\u00a0<\/span><\/p>\n<p>La se\u00f1ora Margarita Zavala en su empe\u00f1o por seguir en el poder decidi\u00f3 participar en las elecciones presidenciales recientes. Le fue mal pues renunci\u00f3 a su prop\u00f3sito.<\/p>\n<p>Antes, para registrarse como aspirante a la candidatura presidencial ten\u00eda que entregar determinada cantidad de registros de la credencial del INE para lograrlo. No se detuvo para falsificar los documentos, operaci\u00f3n que sancion\u00f3 la autoridad electoral.<span class=\"Apple-converted-space\">\u00a0<\/span><\/p>\n<p>Los Calder\u00f3n-Zavala no quieren entender que su tiempo pol\u00edtico ya pas\u00f3 y que en el partido (PAN) que los cobij\u00f3 durante muchos a\u00f1os ahora no quiere saber nada de ellos.<\/p>\n<p>La ilusi\u00f3n del partido M\u00e9xico Libre podr\u00eda quedar en eso: en una ilusi\u00f3n.<\/p>\n<p><em><u><a href=\"mailto:aco2742@hotmail.com\" target=\"_blank\" rel=\"noopener noreferrer\">aco2742@hotmail.com<\/a><\/u><\/em><\/p>\n","protected":false},"excerpt":{"rendered":"<p><span style=\"color: #005497;\"><strong>Augusto Corro<\/strong><\/span><\/p>\n","protected":false},"author":1,"featured_media":0,"comment_status":"open","ping_status":"open","sticky":false,"template":"","format":"standard","meta":{"_monsterinsights_skip_tracking":false,"_monsterinsights_sitenote_active":false,"_monsterinsights_sitenote_note":"","_monsterinsights_sitenote_category":0,"footnotes":""},"categories":[157],"tags":[43686,43674,11515],"class_list":["post-432005","post","type-post","status-publish","format-standard","hentry","category-augusto-corro","tag-augusto-corro","tag-opinion","tag-punto-por-punto"],"_links":{"self":[{"href":"https:\/\/www.diarioimagen.net\/index.php?rest_route=\/wp\/v2\/posts\/432005","targetHints":{"allow":["GET"]}}],"collection":[{"href":"https:\/\/www.diarioimagen.net\/index.php?rest_route=\/wp\/v2\/posts"}],"about":[{"href":"https:\/\/www.diarioimagen.net\/index.php?rest_route=\/wp\/v2\/types\/post"}],"author":[{"embeddable":true,"href":"https:\/\/www.diarioimagen.net\/index.php?rest_route=\/wp\/v2\/users\/1"}],"replies":[{"embeddable":true,"href":"https:\/\/www.diarioimagen.net\/index.php?rest_route=%2Fwp%2Fv2%2Fcomments&post=432005"}],"version-history":[{"count":0,"href":"https:\/\/www.diarioimagen.net\/index.php?rest_route=\/wp\/v2\/posts\/432005\/revisions"}],"wp:attachment":[{"href":"https:\/\/www.diarioimagen.net\/index.php?rest_route=%2Fwp%2Fv2%2Fmedia&parent=432005"}],"wp:term":[{"taxonomy":"category","embeddable":true,"href":"https:\/\/www.diarioimagen.net\/index.php?rest_route=%2Fwp%2Fv2%2Fcategories&post=432005"},{"taxonomy":"post_tag","embeddable":true,"href":"https:\/\/www.diarioimagen.net\/index.php?rest_route=%2Fwp%2Fv2%2Ftags&post=432005"}],"curies":[{"name":"wp","href":"https:\/\/api.w.org\/{rel}","templated":true}]}}