{"id":432007,"date":"2019-06-18T00:08:05","date_gmt":"2019-06-18T05:08:05","guid":{"rendered":"https:\/\/www.diarioimagen.net\/?p=432007"},"modified":"2019-06-18T07:51:21","modified_gmt":"2019-06-18T12:51:21","slug":"grupo-andrade-se-consolida-en-medios","status":"publish","type":"post","link":"https:\/\/www.diarioimagen.net\/?p=432007","title":{"rendered":"Grupo Andrade se consolida en medios"},"content":{"rendered":"<h2>Poder y dinero<\/h2>\n<h5>V\u00edctor S\u00e1nchez Ba\u00f1os<\/h5>\n<p>&nbsp;<\/p>\n<ul>\n<li><strong><i>Adquiere a Grupo Imagen 2 FMs<br \/>\n<\/i>Heraldo de M\u00e9xico <i>y<\/i> Heraldo TV<i><span class=\"Apple-converted-space\">\u00a0<\/span><\/i><\/strong><\/li>\n<\/ul>\n<p>&nbsp;<\/p>\n<p style=\"text-align: right;\"><i><strong>\u00a0La eternidad es una de las raras virtudes de la literatura.<\/strong><br \/>\n<\/i><i><strong>Adolfo Bioy Cesares,<\/strong> 1914-1999;<\/i><i><span class=\"Apple-converted-space\">\u00a0<\/span>escrito argentino.<\/i><\/p>\n<p>&nbsp;<\/p>\n<p><em># La\u00danicaHQueNoEsMuda #GrupoAndrade #AngelMieresZimmermann #ElHeraldo #HeraldoTV #GrupoImagen #HeraldoRAdio #98.5CDMX #100.3Guadalajara #SportGames #Le\u00f3n #Guanajuato #AumentaDesempleo #PidenSusAfores #Electrolit #Yucat\u00e1nLibreDePl\u00e1stico #MauricioVila #DesempleoGalopante #LuisaMar\u00edaAlcalde #IMSS #Electrolit<\/em><\/p>\n<p>&nbsp;<\/p>\n<p>Bajo el lema \u201cLa \u00danica H que no es Muda\u201d, \u00c1ngel Mieres Zimmermann se consolida en medios de comunicaci\u00f3n.<span class=\"Apple-converted-space\">\u00a0<\/span><\/p>\n<p>Tras casi 3 a\u00f1os del peri\u00f3dico <i>El Heraldo de M\u00e9xico<\/i>, fija agenda. El a\u00f1o pasado impuls\u00f3 Heraldo TV, en plataformas de televisi\u00f3n de paga y streaming. El pasado fin de semana incursion\u00f3 en radio.<\/p>\n<p>De esa forma, el equipo que conforma Mieres Zimmermann, con Alejandro Arai \u00c1lvarez y Franco Carre\u00f1o Osorio, increment\u00f3 su plataforma multimedia al contar con se\u00f1ales de radio en frecuencia modulada en la Ciudad de M\u00e9xico y Guadalajara.<\/p>\n<p>Adquiri\u00f3 a Grupo Imagen, de Olegario V\u00e1zquez Ra\u00f1a y Olegario V\u00e1zquez Aldir, la 98.5 de la CDMX y la 100.3 en Guadalajara, Jalisco.<\/p>\n<p>Grupo Imagen, con los recursos obtenidos de esta operaci\u00f3n le permitir\u00e1n fortalecer su proyecto de televisi\u00f3n y crecer a nivel nacional la presencia de Imagen Radio.<\/p>\n<p>Ambos grupos se comprometieron a respetar los derechos laborales y antig\u00fcedad de los trabajadores de las radiodifusoras.<\/p>\n<p>Grupo Andrade y Grupo Imagen, reiteraron su compromiso ante sus audiencias de crear e impulsar contenidos acordes a las nuevas tendencias de entretenimiento e informaci\u00f3n, adem\u00e1s de que consolidan sus respectivos proyectos editoriales. De esa manera mejorar\u00e1 la oferta en medios electr\u00f3nicos en todo el pa\u00eds.<\/p>\n<p><strong>PODEROSOS CABALLEROS:<\/strong> La semana pasada, el subgobernador del Banco de M\u00e9xico, Jonathan Heath, alert\u00f3 de \u201cmuchos riesgos\u201d que deben controlarse, en referencia la percepci\u00f3n de las agencias calificadoras, as\u00ed como a las amenazas tarifarias de EU.<span class=\"Apple-converted-space\">\u00a0 <\/span>Esto, antes de bajar tasas. Es claro que muchos de esos riesgos no son de corto plazo, pero deben solucionarse antes de convertirse en una amenaza a la econom\u00eda del pa\u00eds.<span class=\"Apple-converted-space\">\u00a0<\/span><\/p>\n<p>Heath es el subgobernador con el sello de la casa de la 4T y del mismo presidente Andr\u00e9s Manuel L\u00f3pez Obrador. Otro factor de riesgo sobre las tasas de inter\u00e9s es el comportamiento que le pretenda dar a ese tema la Fed de Estados Unidos.<span class=\"Apple-converted-space\">\u00a0<\/span><\/p>\n<p>Lo que es claro, hay oposici\u00f3n que se muevan las tasas, cuando menos de aqu\u00ed a septiembre. Esta es una se\u00f1al que puede dar tranquilidad a los mercados, pero no deja de preocupar las decisiones que pueda tomar el gobierno de Donald Trump, con los aranceles a mercanc\u00edas mexicanas si pol\u00edticamente consideran que M\u00e9xico no cumple con lo prometido en materia de migraci\u00f3n.<span class=\"Apple-converted-space\">\u00a0<\/span><\/p>\n<p>*** Grupo Omnilife, que esta bajo el liderazgo de Amaury Vergara, planea invertir 129 millones de pesos en su planta de Jalisco para aumentar 32 por ciento su capacidad y cotizar en la BMV en el mediano plazo.<span class=\"Apple-converted-space\">\u00a0<\/span><\/p>\n<p>*** Le\u00f3n, Guanajuato, entidad gobernada por Diego Sinhu\u00e9 Rodr\u00edguez, ser\u00e1 sede de la Cuarta Edici\u00f3n de los World Company Sport Games, en el 2022. Anteriormente se realizaron en Palma de Mallorca, Espa\u00f1a y en Baule, Francia.<span class=\"Apple-converted-space\">\u00a0<\/span><\/p>\n<p>*** Por el repunte en desempleo en el primer trimestre del a\u00f1o, los trabajadores afiliados al IMSS retiraron dos mil 597 millones de pesos de su afore por ayuda de desempleo, un monto 22.5% mayor con respecto a igual periodo de 2018.<span class=\"Apple-converted-space\">\u00a0<\/span><\/p>\n<p>Fueron 450 mil 500 trabajadores los que se acogieron a este beneficio, 52 mil 300 m\u00e1s que de enero a marzo del a\u00f1o pasado (398 mil 200), los cuales podr\u00edan ver afectada su pensi\u00f3n futura. En el sector p\u00fablico el dato de desempleo podr\u00eda llegar a las 250 mil personas.<span class=\"Apple-converted-space\">\u00a0<\/span><\/p>\n<p>Un fen\u00f3meno que repercutir\u00e1 en la calidad de vida de miles de mexicanos. \u00bfCu\u00e1l es la pol\u00edtica Laboral de Luisa Mar\u00eda Alcalde?<span class=\"Apple-converted-space\">\u00a0<\/span><\/p>\n<p>*** Yucat\u00e1n, bajo el liderazgo de Mauricio Vila Dosal, combatir\u00e1 a uno de los principales contaminantes a nivel mundial y consolidarse como un estado sustentable. El Congreso local aprob\u00f3 una iniciativa de Vila Dosal para disminuir y posteriormente eliminar el uso de bolsas y popotes de pl\u00e1stico, as\u00ed como contenedores de unicel.<span class=\"Apple-converted-space\">\u00a0<\/span><\/p>\n<p>As\u00ed contribuye a un mejor manejo de residuos en Yucat\u00e1n, incluyendo la producci\u00f3n, distribuci\u00f3n, consumo y desecho de bolsas y popotes de pl\u00e1stico. Los supermercados contar\u00e1n con 12 meses para eliminar totalmente esos productos y usar \u00fanicamente los biodegradables. Las empresas dedicadas a la venta en mayoreo y menudeo lo har\u00e1n en un periodo de 18 meses.<\/p>\n<p><strong>RESPONSABILIDAD SOCIAL CORPORATIVA:<\/strong> La asociaci\u00f3n Fomento Mexicano para el Desarrollo Sustentable AC, en conjunto con Pro Bosque Estado de M\u00e9xico, Tu Invernadero y Electrolit, organiz\u00f3 una \u201cMega Reforestaci\u00f3n por M\u00e9xico\u201d plantaron en Llano Grande, municipio de Nicol\u00e1s Romero, en el Estado de M\u00e9xico m\u00e1s de 1,500 \u00e1rboles frutales y plantas para mejorar el medio ambiente, seg\u00fan Luis Alfonso Torres Esquer, director de marca Electrolit.<\/p>\n<p><a href=\"http:\/\/poderydinero.mx\" target=\"_blank\" rel=\"noopener noreferrer\"><em>poderydinero.mx<\/em><\/a><em><b><br \/>\n<\/b><a href=\"mailto:vsanchezb@gmail.com\" target=\"_blank\" rel=\"noopener noreferrer\">vsanchezb@gmail.com<br \/>\n<\/a><strong>Twitter:<\/strong><a href=\"https:\/\/twitter.com\/vsanchezbanos\" target=\"_blank\" rel=\"noopener noreferrer\">@vsanchezbano<br \/>\n<\/a><strong>Facebook:\u00a0<\/strong><a href=\"https:\/\/www.facebook.com\/vsanchezbanos?fref=ts\" target=\"_blank\" rel=\"noopener noreferrer\">vsanchezbano<\/a><\/em><\/p>\n","protected":false},"excerpt":{"rendered":"<p><span style=\"color: #005497;\"><strong>V\u00edctor S\u00e1nchez Ba\u00f1os<\/strong><\/span><\/p>\n","protected":false},"author":1,"featured_media":0,"comment_status":"open","ping_status":"open","sticky":false,"template":"","format":"standard","meta":{"_monsterinsights_skip_tracking":false,"_monsterinsights_sitenote_active":false,"_monsterinsights_sitenote_note":"","_monsterinsights_sitenote_category":0,"footnotes":""},"categories":[38844],"tags":[43674,38848],"class_list":["post-432007","post","type-post","status-publish","format-standard","hentry","category-victor-sanchez-banos","tag-opinion","tag-victor-sanchez-banos"],"_links":{"self":[{"href":"https:\/\/www.diarioimagen.net\/index.php?rest_route=\/wp\/v2\/posts\/432007","targetHints":{"allow":["GET"]}}],"collection":[{"href":"https:\/\/www.diarioimagen.net\/index.php?rest_route=\/wp\/v2\/posts"}],"about":[{"href":"https:\/\/www.diarioimagen.net\/index.php?rest_route=\/wp\/v2\/types\/post"}],"author":[{"embeddable":true,"href":"https:\/\/www.diarioimagen.net\/index.php?rest_route=\/wp\/v2\/users\/1"}],"replies":[{"embeddable":true,"href":"https:\/\/www.diarioimagen.net\/index.php?rest_route=%2Fwp%2Fv2%2Fcomments&post=432007"}],"version-history":[{"count":0,"href":"https:\/\/www.diarioimagen.net\/index.php?rest_route=\/wp\/v2\/posts\/432007\/revisions"}],"wp:attachment":[{"href":"https:\/\/www.diarioimagen.net\/index.php?rest_route=%2Fwp%2Fv2%2Fmedia&parent=432007"}],"wp:term":[{"taxonomy":"category","embeddable":true,"href":"https:\/\/www.diarioimagen.net\/index.php?rest_route=%2Fwp%2Fv2%2Fcategories&post=432007"},{"taxonomy":"post_tag","embeddable":true,"href":"https:\/\/www.diarioimagen.net\/index.php?rest_route=%2Fwp%2Fv2%2Ftags&post=432007"}],"curies":[{"name":"wp","href":"https:\/\/api.w.org\/{rel}","templated":true}]}}