{"id":432098,"date":"2019-06-19T00:07:33","date_gmt":"2019-06-19T05:07:33","guid":{"rendered":"https:\/\/www.diarioimagen.net\/?p=432098"},"modified":"2019-06-19T08:54:14","modified_gmt":"2019-06-19T13:54:14","slug":"invita-gobierno-de-tlalnepantla-a-talleres-vacaciones-por-la-juventud","status":"publish","type":"post","link":"https:\/\/www.diarioimagen.net\/?p=432098","title":{"rendered":"Invita gobierno de Tlalnepantla a\u00a0 talleres \u2018Vacaciones por la Juventud\u2019"},"content":{"rendered":"<ul>\n<li><strong><em>Inscripciones abiertas hasta el 5 de julio<\/em><\/strong><\/li>\n<\/ul>\n<p>&nbsp;<\/p>\n<div id=\"attachment_432169\" style=\"width: 470px\" class=\"wp-caption aligncenter\"><a href=\"https:\/\/www.diarioimagen.net\/?attachment_id=432169\" rel=\"attachment wp-att-432169\"><img loading=\"lazy\" decoding=\"async\" aria-describedby=\"caption-attachment-432169\" class=\"size-large wp-image-432169\" src=\"https:\/\/www.diarioimagen.net\/wp-content\/uploads\/2019\/06\/TLALNEPANTLA-19-460x259.jpg\" alt=\"\" width=\"460\" height=\"259\" srcset=\"https:\/\/www.diarioimagen.net\/wp-content\/uploads\/2019\/06\/TLALNEPANTLA-19-460x259.jpg 460w, https:\/\/www.diarioimagen.net\/wp-content\/uploads\/2019\/06\/TLALNEPANTLA-19-240x135.jpg 240w, https:\/\/www.diarioimagen.net\/wp-content\/uploads\/2019\/06\/TLALNEPANTLA-19-235x132.jpg 235w, https:\/\/www.diarioimagen.net\/wp-content\/uploads\/2019\/06\/TLALNEPANTLA-19-202x114.jpg 202w, https:\/\/www.diarioimagen.net\/wp-content\/uploads\/2019\/06\/TLALNEPANTLA-19-350x196.jpg 350w, https:\/\/www.diarioimagen.net\/wp-content\/uploads\/2019\/06\/TLALNEPANTLA-19-220x123.jpg 220w, https:\/\/www.diarioimagen.net\/wp-content\/uploads\/2019\/06\/TLALNEPANTLA-19-237x132.jpg 237w, https:\/\/www.diarioimagen.net\/wp-content\/uploads\/2019\/06\/TLALNEPANTLA-19.jpg 480w\" sizes=\"auto, (max-width: 460px) 100vw, 460px\" \/><\/a><p id=\"caption-attachment-432169\" class=\"wp-caption-text\">Los talleres son gratuitos y las inscripciones se realizar\u00e1n de 9:00 a 18:00 horas en la calle Acambay 102, segundo piso, colonia La Romana.<\/p><\/div>\n<p>&nbsp;<\/p>\n<p><strong>Tlalnepantla, Estado de M\u00e9xico<\/strong>.- El gobierno de Tlalnepantla invita a los j\u00f3venes del municipio a participar en los talleres \u2018Vacaciones por la Juventud\u2019 que se realizar\u00e1n del 8 al 19 de julio en las instalaciones de la Coordinaci\u00f3n de la Juventud; las inscripciones estar\u00e1n abiertas hasta el 5 de julio.<\/p>\n<p>El curso va dirigido a j\u00f3venes de 12 a 29 a\u00f1os de edad, quienes podr\u00e1n elegir entre 10 talleres enfocados a los idiomas ingl\u00e9s, franc\u00e9s y japon\u00e9s; artes como teatro, dibujo y pintura; malabares, yoga, uno llamado \u2018reutilizo y creo\u2019, as\u00ed como de prevenci\u00f3n de tabaquismo y manejo de ansiedad.<\/p>\n<p>Los talleres son gratuitos y las inscripciones se realizar\u00e1n de 9:00 a 18:00 horas en la calle Acambay 102, segundo piso, colonia La Romana, lugar donde se llevar\u00e1n a cabo las actividades.<\/p>\n<p>En caso de que alg\u00fan grupo de j\u00f3venes est\u00e9 interesado en uno de los talleres, pero se encuentren muy lejos de las instalaciones de la Coordinaci\u00f3n de la Juventud, pueden solicitar que se imparta en un espacio p\u00fablico abierto de su colonia. Se requieren m\u00ednimo 10 personas.<\/p>\n<p>Para inscribirte, debes llenar una solicitud, presentar comprobante de domicilio de los \u00faltimos tres meses, copia del acta de nacimiento y una fotograf\u00eda infantil; copia del INE del padre o tutor del menor, as\u00ed como una carta responsiva. Si requieres m\u00e1s informaci\u00f3n, comun\u00edcate al\u00a0 6720-1838, extensi\u00f3n 110.<\/p>\n","protected":false},"excerpt":{"rendered":"<p>El gobierno de Tlalnepantla invita a los j\u00f3venes del municipio a participar en los talleres \u2018Vacaciones por la Juventud\u2019 que se realizar\u00e1n del 8 al 19 de julio en las instalaciones de la Coordinaci\u00f3n de la Juventud; las inscripciones estar\u00e1n abiertas hasta el 5 de julio.<\/p>\n","protected":false},"author":3,"featured_media":432169,"comment_status":"open","ping_status":"open","sticky":false,"template":"","format":"standard","meta":{"_monsterinsights_skip_tracking":false,"_monsterinsights_sitenote_active":false,"_monsterinsights_sitenote_note":"","_monsterinsights_sitenote_category":0,"footnotes":""},"categories":[5],"tags":[43675,1403,169,9991],"class_list":["post-432098","post","type-post","status-publish","format-standard","has-post-thumbnail","hentry","category-estado-de-mexico","tag-estado-de-mexico","tag-juventud","tag-tlalnepantla","tag-vacaciones"],"_links":{"self":[{"href":"https:\/\/www.diarioimagen.net\/index.php?rest_route=\/wp\/v2\/posts\/432098","targetHints":{"allow":["GET"]}}],"collection":[{"href":"https:\/\/www.diarioimagen.net\/index.php?rest_route=\/wp\/v2\/posts"}],"about":[{"href":"https:\/\/www.diarioimagen.net\/index.php?rest_route=\/wp\/v2\/types\/post"}],"author":[{"embeddable":true,"href":"https:\/\/www.diarioimagen.net\/index.php?rest_route=\/wp\/v2\/users\/3"}],"replies":[{"embeddable":true,"href":"https:\/\/www.diarioimagen.net\/index.php?rest_route=%2Fwp%2Fv2%2Fcomments&post=432098"}],"version-history":[{"count":0,"href":"https:\/\/www.diarioimagen.net\/index.php?rest_route=\/wp\/v2\/posts\/432098\/revisions"}],"wp:featuredmedia":[{"embeddable":true,"href":"https:\/\/www.diarioimagen.net\/index.php?rest_route=\/wp\/v2\/media\/432169"}],"wp:attachment":[{"href":"https:\/\/www.diarioimagen.net\/index.php?rest_route=%2Fwp%2Fv2%2Fmedia&parent=432098"}],"wp:term":[{"taxonomy":"category","embeddable":true,"href":"https:\/\/www.diarioimagen.net\/index.php?rest_route=%2Fwp%2Fv2%2Fcategories&post=432098"},{"taxonomy":"post_tag","embeddable":true,"href":"https:\/\/www.diarioimagen.net\/index.php?rest_route=%2Fwp%2Fv2%2Ftags&post=432098"}],"curies":[{"name":"wp","href":"https:\/\/api.w.org\/{rel}","templated":true}]}}