{"id":432137,"date":"2019-06-19T00:09:59","date_gmt":"2019-06-19T05:09:59","guid":{"rendered":"https:\/\/www.diarioimagen.net\/?p=432137"},"modified":"2019-06-19T03:07:24","modified_gmt":"2019-06-19T08:07:24","slug":"guardia-nacional-solucion-a-todos-los-problemas","status":"publish","type":"post","link":"https:\/\/www.diarioimagen.net\/?p=432137","title":{"rendered":"Guardia Nacional, \u00bfsoluci\u00f3n a todos los problemas?"},"content":{"rendered":"<h2>Poder y dinero<\/h2>\n<h5>V\u00edctor S\u00e1nchez Ba\u00f1os<\/h5>\n<p>&nbsp;<\/p>\n<p style=\"text-align: right;\"><em><strong>Lee y conducir\u00e1s, no leas y ser\u00e1s conducido<\/strong><br \/>\n<\/em><em>Santa Teresa de Jes\u00fas, 1515-1582, <\/em><em>religiosa y escritora m\u00edstica espa\u00f1ola<\/em><\/p>\n<p>&nbsp;<\/p>\n<p>#GuardiaNacional #AlfonsoDurazo #DefensaDeFronteras #Asaltos #VigilanciaTotal #EmpresariosInversiones #SeguridadJur\u00eddica #Trenes #Carreteras #CCE #Concamin #Concanaco #Baviera #Quer\u00e9taro #FracniscoDominguez #Batres #Monreal #Sherer #S\u00e1nchezCordero #Senado #Beiruty #CDMX #Hackat\u00f3n<\/p>\n<p>&nbsp;<\/p>\n<p>&nbsp;<\/p>\n<p>Tal parece que la medicina milagrosa para todo tipo de males es la Guardia Nacional. O, por lo menos, quieren espantar a quienes han convertido el crimen en su forma de vida y la impunidad en su credo de salvaci\u00f3n.<\/p>\n<p>Ese cuerpo polic\u00edaco, de estructura castrense, ser\u00e1 utilizado para contener la oleada de migrantes centroamericanos, por una parte, para vigilar las instalaciones estrat\u00e9gicas, como de Pemex y CFE, as\u00ed como la red carretera del pa\u00eds. Esto, sin contar, que ser\u00e1 el grupo de inteligencia para luchar contra el crimen organizado.<\/p>\n<p>Adem\u00e1s, por si todo esto fuera poco, enviar\u00e1n a cuidar camiones y otros transportes de pasajeros, tanto en las ciudades como en las carreteras.<\/p>\n<p>Pero, para configurar todo el plan de acci\u00f3n de la Guardia Nacional, que est\u00e1 bajo el control de la Secretar\u00eda de Seguridad Ciudadana, que encabeza el sonorense, Alfonso Durazo, se enviar\u00e1 para corregir la inseguridad que sufren los trenes en todo el pa\u00eds, que son saqueados por decenas de personas e, incluso, los bloquean o los hacen descarrilar. Los convierten en bot\u00edn de Fuenteovejuna, donde la turba oculta a los culpables.<\/p>\n<p>Jos\u00e9 Zozaya, presidente de Kansas City Southern de M\u00e9xico, trabaj\u00f3 con el gobierno, luego de los bloqueos que realizaron en Michoac\u00e1n miembros de la CNTE para presionar al gobierno federal con la reforma educativa.<\/p>\n<p>En esos encuentros acord\u00f3 con el equipo de Durazo, acciones conjuntas para contener el vandalismo y bandidaje. Las estad\u00edsticas son severas.<\/p>\n<p>Los robos a ferrocarriles aumentaron 11.5% y el vandalismo subi\u00f3 casi 18% entre enero y marzo de este a\u00f1o respecto al trimestre anterior, de acuerdo con el Reporte de Seguridad en el Sistema Ferroviario Mexicano.<\/p>\n<p>Adem\u00e1s, abusa que a marzo se han registrado 3 mil 694 incidencias, de las cuales mil 57 son casos de robo y 2 mil 637 son actos vand\u00e1licos.<\/p>\n<p>La Guardia Nacional tomar\u00e1 atribuciones de las grandes deficiencias de corporaciones federales, estatales y municipales que han demostrado su total incompetencia. No le queda de otra a este gobierno o, de lo contrario, la poblaci\u00f3n continuar\u00e1 como reh\u00e9n de los criminales que encontraron en M\u00e9xico el reino de la impunidad. Quien viole la ley, que pague a la sociedad.<\/p>\n<p><strong>PODEROSOS CABALLEROS<\/strong>: Lo m\u00e1s importante para apostar por un pa\u00eds, es la certeza jur\u00eddica. Al comprometerse a invertir en el pa\u00eds 35 mil millones de d\u00f3lares, los empresarios m\u00e1s importantes del pa\u00eds demandaron certeza jur\u00eddica a sus proyectos. Carlos Salazar Lomel\u00edn, presidente del Consejo Coordinador Empresarial; Antonio del Valle Perochena, presidente del Consejo Mexicano de Negocios; Francisco Cervantes, presidente de la Concamin, y Manuel L\u00f3pez Campos, presidente de la Concanaco, le pidieron al Presidente de la Rep\u00fablica reglas y mensajes claros; que se cumplan, de los sectores p\u00fablico y privado, as\u00ed como el compromiso para resolver con estricto apego al marco jur\u00eddico los obst\u00e1culos de ejecuci\u00f3n que con frecuencia impiden la realizaci\u00f3n de proyectos de inversi\u00f3n. Certeza, pues. *** Al comprometerse a trabajar juntos, los estados de Baviera, en Alemania, y Quer\u00e9taro, en M\u00e9xico, intercambiar\u00e1n el impulso al uso de tecnolog\u00edas ambientales, principalmente enfocadas en el tratamiento y aprovechamiento del agua. Marco Antonio del Prete Tercero, titular de la Secretar\u00eda de Desarrollo Sustentable, quien firm\u00f3 por parte de Quer\u00e9taro, entidad gobernada por Francisco Dom\u00ednguez. Durante el primer trimestre de 2019, 50% de 160 millones de d\u00f3lares de inversi\u00f3n alemana que ingresaron a M\u00e9xico, fueron para el estado, por lo que resalt\u00f3 la importancia de estrechar lazos con el estado teut\u00f3n. *** El lunes, en dos ocasiones, primero en un chacaleo, y luego ante la secretaria de Gobernaci\u00f3n, Olga S\u00e1nchez Cordero, y el consejero Jur\u00eddico de la Presidencia de la Rep\u00fablica, Julio Scherer, el senador Ricardo Monreal se refiri\u00f3 al presidente de la Mesa Directiva del Senado, Mart\u00ed Batres, como su amigo, su camarada, quien ha hecho muy buen trabajo al frente de la conducci\u00f3n de los trabajos de las sesiones. \u201cLo respetamos mucho\u201d. \u00bfSe\u00f1al futurista, sobre la presidencia del Senado?<\/p>\n<p><strong>RESPONSABILIDAD SOCIAL CORPORATIVA<\/strong>: GINgroup, con el liderazgo de Ra\u00fal Beyruti S\u00e1nchez, y el gobierno de la CDMX, tras el arranque del Hackat\u00f3n Talento CDMX, proyecto encabezado por Elena Achar Samra y Diego Armenta, de parte de GINgroup, busca aprovechar y desarrollar el esp\u00edritu innovador de los mexicanos para que las empresas puedan capitalizar el talento de sus colaboradores atendiendo la actual din\u00e1mica de los negocios y sus nuevos retos, principalmente a lo que se refiere a la planeaci\u00f3n estrat\u00e9gica en materia de Administraci\u00f3n Integral de Talento Humano. Buena oportunidad para impulsar el talento de mexicanos.<\/p>\n<p><a href=\"http:\/\/poderydinero.mx\" target=\"_blank\" rel=\"noopener noreferrer\"><em>poderydinero.mx<\/em><\/a><em><b><br \/>\n<\/b><a href=\"mailto:vsanchezb@gmail.com\" target=\"_blank\" rel=\"noopener noreferrer\">vsanchezb@gmail.com<br \/>\n<\/a><strong>Twitter:<\/strong><a href=\"https:\/\/twitter.com\/vsanchezbanos\" target=\"_blank\" rel=\"noopener noreferrer\">@vsanchezbano<br \/>\n<\/a><strong>Facebook:\u00a0<\/strong><a href=\"https:\/\/www.facebook.com\/vsanchezbanos?fref=ts\" target=\"_blank\" rel=\"noopener noreferrer\">vsanchezbano<\/a><\/em><\/p>\n","protected":false},"excerpt":{"rendered":"<p><span style=\"color: #005497;\"><strong>V\u00edctor S\u00e1nchez Ba\u00f1os<\/strong><\/span><\/p>\n","protected":false},"author":3,"featured_media":0,"comment_status":"open","ping_status":"open","sticky":false,"template":"","format":"standard","meta":{"_monsterinsights_skip_tracking":false,"_monsterinsights_sitenote_active":false,"_monsterinsights_sitenote_note":"","_monsterinsights_sitenote_category":0,"footnotes":""},"categories":[38844],"tags":[43674,38847,38848],"class_list":["post-432137","post","type-post","status-publish","format-standard","hentry","category-victor-sanchez-banos","tag-opinion","tag-poder-y-dinero","tag-victor-sanchez-banos"],"_links":{"self":[{"href":"https:\/\/www.diarioimagen.net\/index.php?rest_route=\/wp\/v2\/posts\/432137","targetHints":{"allow":["GET"]}}],"collection":[{"href":"https:\/\/www.diarioimagen.net\/index.php?rest_route=\/wp\/v2\/posts"}],"about":[{"href":"https:\/\/www.diarioimagen.net\/index.php?rest_route=\/wp\/v2\/types\/post"}],"author":[{"embeddable":true,"href":"https:\/\/www.diarioimagen.net\/index.php?rest_route=\/wp\/v2\/users\/3"}],"replies":[{"embeddable":true,"href":"https:\/\/www.diarioimagen.net\/index.php?rest_route=%2Fwp%2Fv2%2Fcomments&post=432137"}],"version-history":[{"count":0,"href":"https:\/\/www.diarioimagen.net\/index.php?rest_route=\/wp\/v2\/posts\/432137\/revisions"}],"wp:attachment":[{"href":"https:\/\/www.diarioimagen.net\/index.php?rest_route=%2Fwp%2Fv2%2Fmedia&parent=432137"}],"wp:term":[{"taxonomy":"category","embeddable":true,"href":"https:\/\/www.diarioimagen.net\/index.php?rest_route=%2Fwp%2Fv2%2Fcategories&post=432137"},{"taxonomy":"post_tag","embeddable":true,"href":"https:\/\/www.diarioimagen.net\/index.php?rest_route=%2Fwp%2Fv2%2Ftags&post=432137"}],"curies":[{"name":"wp","href":"https:\/\/api.w.org\/{rel}","templated":true}]}}