{"id":432139,"date":"2019-06-19T00:10:43","date_gmt":"2019-06-19T05:10:43","guid":{"rendered":"https:\/\/www.diarioimagen.net\/?p=432139"},"modified":"2019-06-20T03:08:34","modified_gmt":"2019-06-20T08:08:34","slug":"investigacion-a-ex-presidentes","status":"publish","type":"post","link":"https:\/\/www.diarioimagen.net\/?p=432139","title":{"rendered":"Investigaci\u00f3n a ex presidentes"},"content":{"rendered":"<h2>De frente y de perfil<\/h2>\n<h5>Ram\u00f3n Zurita Sahag\u00fan<\/h5>\n<p>&nbsp;<\/p>\n<div id=\"attachment_432186\" style=\"width: 470px\" class=\"wp-caption aligncenter\"><a href=\"https:\/\/www.diarioimagen.net\/?attachment_id=432186\" rel=\"attachment wp-att-432186\"><img loading=\"lazy\" decoding=\"async\" aria-describedby=\"caption-attachment-432186\" class=\"size-large wp-image-432186\" src=\"https:\/\/www.diarioimagen.net\/wp-content\/uploads\/2019\/06\/EN-EL-CLAVO-jose-luis-460x439.jpg\" alt=\"\" width=\"460\" height=\"439\" srcset=\"https:\/\/www.diarioimagen.net\/wp-content\/uploads\/2019\/06\/EN-EL-CLAVO-jose-luis-460x439.jpg 460w, https:\/\/www.diarioimagen.net\/wp-content\/uploads\/2019\/06\/EN-EL-CLAVO-jose-luis-240x229.jpg 240w, https:\/\/www.diarioimagen.net\/wp-content\/uploads\/2019\/06\/EN-EL-CLAVO-jose-luis-768x733.jpg 768w, https:\/\/www.diarioimagen.net\/wp-content\/uploads\/2019\/06\/EN-EL-CLAVO-jose-luis.jpg 1200w\" sizes=\"auto, (max-width: 460px) 100vw, 460px\" \/><\/a><p id=\"caption-attachment-432186\" class=\"wp-caption-text\">En el clavo&#8230; | Jos\u00e9 Luis<\/p><\/div>\n<p>&nbsp;<\/p>\n<p>Finalmente se regresa al origen, que el pueblo decida si debe investigarse a los ex presidentes de M\u00e9xico, como se hab\u00eda previsto desde un inicio.<\/p>\n<p>El Presidente L\u00f3pez Obrador hab\u00eda adelantado desde el inicio de su gobierno que ser\u00eda el pueblo que acudir\u00eda a votar para definir si se proced\u00eda o no, mediante una investigaci\u00f3n, sobre los abusos cometidos por los ex mandatarios.<\/p>\n<p>La fecha prevista era el 21 de marzo y aunque definido el d\u00eda, se pospuso, por considerar que no estaba madura la idea, ni la forma en que se actuar\u00eda.<\/p>\n<p>El tiempo pas\u00f3 y ahora cuando saltan a la luz p\u00fablica versiones sobre la presunta participaci\u00f3n de Enrique Pe\u00f1a Nieto en la compra de Fertinal y hasta se menciona la posibilidad de un soborno al ex mandatario para la aprobaci\u00f3n de la adquisici\u00f3n en el precio pactado (muy por encima de su valor) se retoma la viabilidad de que sea el pueblo el que decida si se revisa la actuaci\u00f3n de los ex Presidentes del per\u00edodo neoliberal.<\/p>\n<p>Enrique Pe\u00f1a Nieto reaccion\u00f3 de inmediato para deslindarse de todo tipo de acusaciones, argumentando que no es la primera ocasi\u00f3n que se \u00a0pretende inculparlo de mala fe y sin fundamento alguno. Mienten, dijo el ex Presidente en un mensaje circulatorio por redes sociales.<\/p>\n<p>Claro que eso ser\u00eda distinto a la investigaci\u00f3n que eventualmente se sigue en Estados Unidos sobre el mencionado soborno y se ampliar\u00eda hacia Carlos Salinas, Ernesto Zedillo, Vicente Fox y Felipe Calder\u00f3n.<\/p>\n<p>De acuerdo con el Ejecutivo federal no se ha recibido ninguna notificaci\u00f3n del gobierno estadounidense sobre la investigaci\u00f3n a Pe\u00f1a Nieto.<\/p>\n<p>L\u00f3pez Obrador insisti\u00f3 en que no es una persona de venganzas, por lo que no act\u00faa en consecuencia, aunque su prop\u00f3sito primordial es el de eliminar la corrupci\u00f3n el pa\u00eds.<\/p>\n<p>Sin embargo, la percepci\u00f3n de gran parte de la poblaci\u00f3n sobre el gobierno anterior es la de un gran saqueo, donde el beneficio fue para los principales operadores del gobierno y algunos mandatarios estatales.<\/p>\n<p>De acuerdo con ellos, se deber\u00eda actuar, buscando recuperar parte de los beneficios obtenidos mediante el ejercicio del poder p\u00fablico.<\/p>\n<p>Por lo pronto, el esc\u00e1ndalo Fertinal podr\u00eda salpicar algunos otros personajes que pudieron estar envueltos en esta triqui\u00f1uela, que seg\u00fan la Fiscal\u00eda General dej\u00f3 ganancias escandalosas a los participantes en la compra.<\/p>\n<p>El abogado (Javier Coello Trejo) de Emilio Lozoya Austin se encuentra empe\u00f1ado en llamar a declarar en descargo de las pruebas de su defendido al ex Presidente Pe\u00f1a Nieto y a los miembros del gabinete presidencial que respaldaron la compra de la planta de fertilizantes.<\/p>\n<p>De acuerdo con ello, los primeros en ser investigados y llamados a declarar, adem\u00e1s del ex mandatario de la Rep\u00fablica, ser\u00edan los entonces secretarios de Energ\u00eda, Pedro Joaqu\u00edn Coldwell y de Medio Ambiente, Juan Jos\u00e9 Guerra, as\u00ed como todos los miembros del Consejo de Administraci\u00f3n de Pemex.<\/p>\n<p>La suspensi\u00f3n de los amparos para no ser detenidos, interpuestos por Emilio Lozoya Austin y su hermana Gilda Susana, dejan en total estado de indefensi\u00f3n a la hermana del ex director de Pemex, acusada de lavado de dinero. La Fiscal\u00eda cuenta con la informaci\u00f3n aportada por los anteriores propietarios de la casa de Lomas Bezares de c\u00f3mo se realiz\u00f3 la operaci\u00f3n de compra-venta.<\/p>\n<p><em><a href=\"mailto:ramonzurita44@hotmail.com\" target=\"_blank\" rel=\"noopener noreferrer\">ramonzurita44@hotmail.com<\/a><\/em><br \/>\n<a href=\"mailto:%20zurita_sahagun@hotmail.com\" target=\"_blank\" rel=\"noopener noreferrer\"><em>zurita_sahagun@hotmail.com<\/em><\/a><\/p>\n","protected":false},"excerpt":{"rendered":"<p><span style=\"color: #005497;\"><strong>Ram\u00f3n Zurita Sahag\u00fan<\/strong><\/span><br \/>\n<br \/>\nFinalmente se regresa al origen, que el pueblo decida si debe investigarse a los ex presidentes de M\u00e9xico, como se hab\u00eda previsto desde un inicio.<\/p>\n","protected":false},"author":3,"featured_media":432186,"comment_status":"open","ping_status":"open","sticky":false,"template":"","format":"standard","meta":{"_monsterinsights_skip_tracking":false,"_monsterinsights_sitenote_active":false,"_monsterinsights_sitenote_note":"","_monsterinsights_sitenote_category":0,"footnotes":""},"categories":[234],"tags":[304,43674,43687],"class_list":["post-432139","post","type-post","status-publish","format-standard","has-post-thumbnail","hentry","category-ramon-zurita-sahagun","tag-de-frente-y-de-perfil","tag-opinion","tag-ramon-zurita-sahagun"],"_links":{"self":[{"href":"https:\/\/www.diarioimagen.net\/index.php?rest_route=\/wp\/v2\/posts\/432139","targetHints":{"allow":["GET"]}}],"collection":[{"href":"https:\/\/www.diarioimagen.net\/index.php?rest_route=\/wp\/v2\/posts"}],"about":[{"href":"https:\/\/www.diarioimagen.net\/index.php?rest_route=\/wp\/v2\/types\/post"}],"author":[{"embeddable":true,"href":"https:\/\/www.diarioimagen.net\/index.php?rest_route=\/wp\/v2\/users\/3"}],"replies":[{"embeddable":true,"href":"https:\/\/www.diarioimagen.net\/index.php?rest_route=%2Fwp%2Fv2%2Fcomments&post=432139"}],"version-history":[{"count":0,"href":"https:\/\/www.diarioimagen.net\/index.php?rest_route=\/wp\/v2\/posts\/432139\/revisions"}],"wp:featuredmedia":[{"embeddable":true,"href":"https:\/\/www.diarioimagen.net\/index.php?rest_route=\/wp\/v2\/media\/432186"}],"wp:attachment":[{"href":"https:\/\/www.diarioimagen.net\/index.php?rest_route=%2Fwp%2Fv2%2Fmedia&parent=432139"}],"wp:term":[{"taxonomy":"category","embeddable":true,"href":"https:\/\/www.diarioimagen.net\/index.php?rest_route=%2Fwp%2Fv2%2Fcategories&post=432139"},{"taxonomy":"post_tag","embeddable":true,"href":"https:\/\/www.diarioimagen.net\/index.php?rest_route=%2Fwp%2Fv2%2Ftags&post=432139"}],"curies":[{"name":"wp","href":"https:\/\/api.w.org\/{rel}","templated":true}]}}