{"id":432194,"date":"2019-06-20T00:09:25","date_gmt":"2019-06-20T05:09:25","guid":{"rendered":"https:\/\/www.diarioimagen.net\/?p=432194"},"modified":"2019-06-20T01:06:29","modified_gmt":"2019-06-20T06:06:29","slug":"lopez-obrador-abierto-a-cambiar-fecha-de-consulta-sobre-revocacion","status":"publish","type":"post","link":"https:\/\/www.diarioimagen.net\/?p=432194","title":{"rendered":"L\u00f3pez Obrador, abierto a cambiar fecha de consulta sobre revocaci\u00f3n"},"content":{"rendered":"<ul>\n<li>Luego del rechazo a la del 21 de marzo de 2021<\/li>\n<\/ul>\n<p>&nbsp;<\/p>\n<div id=\"attachment_432195\" style=\"width: 470px\" class=\"wp-caption aligncenter\"><img loading=\"lazy\" decoding=\"async\" aria-describedby=\"caption-attachment-432195\" class=\"wp-image-432195 size-large\" src=\"https:\/\/www.diarioimagen.net\/wp-content\/uploads\/2019\/06\/REVOCACION20-portal-460x268.jpg\" alt=\"\" width=\"460\" height=\"268\" srcset=\"https:\/\/www.diarioimagen.net\/wp-content\/uploads\/2019\/06\/REVOCACION20-portal-460x268.jpg 460w, https:\/\/www.diarioimagen.net\/wp-content\/uploads\/2019\/06\/REVOCACION20-portal-240x140.jpg 240w, https:\/\/www.diarioimagen.net\/wp-content\/uploads\/2019\/06\/REVOCACION20-portal.jpg 480w\" sizes=\"auto, (max-width: 460px) 100vw, 460px\" \/><p id=\"caption-attachment-432195\" class=\"wp-caption-text\">Andr\u00e9s Manuel L\u00f3pez Obrador indic\u00f3 que la reforma electoral no ser\u00e1 parte de su agenda, sino hasta despu\u00e9s de la consulta sobre la revocaci\u00f3n de mandato.<\/p><\/div>\n<p>&nbsp;<\/p>\n<p>El presidente Andr\u00e9s Manuel L\u00f3pez Obrador se dijo abierto a explorar nuevas fechas para la consulta sobre la revocaci\u00f3n de mandato, luego de que la oposici\u00f3n rechaz\u00f3 su propuesta para que este ejercicio se realice el 21 de marzo de 2021, previo a la elecci\u00f3n federal intermedia.<\/p>\n<p>\u201cSi (los legisladores) no aceptan en marzo y no aceptan en junio durante las elecciones intermedias, se podr\u00edan ver otra fechas, nada m\u00e1s que se vea el compromiso que no haya un gasto adicional\u201d, dijo en su conferencia de prensa matutina en Palacio Nacional.<\/p>\n<p>En este contexto, L\u00f3pez Obrador indic\u00f3 que la reforma electoral no ser\u00e1 parte de su agenda sino hasta despu\u00e9s de que se lleve a cabo la consulta sobre la revocaci\u00f3n de mandato.<\/p>\n<p>Interrogado en torno al resultado de la consulta, detall\u00f3 que de acuerdo con la Constituci\u00f3n, \u201csi la renuncia del presidente se da antes de los dos a\u00f1os, se convoca a elecciones (\u2026) El Congreso elige, pero puede haber una modificaci\u00f3n constitucional para que se haga tambi\u00e9n una elecci\u00f3n\u201d. Sobre la posibilidad de una nueva reforma electoral, L\u00f3pez Obrador mencion\u00f3 que, en este momento, \u201cnosotros queremos proponer, pero hasta que pase el primer periodo de gobierno, es decir, hasta despu\u00e9s de la consulta para la revocaci\u00f3n del mandato, y es el Poder Legislativo el que va a resolver sobre este asunto\u201d.<\/p>\n<p>El mandatario record\u00f3 que el compromiso de su gobierno es erradicar el fraude electoral, pero para ello no hubo necesidad de modificar la ley;\u00a0 tan es as\u00ed, dijo, que durante las pasadas elecciones locales se logr\u00f3 que no interviniera el gobierno federal, por primera vez en mucho tiempo.<\/p>\n<p>\u201cM\u00e1s atr\u00e1s, recuerdo cuando nos robaron la presidencia en el 2006, el que era secretario de Comunicaciones y Transporte, (Pedro) Cerisola, fue el delegado en Tamaulipas; y al d\u00eda siguiente, a los dos d\u00edas de la elecci\u00f3n, se grab\u00f3 una llamada en donde se Cerisola le agradec\u00eda al gobernador de Tamaulipas de aqu\u00e9l entonces, (Eugenio) Hern\u00e1ndez\u201d. El presidente L\u00f3pez Obrador coment\u00f3 que el objetivo de dar a conocer los anteriores cap\u00edtulos de la vida nacional es dejar claro que ahora ya todo cambi\u00f3. \u201cSe insiste en que es lo mismo y yo tengo que decir que no. No me puedo quedar as\u00ed, callado, para que no prevalezca la amnesia. El compromiso que hicimos es no al fraude, no al uso del presupuesto para favorecer a candidatos, a partidos, no a la entrega de despensas, no al frijol con gorgojo\u201d.<\/p>\n","protected":false},"excerpt":{"rendered":"<p>El presidente Andr\u00e9s Manuel L\u00f3pez Obrador se dijo abierto a explorar nuevas fechas para la consulta sobre la revocaci\u00f3n de mandato, luego de que la oposici\u00f3n rechaz\u00f3 su propuesta para que este ejercicio se realice el 21 de marzo de 2021, previo a la elecci\u00f3n federal intermedia.<\/p>\n","protected":false},"author":5,"featured_media":432195,"comment_status":"open","ping_status":"open","sticky":false,"template":"","format":"standard","meta":{"_monsterinsights_skip_tracking":false,"_monsterinsights_sitenote_active":false,"_monsterinsights_sitenote_note":"","_monsterinsights_sitenote_category":0,"footnotes":""},"categories":[25512],"tags":[86226,16619,86227,86207,81020,81774,86208],"class_list":["post-432194","post","type-post","status-publish","format-standard","has-post-thumbnail","hentry","category-nacional-nacional","tag-cambiar","tag-consulta","tag-fecha","tag-fecha-de-consulta","tag-lopez-obrador","tag-mandato","tag-revocacion"],"_links":{"self":[{"href":"https:\/\/www.diarioimagen.net\/index.php?rest_route=\/wp\/v2\/posts\/432194","targetHints":{"allow":["GET"]}}],"collection":[{"href":"https:\/\/www.diarioimagen.net\/index.php?rest_route=\/wp\/v2\/posts"}],"about":[{"href":"https:\/\/www.diarioimagen.net\/index.php?rest_route=\/wp\/v2\/types\/post"}],"author":[{"embeddable":true,"href":"https:\/\/www.diarioimagen.net\/index.php?rest_route=\/wp\/v2\/users\/5"}],"replies":[{"embeddable":true,"href":"https:\/\/www.diarioimagen.net\/index.php?rest_route=%2Fwp%2Fv2%2Fcomments&post=432194"}],"version-history":[{"count":0,"href":"https:\/\/www.diarioimagen.net\/index.php?rest_route=\/wp\/v2\/posts\/432194\/revisions"}],"wp:featuredmedia":[{"embeddable":true,"href":"https:\/\/www.diarioimagen.net\/index.php?rest_route=\/wp\/v2\/media\/432195"}],"wp:attachment":[{"href":"https:\/\/www.diarioimagen.net\/index.php?rest_route=%2Fwp%2Fv2%2Fmedia&parent=432194"}],"wp:term":[{"taxonomy":"category","embeddable":true,"href":"https:\/\/www.diarioimagen.net\/index.php?rest_route=%2Fwp%2Fv2%2Fcategories&post=432194"},{"taxonomy":"post_tag","embeddable":true,"href":"https:\/\/www.diarioimagen.net\/index.php?rest_route=%2Fwp%2Fv2%2Ftags&post=432194"}],"curies":[{"name":"wp","href":"https:\/\/api.w.org\/{rel}","templated":true}]}}