{"id":432283,"date":"2019-06-20T00:08:11","date_gmt":"2019-06-20T05:08:11","guid":{"rendered":"https:\/\/www.diarioimagen.net\/?p=432283"},"modified":"2019-06-20T02:57:03","modified_gmt":"2019-06-20T07:57:03","slug":"asi-es-el-pri","status":"publish","type":"post","link":"https:\/\/www.diarioimagen.net\/?p=432283","title":{"rendered":"As\u00ed es el PRI"},"content":{"rendered":"<h2>Detr\u00e1s del Poder<\/h2>\n<h5>Jos\u00e9 Antonio L\u00f3pez Sosa<\/h5>\n<p>&nbsp;<\/p>\n<p>Quienes creyeron que el Partido Revolucionario Institucional (PRI) podr\u00eda renacer de sus cenizas, como sucedi\u00f3 tras las derrotas presidenciales del a\u00f1o 2000 y 2006 han recibido un rev\u00e9s.<\/p>\n<p>Quiz\u00e1s lo nieguen, tal vez sus intereses \u2014gratuitos o pagados\u2014, encuentren miles de excusas pero la salida de Narro y la candidatura pactada de Alejandro Moreno, gobernador con licencia de Campeche, son un mal s\u00edntoma: el PRI no ha dejado de ser lo que siempre ha sido, un partido cupular de mafias.<\/p>\n<p>Nacieron desde el seno del poder, se consolidaron como una dictadura perfecta \u2014tal como lo describi\u00f3 Vargas Llosa hace a\u00f1os\u2014, y simularon haberse renovado, pero al final del d\u00eda terminaron por saquear al pa\u00eds (Javier Duarte, C\u00e9sar Duarte, Roberto Borge, Eruviel \u00c1vila, Enrique Pe\u00f1a, Luis Videgaray, etc.) y hundir a su propio partido en la debacle.<\/p>\n<p>Hoy, de nuevo simularon que hab\u00edan cambiado, que son dem\u00f3cratas y que responder\u00edan a los intereses de la gente. Mintieron de nuevo.<\/p>\n<p>No hay de qu\u00e9 sorprendernos, as\u00ed es el PRI, as\u00ed ha sido y as\u00ed ser\u00e1 hasta su desaparici\u00f3n.<\/p>\n<p>A\u00fan hay entre nosotros, muchos activistas disfrazados de opinadores que defienden hasta lo indefendible a este partido, quiz\u00e1s por su nostalgia, por lo que ganaron, por lo que se beneficiaron o porque simplemente en ese mundo les toc\u00f3 crecer.<\/p>\n<p>No hace falta dar nombres, usted y yo los conocemos bien.<\/p>\n<p>Ahora llega Alejandro Moreno a administrar la debacle, a cargar con una instituci\u00f3n pol\u00edtica al borde del colapso, carente de credibilidad y haciendo gala de su autoritarismo hasta el \u00faltimo d\u00eda.<\/p>\n<p>\u201cMucho le debemos al PRI\u201d argumentan otros tantos, \u201ctodos salieron del PRI\u201d dicen los que no saben, los que ignoran que antes del a\u00f1o 2000, la \u00fanica opci\u00f3n para hacer pol\u00edtica era precisamente el PRI, el \u00fanico patrocinador de los medios de comunicaci\u00f3n era el PRI y la \u00fanica fuente de dinero en este pa\u00eds era precisamente el PRI y su c\u00fapula.<\/p>\n<p>No s\u00e9 si estamos mejor o peor ahora, pero s\u00ed s\u00e9 que el PRI es lo que siempre ha sido y hoy, muestra su peor y verdadera cara.<\/p>\n<p><em><a href=\"http:\/\/www.lopezsosa.com\" target=\"_blank\" rel=\"noopener noreferrer\">www.lopezsosa.com<\/a><\/em><br \/>\n<em><a href=\"mailto:joseantonio@lopezsosa.com\" target=\"_blank\" rel=\"noopener noreferrer\">joseantonio@lopezsosa.com<\/a><\/em><br \/>\n<em><a href=\"http:\/\/twitter.com\/joseantonio1977\" target=\"_blank\" rel=\"noopener noreferrer\">@joseantonio197<\/a><\/em><\/p>\n","protected":false},"excerpt":{"rendered":"<p><span style=\"color: #005497;\"><strong>Jos\u00e9 Antonio L\u00f3pez Sosa<\/strong><\/span><\/p>\n","protected":false},"author":3,"featured_media":0,"comment_status":"open","ping_status":"open","sticky":false,"template":"","format":"standard","meta":{"_monsterinsights_skip_tracking":false,"_monsterinsights_sitenote_active":false,"_monsterinsights_sitenote_note":"","_monsterinsights_sitenote_category":0,"footnotes":""},"categories":[637],"tags":[638,43690,43674],"class_list":["post-432283","post","type-post","status-publish","format-standard","hentry","category-jose-antonio-lopez-sosa","tag-detras-del-poder","tag-jose-antonio-lopez-sosa","tag-opinion"],"_links":{"self":[{"href":"https:\/\/www.diarioimagen.net\/index.php?rest_route=\/wp\/v2\/posts\/432283","targetHints":{"allow":["GET"]}}],"collection":[{"href":"https:\/\/www.diarioimagen.net\/index.php?rest_route=\/wp\/v2\/posts"}],"about":[{"href":"https:\/\/www.diarioimagen.net\/index.php?rest_route=\/wp\/v2\/types\/post"}],"author":[{"embeddable":true,"href":"https:\/\/www.diarioimagen.net\/index.php?rest_route=\/wp\/v2\/users\/3"}],"replies":[{"embeddable":true,"href":"https:\/\/www.diarioimagen.net\/index.php?rest_route=%2Fwp%2Fv2%2Fcomments&post=432283"}],"version-history":[{"count":0,"href":"https:\/\/www.diarioimagen.net\/index.php?rest_route=\/wp\/v2\/posts\/432283\/revisions"}],"wp:attachment":[{"href":"https:\/\/www.diarioimagen.net\/index.php?rest_route=%2Fwp%2Fv2%2Fmedia&parent=432283"}],"wp:term":[{"taxonomy":"category","embeddable":true,"href":"https:\/\/www.diarioimagen.net\/index.php?rest_route=%2Fwp%2Fv2%2Fcategories&post=432283"},{"taxonomy":"post_tag","embeddable":true,"href":"https:\/\/www.diarioimagen.net\/index.php?rest_route=%2Fwp%2Fv2%2Ftags&post=432283"}],"curies":[{"name":"wp","href":"https:\/\/api.w.org\/{rel}","templated":true}]}}