{"id":432345,"date":"2019-06-21T00:14:54","date_gmt":"2019-06-21T05:14:54","guid":{"rendered":"https:\/\/www.diarioimagen.net\/?p=432345"},"modified":"2019-06-21T01:29:56","modified_gmt":"2019-06-21T06:29:56","slug":"prision-preventiva-a-sacerdote-senalado-como-asesino-de-leonardo-avendano","status":"publish","type":"post","link":"https:\/\/www.diarioimagen.net\/?p=432345","title":{"rendered":"Prisi\u00f3n preventiva a cura se\u00f1alado como asesino de Leonardo Avenda\u00f1o"},"content":{"rendered":"<ul>\n<li><strong><em>El pr\u00f3ximo lunes continuar\u00e1 la audiencia<\/em><\/strong><\/li>\n<\/ul>\n<p>&nbsp;<\/p>\n<div id=\"attachment_432346\" style=\"width: 470px\" class=\"wp-caption aligncenter\"><img loading=\"lazy\" decoding=\"async\" aria-describedby=\"caption-attachment-432346\" class=\"wp-image-432346 size-large\" src=\"https:\/\/www.diarioimagen.net\/wp-content\/uploads\/2019\/06\/dos-portal-460x268.jpg\" alt=\"\" width=\"460\" height=\"268\" srcset=\"https:\/\/www.diarioimagen.net\/wp-content\/uploads\/2019\/06\/dos-portal-460x268.jpg 460w, https:\/\/www.diarioimagen.net\/wp-content\/uploads\/2019\/06\/dos-portal-240x140.jpg 240w, https:\/\/www.diarioimagen.net\/wp-content\/uploads\/2019\/06\/dos-portal.jpg 480w\" sizes=\"auto, (max-width: 460px) 100vw, 460px\" \/><p id=\"caption-attachment-432346\" class=\"wp-caption-text\">Imponen prisi\u00f3n preventiva al sacerdote Francisco Javier Bautista, por su probable implicaci\u00f3n en el asesinato de estudiante Hugo Leonardo Avenda\u00f1o Ch\u00e1vez.<\/p><\/div>\n<p>&nbsp;<\/p>\n<p>Un juez de control impuso ayer prisi\u00f3n preventiva en el Reclusorio Varonil Oriente al sacerdote Francisco Javier Bautista \u00c1valos por su probable implicaci\u00f3n en el asesinato de estudiante Hugo Leonardo Avenda\u00f1o Ch\u00e1vez, inform\u00f3 el Tribunal Superior de Justicia de la Ciudad de M\u00e9xico (TSJCDMX).<\/p>\n<p>En una tarjeta informativa, precis\u00f3 que el juez \u201cimpuso la medida cautelar de prisi\u00f3n preventiva oficiosa a un sujeto de iniciales FJBA por el delito de homicidio calificado en contra de una v\u00edctima de iniciales HLAC, en hechos ocurridos el pasado d\u00eda 12 en inmediaciones de la colonia H\u00e9roes de 1910, alcald\u00eda Tlalpan\u201d.<\/p>\n<p>Detall\u00f3 que el imputado, asesorado por su defensa, solicit\u00f3 la duplicidad del t\u00e9rmino constitucional para que le sea definida su situaci\u00f3n jur\u00eddica, por lo que se fij\u00f3 para el pr\u00f3ximo lunes la continuaci\u00f3n de audiencia para definir si se le vincula o no a proceso.<\/p>\n<p>El juez de control orden\u00f3 que el imputado cumpla la medida cautelar de prisi\u00f3n preventiva oficiosa en el Reclusorio Preventivo Varonil Oriente, precis\u00f3 el TSJCDMX. El cuerpo de Leonardo Avenda\u00f1o fue encontrado el pasado 12 de junio, un d\u00eda despu\u00e9s de que asisti\u00f3 por \u00faltima vez a la Universidad Intercontinental, en la alcald\u00eda Tlalpan.<\/p>\n<p style=\"text-align: center;\"><strong>Acusaci\u00f3n de <\/strong><strong>homicidio calificado<\/strong><\/p>\n<p>El sacerdote es se\u00f1alado como el presunto asesino de Leonardo, luego de que horas antes de su homicidio fue captado a trav\u00e9s de las c\u00e1maras de videovigilancia del C5 con el joven de 29 a\u00f1os de edad.<\/p>\n<p>Ello, luego de que se gir\u00f3 la orden de aprehensi\u00f3n tras cuatro d\u00edas de seguirle la pista y de un seguimiento cronol\u00f3gico.<\/p>\n<p>Cabe recordar que la PGJ capitalina inform\u00f3 que el caso de Avenda\u00f1o no estaba relacionado con un secuestro, toda vez que por el joven no se solicit\u00f3 ning\u00fan tipo de rescate.<\/p>\n<p>El 13 de junio pasado se dio a conocer que Leonardo fue hallado sin vida en el asiento trasero de su camioneta en un paraje de la calle Eucalipto en la alcald\u00eda Tlalpan.<\/p>\n<p>Al llevar los restos para una misa de cuerpo presente, el ahora acusado de homicidio calificado fue entrevistado y coment\u00f3 que la comunidad se encontraba consternada por estos hechos que se estaban volviendo cotidianos.<\/p>\n<p>Es una comunidad que est\u00e1 muy conmovida, porque son osas que se est\u00e1n haciendo ya como cotidianas, ya no solamente en la comunidad o en la Rector\u00eda, sino en toda la colonia porque a cada rato escuchamos que hay asaltos, que hay secuestros y no solamente los dos estudiantes que se est\u00e1n viendo en la televisi\u00f3n, sino los dem\u00e1s qu\u00e9\u201d, expuso en entrevista.<\/p>\n","protected":false},"excerpt":{"rendered":"<p>Un juez de control impuso ayer prisi\u00f3n preventiva en el Reclusorio Varonil Oriente al sacerdote Francisco Javier Bautista \u00c1valos por su probable implicaci\u00f3n en el asesinato de estudiante Hugo Leonardo Avenda\u00f1o Ch\u00e1vez, inform\u00f3 el Tribunal Superior de Justicia de la Ciudad de M\u00e9xico (TSJCDMX).<\/p>\n","protected":false},"author":5,"featured_media":432346,"comment_status":"open","ping_status":"open","sticky":false,"template":"","format":"standard","meta":{"_monsterinsights_skip_tracking":false,"_monsterinsights_sitenote_active":false,"_monsterinsights_sitenote_note":"","_monsterinsights_sitenote_category":0,"footnotes":""},"categories":[25512,7],"tags":[4760,47477,86236,86266,86235,86237,86234,43677],"class_list":["post-432345","post","type-post","status-publish","format-standard","has-post-thumbnail","hentry","category-nacional-nacional","category-seguridad","tag-asesinato","tag-cura","tag-francisco-javier-bautista-avalos","tag-joiven","tag-leonardo-avendano","tag-prision-preventiva","tag-sacerdote-senalado","tag-seguridad"],"_links":{"self":[{"href":"https:\/\/www.diarioimagen.net\/index.php?rest_route=\/wp\/v2\/posts\/432345","targetHints":{"allow":["GET"]}}],"collection":[{"href":"https:\/\/www.diarioimagen.net\/index.php?rest_route=\/wp\/v2\/posts"}],"about":[{"href":"https:\/\/www.diarioimagen.net\/index.php?rest_route=\/wp\/v2\/types\/post"}],"author":[{"embeddable":true,"href":"https:\/\/www.diarioimagen.net\/index.php?rest_route=\/wp\/v2\/users\/5"}],"replies":[{"embeddable":true,"href":"https:\/\/www.diarioimagen.net\/index.php?rest_route=%2Fwp%2Fv2%2Fcomments&post=432345"}],"version-history":[{"count":0,"href":"https:\/\/www.diarioimagen.net\/index.php?rest_route=\/wp\/v2\/posts\/432345\/revisions"}],"wp:featuredmedia":[{"embeddable":true,"href":"https:\/\/www.diarioimagen.net\/index.php?rest_route=\/wp\/v2\/media\/432346"}],"wp:attachment":[{"href":"https:\/\/www.diarioimagen.net\/index.php?rest_route=%2Fwp%2Fv2%2Fmedia&parent=432345"}],"wp:term":[{"taxonomy":"category","embeddable":true,"href":"https:\/\/www.diarioimagen.net\/index.php?rest_route=%2Fwp%2Fv2%2Fcategories&post=432345"},{"taxonomy":"post_tag","embeddable":true,"href":"https:\/\/www.diarioimagen.net\/index.php?rest_route=%2Fwp%2Fv2%2Ftags&post=432345"}],"curies":[{"name":"wp","href":"https:\/\/api.w.org\/{rel}","templated":true}]}}