{"id":432394,"date":"2019-06-21T00:09:05","date_gmt":"2019-06-21T05:09:05","guid":{"rendered":"https:\/\/www.diarioimagen.net\/?p=432394"},"modified":"2019-06-21T07:57:10","modified_gmt":"2019-06-21T12:57:10","slug":"concluyeron-en-uaem-los-foros-regionales-sobre-pnd-2019-2024","status":"publish","type":"post","link":"https:\/\/www.diarioimagen.net\/?p=432394","title":{"rendered":"Concluyeron en UAEM los Foros Regionales sobre PND 2019-2024"},"content":{"rendered":"<ul>\n<li><em><strong>Instituci\u00f3n seleccionada como sede del evento nacional\u00a0<\/strong><\/em><\/li>\n<li><em><strong>Se discutieron temas como el crecimiento y desarrollo econ\u00f3mico, educaci\u00f3n superior, planeaci\u00f3n urbana, igualdad de g\u00e9nero y desarrollo infantil, entre otros<\/strong><\/em><\/li>\n<\/ul>\n<p>&nbsp;<\/p>\n<div id=\"attachment_432481\" style=\"width: 470px\" class=\"wp-caption aligncenter\"><a href=\"https:\/\/www.diarioimagen.net\/?attachment_id=432481\" rel=\"attachment wp-att-432481\"><img loading=\"lazy\" decoding=\"async\" aria-describedby=\"caption-attachment-432481\" class=\"size-large wp-image-432481\" src=\"https:\/\/www.diarioimagen.net\/wp-content\/uploads\/2019\/06\/UAEM-21-460x259.jpg\" alt=\"\" width=\"460\" height=\"259\" srcset=\"https:\/\/www.diarioimagen.net\/wp-content\/uploads\/2019\/06\/UAEM-21-460x259.jpg 460w, https:\/\/www.diarioimagen.net\/wp-content\/uploads\/2019\/06\/UAEM-21-240x135.jpg 240w, https:\/\/www.diarioimagen.net\/wp-content\/uploads\/2019\/06\/UAEM-21-235x132.jpg 235w, https:\/\/www.diarioimagen.net\/wp-content\/uploads\/2019\/06\/UAEM-21-202x114.jpg 202w, https:\/\/www.diarioimagen.net\/wp-content\/uploads\/2019\/06\/UAEM-21-350x196.jpg 350w, https:\/\/www.diarioimagen.net\/wp-content\/uploads\/2019\/06\/UAEM-21-220x123.jpg 220w, https:\/\/www.diarioimagen.net\/wp-content\/uploads\/2019\/06\/UAEM-21-237x132.jpg 237w, https:\/\/www.diarioimagen.net\/wp-content\/uploads\/2019\/06\/UAEM-21.jpg 480w\" sizes=\"auto, (max-width: 460px) 100vw, 460px\" \/><\/a><p id=\"caption-attachment-432481\" class=\"wp-caption-text\">El rector Alfredo Barrera Baca agradeci\u00f3 que la UAEM fuera seleccionada como sede de estos foros.<\/p><\/div>\n<p>&nbsp;<\/p>\n<p><strong>Toluca, Estado de M\u00e9xico<\/strong>.\u2013 La Universidad Aut\u00f3noma del Estado de M\u00e9xico fue la cuarta y \u00faltima sede de los Foros Regionales relativos al Plan Nacional de Desarrollo 2019-2024, marco en el cual se discutieron temas como el crecimiento y desarrollo econ\u00f3mico, educaci\u00f3n superior, planeaci\u00f3n urbana, sustentabilidad, igualdad de g\u00e9nero, erradicaci\u00f3n de la discriminaci\u00f3n, desarrollo infantil y democracia.<\/p>\n<p>Durante la inauguraci\u00f3n de este evento, el rector de esta casa de estudios, Alfredo Barrera Baca, expres\u00f3 que, para esta ocasi\u00f3n, \u201cla Aut\u00f3noma mexiquense recibe a representantes de la academia, la sociedad civil, los sectores empresarial y sindical, as\u00ed como servidores p\u00fablicos, quienes expresar\u00e1n sus conocimientos y opiniones sobre el Plan Nacional de Desarrollo 2019-2024, cuyos objetivos son ambiciosos, pero en sinton\u00eda con los anhelos de los mexicanos\u201d.<\/p>\n<p>En el Aula Magna \u201cLic. Adolfo L\u00f3pez Mateos\u201d del Edificio de Rector\u00eda de la UAEM, donde se dieron cita el presidente de la LXIV Legislatura de la C\u00e1mara de Diputados Federal, Porfirio Mu\u00f1oz Ledo, y la vicepresidenta, Dolores Padierna Luna, Alfredo Barrera Baca agradeci\u00f3 que la instituci\u00f3n fuera seleccionada como sede de este importante evento nacional, que tambi\u00e9n se llev\u00f3 a cabo en Veracruz, Nuevo Le\u00f3n y Oaxaca.<\/p>\n<p>Ante el secretario t\u00e9cnico de gabinete del gobierno del Estado de M\u00e9xico, Eriko Flores P\u00e9rez, quien acudi\u00f3 en representaci\u00f3n del gobernador del Estado de M\u00e9xico, Alfredo Del Mazo Maza, Porfirio Mu\u00f1oz Ledo destac\u00f3 que el Plan Nacional de Desarrollo 2019-2024 integra 10 objetivos, entre los que destacan la austeridad republicana, la eficiencia gubernamental, la justicia expedita y real, la separaci\u00f3n de los poderes pol\u00edticos de intereses econ\u00f3micos y la generaci\u00f3n de un genuino federalismo en la asignaci\u00f3n de recursos a las tres esferas del poder.<\/p>\n<p>Afirm\u00f3 que los Foros Regionales son una variante contempor\u00e1nea del modelo de parlamento abierto y manifest\u00f3 que el Estado de M\u00e9xico fue elegido como sede de este evento por ser la entidad m\u00e1s poblada del pa\u00eds y por el trabajo que le caracteriza.<\/p>\n<p>Luego de reconocer la anfitiron\u00eda de la UAEM, Dolores Padierna enfatiz\u00f3 que los Foros Regionales sobre el Plan Nacional de Desarrollo ampl\u00edan la difusi\u00f3n y conocimiento del documento, relevante para el establecimiento de pol\u00edticas p\u00fablicas y metas a lograr en los pr\u00f3ximos a\u00f1os, por lo que es fundamental reunir los conocimientos de expertos, acad\u00e9micos y representantes de la sociedad.<\/p>\n<p>En tanto, la presidenta de la Diputaci\u00f3n Permanente de la LX Legislatura del Estado de M\u00e9xico, Karla Leticia Fiesco Garc\u00eda, subray\u00f3 la importancia de que el documento integre la discusi\u00f3n de los panelistas, a fin de mejorar la vida p\u00fablica de los mexicanos.<\/p>\n<p>En presencia del subsecretario de Empleo de la Secretaria del Trabajo y Previsi\u00f3n Social del gobierno federal, Horacio Duarte Olivares, el presidente de la Junta de Coordinaci\u00f3n Pol\u00edtica de la Legislatura mexiquense, Maurilio Hern\u00e1ndez Gonz\u00e1lez, consider\u00f3 este ejercicio como la oportunidad de plantear la sociedad a la que aspiramos y el gobierno que debe construirse para enfrentar los retos nacionales y estatales.<\/p>\n","protected":false},"excerpt":{"rendered":"<p>La Universidad Aut\u00f3noma del Estado de M\u00e9xico fue la cuarta y \u00faltima sede de los Foros Regionales relativos al Plan Nacional de Desarrollo 2019-2024, marco en el cual se discutieron temas como el crecimiento y desarrollo econ\u00f3mico, educaci\u00f3n superior, planeaci\u00f3n urbana, sustentabilidad, igualdad de g\u00e9nero, erradicaci\u00f3n de la discriminaci\u00f3n, desarrollo infantil y democracia.<\/p>\n","protected":false},"author":3,"featured_media":432481,"comment_status":"open","ping_status":"open","sticky":false,"template":"","format":"standard","meta":{"_monsterinsights_skip_tracking":false,"_monsterinsights_sitenote_active":false,"_monsterinsights_sitenote_note":"","_monsterinsights_sitenote_category":0,"footnotes":""},"categories":[5],"tags":[4760,47477,43675,86266,83713,43677,452],"class_list":["post-432394","post","type-post","status-publish","format-standard","has-post-thumbnail","hentry","category-estado-de-mexico","tag-asesinato","tag-cura","tag-estado-de-mexico","tag-joiven","tag-pnd","tag-seguridad","tag-toluca"],"_links":{"self":[{"href":"https:\/\/www.diarioimagen.net\/index.php?rest_route=\/wp\/v2\/posts\/432394","targetHints":{"allow":["GET"]}}],"collection":[{"href":"https:\/\/www.diarioimagen.net\/index.php?rest_route=\/wp\/v2\/posts"}],"about":[{"href":"https:\/\/www.diarioimagen.net\/index.php?rest_route=\/wp\/v2\/types\/post"}],"author":[{"embeddable":true,"href":"https:\/\/www.diarioimagen.net\/index.php?rest_route=\/wp\/v2\/users\/3"}],"replies":[{"embeddable":true,"href":"https:\/\/www.diarioimagen.net\/index.php?rest_route=%2Fwp%2Fv2%2Fcomments&post=432394"}],"version-history":[{"count":0,"href":"https:\/\/www.diarioimagen.net\/index.php?rest_route=\/wp\/v2\/posts\/432394\/revisions"}],"wp:featuredmedia":[{"embeddable":true,"href":"https:\/\/www.diarioimagen.net\/index.php?rest_route=\/wp\/v2\/media\/432481"}],"wp:attachment":[{"href":"https:\/\/www.diarioimagen.net\/index.php?rest_route=%2Fwp%2Fv2%2Fmedia&parent=432394"}],"wp:term":[{"taxonomy":"category","embeddable":true,"href":"https:\/\/www.diarioimagen.net\/index.php?rest_route=%2Fwp%2Fv2%2Fcategories&post=432394"},{"taxonomy":"post_tag","embeddable":true,"href":"https:\/\/www.diarioimagen.net\/index.php?rest_route=%2Fwp%2Fv2%2Ftags&post=432394"}],"curies":[{"name":"wp","href":"https:\/\/api.w.org\/{rel}","templated":true}]}}