{"id":432417,"date":"2019-06-21T00:05:06","date_gmt":"2019-06-21T05:05:06","guid":{"rendered":"https:\/\/www.diarioimagen.net\/?p=432417"},"modified":"2019-06-21T08:06:23","modified_gmt":"2019-06-21T13:06:23","slug":"arrancan-plan-de-desarrollo-para-centroamerica","status":"publish","type":"post","link":"https:\/\/www.diarioimagen.net\/?p=432417","title":{"rendered":"Arrancan Plan de Desarrollo para Centroam\u00e9rica"},"content":{"rendered":"<p><a href=\"https:\/\/www.diarioimagen.net\/?attachment_id=432492\" rel=\"attachment wp-att-432492\"><img loading=\"lazy\" decoding=\"async\" class=\"aligncenter size-large wp-image-432492\" src=\"https:\/\/www.diarioimagen.net\/wp-content\/uploads\/2019\/06\/REUNION21-460x259.jpg\" alt=\"\" width=\"460\" height=\"259\" srcset=\"https:\/\/www.diarioimagen.net\/wp-content\/uploads\/2019\/06\/REUNION21-460x259.jpg 460w, https:\/\/www.diarioimagen.net\/wp-content\/uploads\/2019\/06\/REUNION21-240x135.jpg 240w, https:\/\/www.diarioimagen.net\/wp-content\/uploads\/2019\/06\/REUNION21-235x132.jpg 235w, https:\/\/www.diarioimagen.net\/wp-content\/uploads\/2019\/06\/REUNION21-202x114.jpg 202w, https:\/\/www.diarioimagen.net\/wp-content\/uploads\/2019\/06\/REUNION21-350x196.jpg 350w, https:\/\/www.diarioimagen.net\/wp-content\/uploads\/2019\/06\/REUNION21-220x123.jpg 220w, https:\/\/www.diarioimagen.net\/wp-content\/uploads\/2019\/06\/REUNION21-237x132.jpg 237w, https:\/\/www.diarioimagen.net\/wp-content\/uploads\/2019\/06\/REUNION21.jpg 480w\" sizes=\"auto, (max-width: 460px) 100vw, 460px\" \/><\/a><\/p>\n<p>&nbsp;<\/p>\n<p>Los presidentes de M\u00e9xico, Andr\u00e9s Manuel L\u00f3pez Obrador, y de El Salvador, Nayib Bukele, suscribieron ayer jueves, en Tapachula, Chiapas, la carta de intenci\u00f3n en materia de cooperaci\u00f3n bilateral entre ambas naciones, lo cual, sostuvo el mandatario mexicano, es un ejemplo en el mundo en el \u00e1mbito de la colaboraci\u00f3n para el desarrollo entre pa\u00edses.<\/p>\n<p>En el acto, el Ejecutivo federal reiter\u00f3 su llamado a evitar la xenofobia y resalt\u00f3 que por encima de ello debe promoverse la justicia y la fraternidad, pues no se gana nada con la confrontaci\u00f3n, es mejor el bienestar y el libre comercio.<\/p>\n<p>En el evento, el secretario de Relaciones Exteriores, Marcelo Ebrard, anunci\u00f3 que M\u00e9xico invertir\u00e1 30 millones de d\u00f3lares en El Salvador para replicar el programa forestal \u201cSembrando Vida\u201d. \u201cHa tomado el presidente Andr\u00e9s Manuel L\u00f3pez Obrador la decisi\u00f3n de establecer el programa de colaboraci\u00f3n m\u00e1s grande con El Salvador\u201d.<\/p>\n","protected":false},"excerpt":{"rendered":"<p>Los presidentes de M\u00e9xico, Andr\u00e9s Manuel L\u00f3pez Obrador, y de El Salvador, Nayib Bukele, suscribieron ayer jueves, en Tapachula, Chiapas, la carta de intenci\u00f3n en materia de cooperaci\u00f3n bilateral entre ambas naciones, lo cual, sostuvo el mandatario mexicano, es un ejemplo en el mundo en el \u00e1mbito de la colaboraci\u00f3n para el desarrollo entre pa\u00edses.<\/p>\n","protected":false},"author":3,"featured_media":0,"comment_status":"open","ping_status":"open","sticky":false,"template":"","format":"standard","meta":{"_monsterinsights_skip_tracking":false,"_monsterinsights_sitenote_active":false,"_monsterinsights_sitenote_note":"","_monsterinsights_sitenote_category":0,"footnotes":""},"categories":[8],"tags":[72213,43678,68269],"class_list":["post-432417","post","type-post","status-publish","format-standard","hentry","category-finanzas","tag-arranca","tag-finanzas","tag-plan-de-desarrollo"],"_links":{"self":[{"href":"https:\/\/www.diarioimagen.net\/index.php?rest_route=\/wp\/v2\/posts\/432417","targetHints":{"allow":["GET"]}}],"collection":[{"href":"https:\/\/www.diarioimagen.net\/index.php?rest_route=\/wp\/v2\/posts"}],"about":[{"href":"https:\/\/www.diarioimagen.net\/index.php?rest_route=\/wp\/v2\/types\/post"}],"author":[{"embeddable":true,"href":"https:\/\/www.diarioimagen.net\/index.php?rest_route=\/wp\/v2\/users\/3"}],"replies":[{"embeddable":true,"href":"https:\/\/www.diarioimagen.net\/index.php?rest_route=%2Fwp%2Fv2%2Fcomments&post=432417"}],"version-history":[{"count":0,"href":"https:\/\/www.diarioimagen.net\/index.php?rest_route=\/wp\/v2\/posts\/432417\/revisions"}],"wp:attachment":[{"href":"https:\/\/www.diarioimagen.net\/index.php?rest_route=%2Fwp%2Fv2%2Fmedia&parent=432417"}],"wp:term":[{"taxonomy":"category","embeddable":true,"href":"https:\/\/www.diarioimagen.net\/index.php?rest_route=%2Fwp%2Fv2%2Fcategories&post=432417"},{"taxonomy":"post_tag","embeddable":true,"href":"https:\/\/www.diarioimagen.net\/index.php?rest_route=%2Fwp%2Fv2%2Ftags&post=432417"}],"curies":[{"name":"wp","href":"https:\/\/api.w.org\/{rel}","templated":true}]}}