{"id":432420,"date":"2019-06-21T00:09:42","date_gmt":"2019-06-21T05:09:42","guid":{"rendered":"https:\/\/www.diarioimagen.net\/?p=432420"},"modified":"2019-06-21T08:03:50","modified_gmt":"2019-06-21T13:03:50","slug":"lopez-obrador-reitera-que-economia-va-por-buen-camino","status":"publish","type":"post","link":"https:\/\/www.diarioimagen.net\/?p=432420","title":{"rendered":"L\u00f3pez Obrador reitera que econom\u00eda va por buen camino"},"content":{"rendered":"<ul>\n<li><em><strong>Defiende cifras de empleo con sus \u201cdatos\u201d<\/strong><\/em><\/li>\n<li><em><strong>Pide incluir a 481 mil de \u201cJ\u00f3venes Construyendo el Futuro\u201d y a 200 mil del programa \u201cSembrando Vida\u201d<\/strong><\/em><\/li>\n<\/ul>\n<p>&nbsp;<\/p>\n<p><a href=\"https:\/\/www.diarioimagen.net\/?attachment_id=432489\" rel=\"attachment wp-att-432489\"><img loading=\"lazy\" decoding=\"async\" class=\"aligncenter size-large wp-image-432489\" src=\"https:\/\/www.diarioimagen.net\/wp-content\/uploads\/2019\/06\/economia-460x259.jpg\" alt=\"\" width=\"460\" height=\"259\" srcset=\"https:\/\/www.diarioimagen.net\/wp-content\/uploads\/2019\/06\/economia-460x259.jpg 460w, https:\/\/www.diarioimagen.net\/wp-content\/uploads\/2019\/06\/economia-240x135.jpg 240w, https:\/\/www.diarioimagen.net\/wp-content\/uploads\/2019\/06\/economia-235x132.jpg 235w, https:\/\/www.diarioimagen.net\/wp-content\/uploads\/2019\/06\/economia-202x114.jpg 202w, https:\/\/www.diarioimagen.net\/wp-content\/uploads\/2019\/06\/economia-350x196.jpg 350w, https:\/\/www.diarioimagen.net\/wp-content\/uploads\/2019\/06\/economia-220x123.jpg 220w, https:\/\/www.diarioimagen.net\/wp-content\/uploads\/2019\/06\/economia-237x132.jpg 237w, https:\/\/www.diarioimagen.net\/wp-content\/uploads\/2019\/06\/economia.jpg 480w\" sizes=\"auto, (max-width: 460px) 100vw, 460px\" \/><\/a><\/p>\n<p>&nbsp;<\/p>\n<p>El presidente Andr\u00e9s Manuel L\u00f3pez Obrador reiter\u00f3 que la econom\u00eda del pa\u00eds va por buen camino, al igual que la generaci\u00f3n de empleos, y adelant\u00f3 que dar\u00e1 los detalles en su informe del pr\u00f3ximo 1 de julio en el Z\u00f3calo capitalino.<\/p>\n<p>\u201cQuiero demostrar con datos que est\u00e1 bien la econom\u00eda, que hay empleos, que est\u00e1n mejorando los salarios, que hay control de inflaci\u00f3n, que se est\u00e1 fortaleciendo el peso\u201d, asever\u00f3 el mandatario en su conferencia de prensa matutina.<\/p>\n<p>Cuestionado sobre la ca\u00edda en la generaci\u00f3n de empleos, reportada por la prensa con base en cifras del Instituto Mexicano del Seguro Social (IMSS), el mandatario dijo que no se tom\u00f3 en cuenta a los beneficiarios de los nuevos programas sociales.<\/p>\n<p>Entre ellos mencion\u00f3 a 481 mil de \u201cJ\u00f3venes Construyendo el Futuro\u201d inscritos tambi\u00e9n al Seguro Social y a 200 mil personas del programa \u201cSembrando Vida\u201d.<\/p>\n<p>\u201cEsp\u00e9renme, el primero de julio les vamos a ganar a los tecn\u00f3cratas, les vamos a demostrar que es mejor nuestra pol\u00edtica econ\u00f3mica\u201d, expres\u00f3 tras afirmar que \u201cest\u00e1 mejorando el consumo, est\u00e1 llegando inversi\u00f3n extranjera y evitamos que se impusieran aranceles\u201d.<\/p>\n<p>En su opini\u00f3n, \u201csi uno ve la prensa, pensar\u00eda que todo es negativo\u201d, sin embargo, consider\u00f3 que \u201clas estad\u00edsticas se pueden manejar de muchas formas (&#8230;). Entiendo que hay esta pol\u00e9mica porque les vamos a ganar a los tecn\u00f3cratas, conservadores, porque es mejor nuestra pol\u00edtica econ\u00f3mica\u201d.<\/p>\n<p>El mandatario neg\u00f3 una recesi\u00f3n, por el contrario, afirm\u00f3 que se ha incrementado el consumo y la inversi\u00f3n extranjera en la Bolsa Mexicana de Valores, aunque prefiri\u00f3 reservar los datos hasta el 1 de julio cuando ofrezca un mensaje en el marco del aniversario de la elecci\u00f3n presidencial.<\/p>\n<p>Expres\u00f3 que la democracia es debate y pluralidad, \u201cmensajes de ida y vuelta\u201d, por lo que dijo respetar la libertad de expresi\u00f3n. Sin embargo, advirti\u00f3 que no aceptar\u00e1 los mensajes que no tienen fundamento, si est\u00e1 sesgado o es tendencioso.<\/p>\n<p>Por otro lado, destac\u00f3 el acuerdo que en d\u00edas recientes firm\u00f3 con empresarios, por lo que neg\u00f3 que exista desconfianza por parte del gremio empresarial hacia su administraci\u00f3n. Atribuy\u00f3 lo anterior a sus adversarios, a quienes dijo comprender por la presi\u00f3n diaria de cuestionar sus acciones.<\/p>\n<p style=\"text-align: center;\"><strong>Admite IMSS ca\u00edda de empleo, pero presume alza respecto a otros sexenios<\/strong><\/p>\n<p>El Instituto Mexicano del Seguro Social (IMSS) admiti\u00f3 una ca\u00edda en la generaci\u00f3n de empleos en mayo de 2019, pero destac\u00f3 que en los primeros cinco meses del actual sexenio de han generado m\u00e1s plazas de trabajo que en los mismos periodos de los tres anteriores gobiernos.<\/p>\n<p>El titular del IMSS, Zo\u00e9 Robledo, afirm\u00f3 que existe un aumento de 20.79 por ciento (con 303 mil 545 empleos) en los primeros cinco meses de Andr\u00e9s Manuel L\u00f3pez Obrador, en comparaci\u00f3n con los mismos periodos de Vicente Fox, Felipe Calder\u00f3n y Enrique Pe\u00f1a Nieto, cuando en promedio se crearon 251 mil 288 plazas.<\/p>\n<p>En conferencia de prensa, dijo que en las cifras de generaci\u00f3n de empleos no se consider\u00f3 a los beneficiarios del programa \u201cJ\u00f3venes Construyendo el Futuro\u201d, que registra a 481 mil 548 becarios con m\u00e1s de un salario m\u00ednimo, que participan como Poblaci\u00f3n Econ\u00f3micamente Activa (PEA) y tienen seguridad social.<\/p>\n<p>Por la ma\u00f1ana, el presidente Andr\u00e9s Manuel L\u00f3pez Obrador respondi\u00f3 en su conferencia de prensa a cuestionamientos respecto a los indicadores de empleo. Subray\u00f3 que las cifras del IMSS no incluyen a los beneficiarios de \u201cJ\u00f3venes Construyendo el Futuro\u201d ni a los de \u201cSembrando Vida\u201d.<\/p>\n<p>Robledo Aburto explic\u00f3 que los becarios son asegurados en la modalidad 32, la cual cubre las prestaciones en especie del Seguro de Enfermedades y Maternidad, \u201cseguros de riesgo de trabajo, atenci\u00f3n m\u00e9dica, servicio hospitalarios, farmac\u00e9utica, partos y pr\u00f3tesis, entre otros\u201d.<\/p>\n<p>De los j\u00f3venes que participan en dicho programa 259 mil nunca hab\u00edan sido registrados en el Seguro Social, lo cual es relevante porque al t\u00e9rmino de un a\u00f1o se les dar\u00e1 un certificado de experiencia laboral que permitir\u00e1 incorporarlos a la cifra de empleo formal, subray\u00f3.<\/p>\n<p>Sin embargo, m\u00e1s all\u00e1 de un asunto de seguridad social, dijo, no se puede incluir a estos j\u00f3venes en cifras de empleo temporal o eventual, aunque cuentan con prestaciones incluso superiores a los que podr\u00edan estar contratados por asimilados u honorarios.<\/p>\n<p>En el caso del aseguramiento en la modalidad 32 en el IMSS, se refiere a la afiliaci\u00f3n en el seguro facultativo, y la Secretar\u00eda del Trabajo y Previsi\u00f3n Social (STPS) es la que absorbe en su totalidad el monto de las cuotas, las que se determinan tomando como base el monto del salario m\u00ednimo vigente en la Ciudad de M\u00e9xico.<\/p>\n<p>El director del IMSS argument\u00f3 que si en el reporte de generaci\u00f3n de empleos de los cinco primeros meses de esta administraci\u00f3n se sumaran a los participantes de dicho programa, el resultado ser\u00eda de 785 mil nuevos empleos, 168 por ciento m\u00e1s en comparaci\u00f3n con el periodo de enero a mayo de 2013, y 60.34 por ciento m\u00e1s respecto a mayo de 2018, e incluso 499 por ciento en relaci\u00f3n a abril a mayo del a\u00f1o pasado.<\/p>\n","protected":false},"excerpt":{"rendered":"<p>El presidente Andr\u00e9s Manuel L\u00f3pez Obrador reiter\u00f3 que la econom\u00eda del pa\u00eds va por buen camino, al igual que la generaci\u00f3n de empleos, y adelant\u00f3 que dar\u00e1 los detalles en su informe del pr\u00f3ximo 1 de julio en el Z\u00f3calo capitalino.<\/p>\n","protected":false},"author":3,"featured_media":432489,"comment_status":"open","ping_status":"open","sticky":false,"template":"","format":"standard","meta":{"_monsterinsights_skip_tracking":false,"_monsterinsights_sitenote_active":false,"_monsterinsights_sitenote_note":"","_monsterinsights_sitenote_category":0,"footnotes":""},"categories":[8],"tags":[2545,43678],"class_list":["post-432420","post","type-post","status-publish","format-standard","has-post-thumbnail","hentry","category-finanzas","tag-amlo","tag-finanzas"],"_links":{"self":[{"href":"https:\/\/www.diarioimagen.net\/index.php?rest_route=\/wp\/v2\/posts\/432420","targetHints":{"allow":["GET"]}}],"collection":[{"href":"https:\/\/www.diarioimagen.net\/index.php?rest_route=\/wp\/v2\/posts"}],"about":[{"href":"https:\/\/www.diarioimagen.net\/index.php?rest_route=\/wp\/v2\/types\/post"}],"author":[{"embeddable":true,"href":"https:\/\/www.diarioimagen.net\/index.php?rest_route=\/wp\/v2\/users\/3"}],"replies":[{"embeddable":true,"href":"https:\/\/www.diarioimagen.net\/index.php?rest_route=%2Fwp%2Fv2%2Fcomments&post=432420"}],"version-history":[{"count":0,"href":"https:\/\/www.diarioimagen.net\/index.php?rest_route=\/wp\/v2\/posts\/432420\/revisions"}],"wp:featuredmedia":[{"embeddable":true,"href":"https:\/\/www.diarioimagen.net\/index.php?rest_route=\/wp\/v2\/media\/432489"}],"wp:attachment":[{"href":"https:\/\/www.diarioimagen.net\/index.php?rest_route=%2Fwp%2Fv2%2Fmedia&parent=432420"}],"wp:term":[{"taxonomy":"category","embeddable":true,"href":"https:\/\/www.diarioimagen.net\/index.php?rest_route=%2Fwp%2Fv2%2Fcategories&post=432420"},{"taxonomy":"post_tag","embeddable":true,"href":"https:\/\/www.diarioimagen.net\/index.php?rest_route=%2Fwp%2Fv2%2Ftags&post=432420"}],"curies":[{"name":"wp","href":"https:\/\/api.w.org\/{rel}","templated":true}]}}