{"id":432424,"date":"2019-06-21T00:08:01","date_gmt":"2019-06-21T05:08:01","guid":{"rendered":"https:\/\/www.diarioimagen.net\/?p=432424"},"modified":"2019-06-21T08:07:53","modified_gmt":"2019-06-21T13:07:53","slug":"el-gobierno-de-huixquilucan-continua-invirtiendo-en-educacion-vargas-del-villar","status":"publish","type":"post","link":"https:\/\/www.diarioimagen.net\/?p=432424","title":{"rendered":"El gobierno de Huixquilucan contin\u00faa invirtiendo en educaci\u00f3n: Vargas del Villar"},"content":{"rendered":"<ul>\n<li><strong><em>Inauguraci\u00f3n del primer Medialab, en la colonia Jes\u00fas del Monte<\/em><\/strong><\/li>\n<\/ul>\n<p>&nbsp;<\/p>\n<div id=\"attachment_432495\" style=\"width: 470px\" class=\"wp-caption aligncenter\"><a href=\"https:\/\/www.diarioimagen.net\/?attachment_id=432495\" rel=\"attachment wp-att-432495\"><img loading=\"lazy\" decoding=\"async\" aria-describedby=\"caption-attachment-432495\" class=\"size-large wp-image-432495\" src=\"https:\/\/www.diarioimagen.net\/wp-content\/uploads\/2019\/06\/HUIXQUILUCAN-21-460x259.jpg\" alt=\"\" width=\"460\" height=\"259\" srcset=\"https:\/\/www.diarioimagen.net\/wp-content\/uploads\/2019\/06\/HUIXQUILUCAN-21-460x259.jpg 460w, https:\/\/www.diarioimagen.net\/wp-content\/uploads\/2019\/06\/HUIXQUILUCAN-21-240x135.jpg 240w, https:\/\/www.diarioimagen.net\/wp-content\/uploads\/2019\/06\/HUIXQUILUCAN-21-235x132.jpg 235w, https:\/\/www.diarioimagen.net\/wp-content\/uploads\/2019\/06\/HUIXQUILUCAN-21-202x114.jpg 202w, https:\/\/www.diarioimagen.net\/wp-content\/uploads\/2019\/06\/HUIXQUILUCAN-21-350x196.jpg 350w, https:\/\/www.diarioimagen.net\/wp-content\/uploads\/2019\/06\/HUIXQUILUCAN-21-220x123.jpg 220w, https:\/\/www.diarioimagen.net\/wp-content\/uploads\/2019\/06\/HUIXQUILUCAN-21-237x132.jpg 237w, https:\/\/www.diarioimagen.net\/wp-content\/uploads\/2019\/06\/HUIXQUILUCAN-21.jpg 480w\" sizes=\"auto, (max-width: 460px) 100vw, 460px\" \/><\/a><p id=\"caption-attachment-432495\" class=\"wp-caption-text\">El alcalde de Huixquilucan, Enrique Vargas del Villar, asisti\u00f3 a la inauguraci\u00f3n del primer Medialab, en la colonia Jes\u00fas del Monte.<\/p><\/div>\n<p>&nbsp;<\/p>\n<p><strong>Huixquilucan, Estado de M\u00e9xico<\/strong>.- \u201cHemos estado invirtiendo en todas las escuelas del municipio\u201d, asever\u00f3 el alcalde de Huixquilucan, Enrique Vargas del Villar, durante la inauguraci\u00f3n del primer Medialab, en la colonia Jes\u00fas del Monte.<\/p>\n<p>Ante autoridades escolares del Colegio Tarbut, alumnos de la primaria \u201cNi\u00f1os H\u00e9roes de Chapultepec\u201d, autoridades auxiliares e integrantes del cabildo, el edil record\u00f3 que a pesar de no ser una inversi\u00f3n que le toque hacer al gobierno municipal, -ya que las escuelas son responsabilidad del gobierno estatal o federal-, se ha apoyado a todas.<\/p>\n<p>Record\u00f3, que todos los jardines de ni\u00f1os a cargo del DIF Municipal, se remodelaron, lo mismo que las 7 bibliotecas p\u00fablicas con las que cuenta Huixquilucan.<\/p>\n<p>Vargas del Villar hizo un reconocimiento a Galy y Viky, alumnas del Colegio Tarbut que ejecutaron el proyecto de Medialab. En este sentido, reiter\u00f3 el apoyo a la educaci\u00f3n y asever\u00f3 \u201ca los l\u00edderes que se est\u00e1n formado en las escuelas, decirles que cuentan con el gobierno municipal\u201d.<\/p>\n<p>En tanto, Mar\u00eda Jos\u00e9 Ocampo V\u00e1zquez, directora general de Desarrollo Social, invit\u00f3 a los alumnos de todos los niveles acudir a este recinto, ya que ah\u00ed pueden ir en las tardes cuando salgan de la escuela, en donde los bibliotecarios podr\u00e1n atenderles, adem\u00e1s de que hay computadoras y mobiliario en \u00f3ptimas condiciones.<\/p>\n<p>\u201cPresidente gracias, todo esto es posible gracias a ti. La educaci\u00f3n, las bibliotecas, el municipio de Huixquilucan est\u00e1 cobrando vida, estamos llegando a la gente gracias a ti\u201d, se\u00f1al\u00f3 Ocampo V\u00e1zquez al tiempo de informar que se recibieron en donaci\u00f3n 5 laptops, 1 proyector, mobiliario de mesas, sillas y sillones tipo puff.<\/p>\n<p>Al dar la bienvenida Marisol Ch\u00e1vez Rivera, coordinadora de bibliotecas municipales, asegur\u00f3 que el presidente municipal, Enrique Vargas del Villar, siempre est\u00e1 pendiente de la mejora para la cultura y la educaci\u00f3n. De igual forma, reconoci\u00f3 el trabajo de bibliotecarios municipales y exhort\u00f3 a los alumnos de la escuela primaria \u201cNi\u00f1os H\u00e9roes de Chapultepec\u201d, para que acudan a este espacio.<\/p>\n<p>Mois\u00e9s Romano, presidente del Patronato del Colegio Tarbut, mostr\u00f3 su benepl\u00e1cito por los resultados de este proyecto, encabezado por alumnas de dicho plantel.<\/p>\n<p>Galy y Viky, agradecieron la confianza del gobierno municipal depositada en ellas, as\u00ed como la libertad para dejarlas trabajar en sus instalaciones para finalmente, brindarle una mejor calidad de educaci\u00f3n a los ni\u00f1os y j\u00f3venes de la comunidad.<\/p>\n","protected":false},"excerpt":{"rendered":"<p>\u201cHemos estado invirtiendo en todas las escuelas del municipio\u201d, asever\u00f3 el alcalde de Huixquilucan, Enrique Vargas del Villar, durante la inauguraci\u00f3n del primer Medialab, en la colonia Jes\u00fas del Monte.<\/p>\n","protected":false},"author":3,"featured_media":432495,"comment_status":"open","ping_status":"open","sticky":false,"template":"","format":"standard","meta":{"_monsterinsights_skip_tracking":false,"_monsterinsights_sitenote_active":false,"_monsterinsights_sitenote_note":"","_monsterinsights_sitenote_category":0,"footnotes":""},"categories":[5],"tags":[83190,43694,47218,43675,1097],"class_list":["post-432424","post","type-post","status-publish","format-standard","has-post-thumbnail","hentry","category-estado-de-mexico","tag-continua","tag-educacion","tag-enrique-vargas-del-villar","tag-estado-de-mexico","tag-huixquilucan"],"_links":{"self":[{"href":"https:\/\/www.diarioimagen.net\/index.php?rest_route=\/wp\/v2\/posts\/432424","targetHints":{"allow":["GET"]}}],"collection":[{"href":"https:\/\/www.diarioimagen.net\/index.php?rest_route=\/wp\/v2\/posts"}],"about":[{"href":"https:\/\/www.diarioimagen.net\/index.php?rest_route=\/wp\/v2\/types\/post"}],"author":[{"embeddable":true,"href":"https:\/\/www.diarioimagen.net\/index.php?rest_route=\/wp\/v2\/users\/3"}],"replies":[{"embeddable":true,"href":"https:\/\/www.diarioimagen.net\/index.php?rest_route=%2Fwp%2Fv2%2Fcomments&post=432424"}],"version-history":[{"count":0,"href":"https:\/\/www.diarioimagen.net\/index.php?rest_route=\/wp\/v2\/posts\/432424\/revisions"}],"wp:featuredmedia":[{"embeddable":true,"href":"https:\/\/www.diarioimagen.net\/index.php?rest_route=\/wp\/v2\/media\/432495"}],"wp:attachment":[{"href":"https:\/\/www.diarioimagen.net\/index.php?rest_route=%2Fwp%2Fv2%2Fmedia&parent=432424"}],"wp:term":[{"taxonomy":"category","embeddable":true,"href":"https:\/\/www.diarioimagen.net\/index.php?rest_route=%2Fwp%2Fv2%2Fcategories&post=432424"},{"taxonomy":"post_tag","embeddable":true,"href":"https:\/\/www.diarioimagen.net\/index.php?rest_route=%2Fwp%2Fv2%2Ftags&post=432424"}],"curies":[{"name":"wp","href":"https:\/\/api.w.org\/{rel}","templated":true}]}}