{"id":432689,"date":"2019-06-24T00:02:30","date_gmt":"2019-06-24T05:02:30","guid":{"rendered":"https:\/\/www.diarioimagen.net\/?p=432689"},"modified":"2019-06-24T07:31:17","modified_gmt":"2019-06-24T12:31:17","slug":"supervisan-avances-del-edificio-anexo-del-ayuntamiento-detultepec","status":"publish","type":"post","link":"https:\/\/www.diarioimagen.net\/?p=432689","title":{"rendered":"Supervisan avances del edificio\u00a0anexo del ayuntamiento deTultepec"},"content":{"rendered":"<ul>\n<li><em><b>Se han invertido 9.5 mdp<\/b><\/em><\/li>\n<\/ul>\n<p>&nbsp;<\/p>\n<div id=\"attachment_432690\" style=\"width: 470px\" class=\"wp-caption aligncenter\"><a href=\"https:\/\/www.diarioimagen.net\/?attachment_id=432690\" rel=\"attachment wp-att-432690\"><img loading=\"lazy\" decoding=\"async\" aria-describedby=\"caption-attachment-432690\" class=\"size-large wp-image-432690\" src=\"https:\/\/www.diarioimagen.net\/wp-content\/uploads\/2019\/06\/TULTEPEC1-460x259.jpg\" alt=\"\" width=\"460\" height=\"259\" srcset=\"https:\/\/www.diarioimagen.net\/wp-content\/uploads\/2019\/06\/TULTEPEC1-460x259.jpg 460w, https:\/\/www.diarioimagen.net\/wp-content\/uploads\/2019\/06\/TULTEPEC1-240x135.jpg 240w, https:\/\/www.diarioimagen.net\/wp-content\/uploads\/2019\/06\/TULTEPEC1-235x132.jpg 235w, https:\/\/www.diarioimagen.net\/wp-content\/uploads\/2019\/06\/TULTEPEC1-202x114.jpg 202w, https:\/\/www.diarioimagen.net\/wp-content\/uploads\/2019\/06\/TULTEPEC1-350x196.jpg 350w, https:\/\/www.diarioimagen.net\/wp-content\/uploads\/2019\/06\/TULTEPEC1-220x123.jpg 220w, https:\/\/www.diarioimagen.net\/wp-content\/uploads\/2019\/06\/TULTEPEC1-237x132.jpg 237w, https:\/\/www.diarioimagen.net\/wp-content\/uploads\/2019\/06\/TULTEPEC1.jpg 480w\" sizes=\"auto, (max-width: 460px) 100vw, 460px\" \/><\/a><p id=\"caption-attachment-432690\" class=\"wp-caption-text\">El edificio anexo del ayuntamiento ser\u00e1 entregado en los \u00faltimos d\u00edas de junio.<\/p><\/div>\n<p>&nbsp;<\/p>\n<p><b>Tultepec, Estado de M\u00e9xico.-<\/b> El nuevo edificio en construcci\u00f3n est\u00e1 ubicado en un predio de la calle Mariano Escobedo, es decir, a s\u00f3lo una calle en la parte posterior del actual Palacio Municipal, ser\u00e1 de dos niveles, contar\u00e1 con 50 cajones de estacionamiento y un auditorio, entre otras \u00e1reas para brindar un mejor servicio a la ciudadan\u00eda.<\/p>\n<p>Al supervisar los avances de los trabajos, \u00d3scar Ram\u00edrez Peralta, director de Obras P\u00fablicas, inform\u00f3 que luego de las excavaciones que realizaron el a\u00f1o pasado, y el vaciado de ollas de concreto en lo que ser\u00e1 un medio s\u00f3tano el cu\u00e1l albergar\u00e1 cerca de 50 cajones de estacionamiento, rampas de acceso de entrada y salida, as\u00f3 como un m\u00f3dulo de vigilancia.<\/p>\n<p>Hace unos d\u00edas se realiz\u00f3 el vaciado de ollas de concreto en lo que es la losa del primer piso del nuevo edificio en lo que es considerado como la base estructural, en la que se realiza una inversi\u00f3n de 9.5 millones de pesos, misma que se espera sea concluida a finales del mes de junio<\/p>\n<p>El edificio anexo a la Presidencia Municipal, estar\u00e1 soportada por zapatas corridas, muros de contenci\u00f3n, ambos de concreto armado al igual que columnas y trabes, las losas ser\u00e1n aligeradas o de nervadura con acero pos tensado de refuerzo adicional a su armado.<\/p>\n<p>El titular de Obras P\u00fablicas precis\u00f3 que el primer nivel contar\u00e1 con m\u00f3dulos de informaci\u00f3n, vigilancia, sanitarios, escaleras y elevador; donde se proyecta albergar las direcciones de agua potable, servicios p\u00fablicos, Ecolog\u00eda, Educaci\u00f3n, Imagen Urbana, Desarrollo Urbano y Obras P\u00fablicas.<\/p>\n<p>En tanto que en el segundo nivel contar\u00e1 con m\u00f3dulo de ba\u00f1o, \u00e1rea de almacenamiento de archivo y un auditorio de cerca de 800 m2. Cada nivel consta de 1440 m2 de construcci\u00f3n aproximadamente, que en total da una suma de construcci\u00f3n de 4,800 metros cuadrados..<\/p>\n","protected":false},"excerpt":{"rendered":"<p>El nuevo edificio en construcci\u00f3n est\u00e1 ubicado en un predio de la calle Mariano Escobedo, es decir, a s\u00f3lo una calle en la parte posterior del actual Palacio Municipal, ser\u00e1 de dos niveles, contar\u00e1 con 50 cajones de estacionamiento y un auditorio, entre otras \u00e1reas para brindar un mejor servicio a la ciudadan\u00eda.<\/p>\n","protected":false},"author":1,"featured_media":432690,"comment_status":"open","ping_status":"open","sticky":false,"template":"","format":"standard","meta":{"_monsterinsights_skip_tracking":false,"_monsterinsights_sitenote_active":false,"_monsterinsights_sitenote_note":"","_monsterinsights_sitenote_category":0,"footnotes":""},"categories":[35155],"tags":[43675,3802],"class_list":["post-432689","post","type-post","status-publish","format-standard","has-post-thumbnail","hentry","category-estado-de-mexico-estado-de-mexico","tag-estado-de-mexico","tag-tultepec"],"_links":{"self":[{"href":"https:\/\/www.diarioimagen.net\/index.php?rest_route=\/wp\/v2\/posts\/432689","targetHints":{"allow":["GET"]}}],"collection":[{"href":"https:\/\/www.diarioimagen.net\/index.php?rest_route=\/wp\/v2\/posts"}],"about":[{"href":"https:\/\/www.diarioimagen.net\/index.php?rest_route=\/wp\/v2\/types\/post"}],"author":[{"embeddable":true,"href":"https:\/\/www.diarioimagen.net\/index.php?rest_route=\/wp\/v2\/users\/1"}],"replies":[{"embeddable":true,"href":"https:\/\/www.diarioimagen.net\/index.php?rest_route=%2Fwp%2Fv2%2Fcomments&post=432689"}],"version-history":[{"count":0,"href":"https:\/\/www.diarioimagen.net\/index.php?rest_route=\/wp\/v2\/posts\/432689\/revisions"}],"wp:featuredmedia":[{"embeddable":true,"href":"https:\/\/www.diarioimagen.net\/index.php?rest_route=\/wp\/v2\/media\/432690"}],"wp:attachment":[{"href":"https:\/\/www.diarioimagen.net\/index.php?rest_route=%2Fwp%2Fv2%2Fmedia&parent=432689"}],"wp:term":[{"taxonomy":"category","embeddable":true,"href":"https:\/\/www.diarioimagen.net\/index.php?rest_route=%2Fwp%2Fv2%2Fcategories&post=432689"},{"taxonomy":"post_tag","embeddable":true,"href":"https:\/\/www.diarioimagen.net\/index.php?rest_route=%2Fwp%2Fv2%2Ftags&post=432689"}],"curies":[{"name":"wp","href":"https:\/\/api.w.org\/{rel}","templated":true}]}}