{"id":432712,"date":"2019-06-25T00:08:00","date_gmt":"2019-06-25T05:08:00","guid":{"rendered":"https:\/\/www.diarioimagen.net\/?p=432712"},"modified":"2019-06-26T00:15:58","modified_gmt":"2019-06-26T05:15:58","slug":"convoca-el-poder-judicial-a-cruzada-por-los-derechos-de-las-ninas-y-mujeres","status":"publish","type":"post","link":"https:\/\/www.diarioimagen.net\/?p=432712","title":{"rendered":"Convoca el Poder Judicial a cruzada por los derechos de las ni\u00f1as y mujeres"},"content":{"rendered":"<ul>\n<li><strong><em>La justicia es ciega, pero para ella no hay invisibles, asegura el presidente del TSJCDMX, Rafael Guerra \u00c1lvarez<\/em><\/strong><\/li>\n<li><strong><em>Refrenda el compromiso de promover la aplicaci\u00f3n de los derechos humanos con perspectiva de g\u00e9nero, de manera transversal e institucional en la administraci\u00f3n de la justicia<\/em><\/strong><\/li>\n<\/ul>\n<p>&nbsp;<\/p>\n<div id=\"attachment_432838\" style=\"width: 470px\" class=\"wp-caption aligncenter\"><a href=\"https:\/\/www.diarioimagen.net\/?attachment_id=432838\" rel=\"attachment wp-att-432838\"><img loading=\"lazy\" decoding=\"async\" aria-describedby=\"caption-attachment-432838\" class=\"size-large wp-image-432838\" src=\"https:\/\/www.diarioimagen.net\/wp-content\/uploads\/2019\/06\/TSJCDMX-1-1-460x259.jpg\" alt=\"\" width=\"460\" height=\"259\" srcset=\"https:\/\/www.diarioimagen.net\/wp-content\/uploads\/2019\/06\/TSJCDMX-1-1-460x259.jpg 460w, https:\/\/www.diarioimagen.net\/wp-content\/uploads\/2019\/06\/TSJCDMX-1-1-240x135.jpg 240w, https:\/\/www.diarioimagen.net\/wp-content\/uploads\/2019\/06\/TSJCDMX-1-1-235x132.jpg 235w, https:\/\/www.diarioimagen.net\/wp-content\/uploads\/2019\/06\/TSJCDMX-1-1-202x114.jpg 202w, https:\/\/www.diarioimagen.net\/wp-content\/uploads\/2019\/06\/TSJCDMX-1-1-350x196.jpg 350w, https:\/\/www.diarioimagen.net\/wp-content\/uploads\/2019\/06\/TSJCDMX-1-1-220x123.jpg 220w, https:\/\/www.diarioimagen.net\/wp-content\/uploads\/2019\/06\/TSJCDMX-1-1-237x132.jpg 237w, https:\/\/www.diarioimagen.net\/wp-content\/uploads\/2019\/06\/TSJCDMX-1-1.jpg 480w\" sizes=\"auto, (max-width: 460px) 100vw, 460px\" \/><\/a><p id=\"caption-attachment-432838\" class=\"wp-caption-text\">El presidente del TSJCDMX asisti\u00f3 a la vig\u00e9sima sesi\u00f3n ordinaria del Comit\u00e9 Interinstitucional de Seguimiento y Evaluaci\u00f3n para Introducir la Perspectiva de G\u00e9nero en los \u00d3rganos Impartidores de Justicia de la Ciudad de M\u00e9xico.<\/p><\/div>\n<p>&nbsp;<\/p>\n<p>Para que la perspectiva de g\u00e9nero impere en todo el pa\u00eds, no es necesario que las oportunidades fluyan\u00a0de arriba hacia abajo, sino de abajo hacia arriba,\u00a0asegur\u00f3\u00a0el presidente del Tribunal Superior de Justicia\u00a0de la Ciudad de M\u00e9xico\u00a0(TSJCDMX), Rafael Guerra \u00c1lvarez, al convocar a una cruzada cultural para\u00a0hacer patente,\u00a0en todas las latitudes del territorio nacional, que los derechos de las ni\u00f1as y las mujeres son primero y\u00a0antes que todo.<\/p>\n<p>En la vig\u00e9sima sesi\u00f3n ordinaria del Comit\u00e9 Interinstitucional de Seguimiento y Evaluaci\u00f3n para Introducir la Perspectiva de G\u00e9nero en los \u00d3rganos Impartidores de Justicia de la Ciudad de M\u00e9xico,\u00a0a la que asisti\u00f3 como invitada\u00a0Ernestina Godoy, procuradora general de Justicia,\u00a0el magistrado presidente\u00a0refrend\u00f3,\u00a0en nombre del Poder Judicial,\u00a0\u201cnuestra causa por promover la aplicaci\u00f3n de\u00a0los derechos humanos con perspectiva de g\u00e9nero de manera transversal e institucional en la administraci\u00f3n de justicia\u201d.<\/p>\n<p>Los derechos humanos no devienen de la generosidad del Estado,\u00a0sino del triunfo de la humanidad,\u00a0como condici\u00f3n inalienable de todas y\u00a0de todos, dijo. Por ello, destac\u00f3 que, como impartidores de justicia, es necesario adoptar\u00a0un enfoque integral y transversal en g\u00e9nero,\u00a0lo que\u00a0permitir\u00e1 analizar los casos, garantizando justicia y debido proceso,\u00a0en una verdadera equidad.<\/p>\n<p>\u201cEsto significa\u00a0mucho m\u00e1s que ver detr\u00e1s de los roles o los patrones culturales. Significa garantizar que la justicia es ciega, pero para ella no hay invisibles, subray\u00f3 Guerra\u00a0\u00c1lvarez, quien\u00a0tambi\u00e9n\u00a0es presidente del\u00a0Comit\u00e9 Interinstitucional de Seguimiento y Evaluaci\u00f3n\u00a0para Introducir la Perspectiva de G\u00e9nero en los \u00d3rganos Impartidores de Justicia de la Ciudad de M\u00e9xico.<\/p>\n<p>En su oportunidad, Armando Ismael Maitre, secretario Ejecutivo de la\u00a0Asociaci\u00f3n Mexicana de Impartidores de Justicia AC (AMIJ), elogi\u00f3 el trabajo del comit\u00e9, a casi 10 a\u00f1os de su creaci\u00f3n. Anunci\u00f3 que se reimpulsar\u00e1 el comit\u00e9 y se dar\u00e1n a conocer nuevas pol\u00edticas y acciones para reforzar la igualdad y la introducci\u00f3n de la perspectiva de g\u00e9nero en los \u00f3rganos impartidores de justicia.<\/p>\n<p>Mientras tanto, Estela Fuentes Jim\u00e9nez, presidenta del Tribunal de Justicia Administrativa (TJA), dio a conocer algunos avances que en materia de equidad de g\u00e9nero se han registrado; sin embargo, habl\u00f3 de algunos temas en los que a\u00fan falta por hacer; por ejemplo, que el 35 por ciento de las mujeres son v\u00edctimas de ataques y abusos, y, lamentablemente, provienen de sus parejas o de familiares m\u00e1s cercanos. Por ello, insisti\u00f3 en que es necesario empoderar a las ni\u00f1as y mujeres.<\/p>\n<p>Por otro lado, Margarita Darlene Rojas Olvera, presidenta de la Junta Local de Conciliaci\u00f3n y Arbitraje, se congratul\u00f3 por la introducci\u00f3n de la perspectiva de g\u00e9nero en los \u00f3rganos impartidores de justicia de la Ciudad de M\u00e9xico, y convoc\u00f3 a reforzar la capacitaci\u00f3n y la sensibilizaci\u00f3n, a trav\u00e9s de talleres y cursos, entre otras acciones.<\/p>\n<p>El titular del Instituto de Transparencia, Acceso a la Informaci\u00f3n P\u00fablica, Protecci\u00f3n de Datos Personales y Rendici\u00f3n de Cuentas de la Ciudad de M\u00e9xico, Julio C\u00e9sar Bonilla Guti\u00e9rrez, destac\u00f3 que es una oportunidad para que todos los \u00f3rganos de justicia refuercen su labor para la igualdad y el derecho de todas las personas.<\/p>\n<p>Mientras, la procuradora general de Justicia, Ernestina Godoy, agradeci\u00f3 la invitaci\u00f3n a este evento, y extern\u00f3 su benepl\u00e1cito por los trabajos que realizan y unir esfuerzos para el tema que los congrega; el presidente del Tribunal Electoral, Gustavo Anzaldo Hern\u00e1ndez, se congratul\u00f3 por esta alianza estrat\u00e9gica, y se manifest\u00f3 a favor de una mayor capacitaci\u00f3n.<\/p>\n<p>Por su parte, Blanca Estela del Rosario Zamudio, integrante del Consejo de la Judicatura de la Ciudad de M\u00e9xico, habl\u00f3 sobre los logros de los tres lactarios, con los que cuenta el Poder Judicial. Resalt\u00f3 el que \u00e9stos han beneficiado tanto a trabajadoras como a visitantes, as\u00ed como de los tres Centros de Justicia para la Mujer.<\/p>\n<p>A su vez, Mar\u00eda Elena Lugo del Castillo, directora Ejecutiva de Orientaci\u00f3n Ciudadana y Derechos Humanos del TSJCDMX, present\u00f3 el programa anual de trabajo del comit\u00e9, el cual contempla tres grandes rubros: capacitaci\u00f3n, difusi\u00f3n y relaciones interinstitucionales.<\/p>\n","protected":false},"excerpt":{"rendered":"<p>Para que la perspectiva de g\u00e9nero impere en todo el pa\u00eds, no es necesario que las oportunidades fluyan\u00a0de arriba hacia abajo, sino de abajo hacia arriba,\u00a0asegur\u00f3\u00a0el presidente del Tribunal Superior de Justicia\u00a0de la Ciudad de M\u00e9xico\u00a0(TSJCDMX), Rafael Guerra \u00c1lvarez, al convocar a una cruzada cultural para\u00a0hacer patente,\u00a0en todas las latitudes del territorio nacional, que los derechos de las ni\u00f1as y las mujeres son primero y\u00a0antes que todo.<\/p>\n","protected":false},"author":3,"featured_media":432838,"comment_status":"open","ping_status":"open","sticky":false,"template":"","format":"standard","meta":{"_monsterinsights_skip_tracking":false,"_monsterinsights_sitenote_active":false,"_monsterinsights_sitenote_note":"","_monsterinsights_sitenote_category":0,"footnotes":""},"categories":[6],"tags":[204,1921,16164,6055],"class_list":["post-432712","post","type-post","status-publish","format-standard","has-post-thumbnail","hentry","category-cd-de-mexico","tag-ciudad-de-mexico","tag-mujeres","tag-ninas","tag-poder-judicial"],"_links":{"self":[{"href":"https:\/\/www.diarioimagen.net\/index.php?rest_route=\/wp\/v2\/posts\/432712","targetHints":{"allow":["GET"]}}],"collection":[{"href":"https:\/\/www.diarioimagen.net\/index.php?rest_route=\/wp\/v2\/posts"}],"about":[{"href":"https:\/\/www.diarioimagen.net\/index.php?rest_route=\/wp\/v2\/types\/post"}],"author":[{"embeddable":true,"href":"https:\/\/www.diarioimagen.net\/index.php?rest_route=\/wp\/v2\/users\/3"}],"replies":[{"embeddable":true,"href":"https:\/\/www.diarioimagen.net\/index.php?rest_route=%2Fwp%2Fv2%2Fcomments&post=432712"}],"version-history":[{"count":0,"href":"https:\/\/www.diarioimagen.net\/index.php?rest_route=\/wp\/v2\/posts\/432712\/revisions"}],"wp:featuredmedia":[{"embeddable":true,"href":"https:\/\/www.diarioimagen.net\/index.php?rest_route=\/wp\/v2\/media\/432838"}],"wp:attachment":[{"href":"https:\/\/www.diarioimagen.net\/index.php?rest_route=%2Fwp%2Fv2%2Fmedia&parent=432712"}],"wp:term":[{"taxonomy":"category","embeddable":true,"href":"https:\/\/www.diarioimagen.net\/index.php?rest_route=%2Fwp%2Fv2%2Fcategories&post=432712"},{"taxonomy":"post_tag","embeddable":true,"href":"https:\/\/www.diarioimagen.net\/index.php?rest_route=%2Fwp%2Fv2%2Ftags&post=432712"}],"curies":[{"name":"wp","href":"https:\/\/api.w.org\/{rel}","templated":true}]}}