{"id":432741,"date":"2019-06-25T00:09:29","date_gmt":"2019-06-25T05:09:29","guid":{"rendered":"https:\/\/www.diarioimagen.net\/?p=432741"},"modified":"2019-06-25T06:41:34","modified_gmt":"2019-06-25T11:41:34","slug":"uaem-colabora-en-diseno-de-politicas-publicas-en-materia-educativa","status":"publish","type":"post","link":"https:\/\/www.diarioimagen.net\/?p=432741","title":{"rendered":"UAEM colabora en dise\u00f1o de pol\u00edticas p\u00fablicas en materia educativa"},"content":{"rendered":"<div id=\"attachment_432856\" style=\"width: 470px\" class=\"wp-caption aligncenter\"><a href=\"https:\/\/www.diarioimagen.net\/?attachment_id=432856\" rel=\"attachment wp-att-432856\"><img loading=\"lazy\" decoding=\"async\" aria-describedby=\"caption-attachment-432856\" class=\"size-large wp-image-432856\" src=\"https:\/\/www.diarioimagen.net\/wp-content\/uploads\/2019\/06\/Rector-460x259.jpg\" alt=\"\" width=\"460\" height=\"259\" srcset=\"https:\/\/www.diarioimagen.net\/wp-content\/uploads\/2019\/06\/Rector-460x259.jpg 460w, https:\/\/www.diarioimagen.net\/wp-content\/uploads\/2019\/06\/Rector-240x135.jpg 240w, https:\/\/www.diarioimagen.net\/wp-content\/uploads\/2019\/06\/Rector-235x132.jpg 235w, https:\/\/www.diarioimagen.net\/wp-content\/uploads\/2019\/06\/Rector-202x114.jpg 202w, https:\/\/www.diarioimagen.net\/wp-content\/uploads\/2019\/06\/Rector-350x196.jpg 350w, https:\/\/www.diarioimagen.net\/wp-content\/uploads\/2019\/06\/Rector-220x123.jpg 220w, https:\/\/www.diarioimagen.net\/wp-content\/uploads\/2019\/06\/Rector-237x132.jpg 237w, https:\/\/www.diarioimagen.net\/wp-content\/uploads\/2019\/06\/Rector.jpg 480w\" sizes=\"auto, (max-width: 460px) 100vw, 460px\" \/><\/a><p id=\"caption-attachment-432856\" class=\"wp-caption-text\">El rector Alfredo Barrera Baca encabez\u00f3 el cuarto informe anual de actividades de la Facultad de Medicina Veterinaria y Zootecnia de la UAEM.<\/p><\/div>\n<p>&nbsp;<\/p>\n<p><strong>Toluca, Estado de M\u00e9xico<\/strong>.- La comunidad de la Universidad Aut\u00f3noma del Estado de M\u00e9xico colabora en el dise\u00f1o de pol\u00edticas p\u00fablicas federales en materia educativa, asever\u00f3 el rector Alfredo Barrera Baca, quien destac\u00f3 la reciente consulta estatal para un acuerdo nacional sobre la educaci\u00f3n y los dos foros regionales en torno al Plan Nacional de Desarrollo, de los cuales esta instituci\u00f3n fue sede.<\/p>\n<p>Al encabezar el cuarto informe anual de actividades de la Facultad de Medicina Veterinaria y Zootecnia de la UAEM, Barrera Baca se\u00f1al\u00f3 que la discusi\u00f3n sobre el acceso universal a la educaci\u00f3n superior en el pa\u00eds obliga a maximizar voluntades e imaginaci\u00f3n para optimizar recursos disponibles y atender a un creciente n\u00famero de universitarios.\u00a0 Ante el director de dicha facultad, Roberto Montes de Oca Jim\u00e9nez, expres\u00f3 que para cumplir con este desaf\u00edo y al evaluar lo que esta casa de estudios puede brindar a la naci\u00f3n, \u201cpensamos en espacios acad\u00e9micos de alta productividad y solidaridad como el campus \u201cEl Cerrillo\u201d.<\/p>\n<p>En este contexto, reconoci\u00f3 el trabajo coordinado que llevan a cabo la instituci\u00f3n y la secretar\u00eda del Medio Ambiente del gobierno del Estado de M\u00e9xico, para el rescate y preservaci\u00f3n de 74 especies de aves que habitan el bordo \u201cLas Maravillas\u201d.<\/p>\n<p>Al entregar cartas de definitividad a profesores de tiempo completo y develar la placa por la remodelaci\u00f3n y ampliaci\u00f3n de la sala de directores de este espacio acad\u00e9mico, Alfredo Barrera Baca enfatiz\u00f3 que, durante el \u00faltimo a\u00f1o, la comunidad de la Facultad realiz\u00f3 137 productos acad\u00e9micos y firm\u00f3 convenios de colaboraci\u00f3n con empresas de Estados Unidos, Guatemala y Espa\u00f1a.<\/p>\n<p>Antes de que realizara un recorrido por \u201cLas Maravillas\u201d para supervisar los trabajos de limpieza y la colocaci\u00f3n de una cisterna de sedimentaci\u00f3n en este cuerpo de agua, Montes de Oca Jim\u00e9nez puntualiz\u00f3 que la Licenciatura en Medicina Veterinaria cuenta con la acreditaci\u00f3n internacional por parte del Consejo Panamericano de Educaci\u00f3n en las Ciencias Veterinarias.<\/p>\n<p>Subray\u00f3 que 29 profesores de este espacio acad\u00e9mico son integrantes del Sistema Nacional de Investigadores (SNI), se tienen registrados 19 proyectos de investigaci\u00f3n y se mantienen 10 convenios de cooperaci\u00f3n vigentes con universidades e instancias de los sectores p\u00fablico y privado.<\/p>\n","protected":false},"excerpt":{"rendered":"<p>La comunidad de la Universidad Aut\u00f3noma del Estado de M\u00e9xico colabora en el dise\u00f1o de pol\u00edticas p\u00fablicas federales en materia educativa, asever\u00f3 el rector Alfredo Barrera Baca, quien destac\u00f3 la reciente consulta estatal para un acuerdo nacional sobre la educaci\u00f3n y los dos foros regionales en torno al Plan Nacional de Desarrollo, de los cuales esta instituci\u00f3n fue sede.<\/p>\n","protected":false},"author":3,"featured_media":432856,"comment_status":"open","ping_status":"open","sticky":false,"template":"","format":"standard","meta":{"_monsterinsights_skip_tracking":false,"_monsterinsights_sitenote_active":false,"_monsterinsights_sitenote_note":"","_monsterinsights_sitenote_category":0,"footnotes":""},"categories":[5],"tags":[43675,50377,452,1491],"class_list":["post-432741","post","type-post","status-publish","format-standard","has-post-thumbnail","hentry","category-estado-de-mexico","tag-estado-de-mexico","tag-materia-educativa","tag-toluca","tag-uaem"],"_links":{"self":[{"href":"https:\/\/www.diarioimagen.net\/index.php?rest_route=\/wp\/v2\/posts\/432741","targetHints":{"allow":["GET"]}}],"collection":[{"href":"https:\/\/www.diarioimagen.net\/index.php?rest_route=\/wp\/v2\/posts"}],"about":[{"href":"https:\/\/www.diarioimagen.net\/index.php?rest_route=\/wp\/v2\/types\/post"}],"author":[{"embeddable":true,"href":"https:\/\/www.diarioimagen.net\/index.php?rest_route=\/wp\/v2\/users\/3"}],"replies":[{"embeddable":true,"href":"https:\/\/www.diarioimagen.net\/index.php?rest_route=%2Fwp%2Fv2%2Fcomments&post=432741"}],"version-history":[{"count":0,"href":"https:\/\/www.diarioimagen.net\/index.php?rest_route=\/wp\/v2\/posts\/432741\/revisions"}],"wp:featuredmedia":[{"embeddable":true,"href":"https:\/\/www.diarioimagen.net\/index.php?rest_route=\/wp\/v2\/media\/432856"}],"wp:attachment":[{"href":"https:\/\/www.diarioimagen.net\/index.php?rest_route=%2Fwp%2Fv2%2Fmedia&parent=432741"}],"wp:term":[{"taxonomy":"category","embeddable":true,"href":"https:\/\/www.diarioimagen.net\/index.php?rest_route=%2Fwp%2Fv2%2Fcategories&post=432741"},{"taxonomy":"post_tag","embeddable":true,"href":"https:\/\/www.diarioimagen.net\/index.php?rest_route=%2Fwp%2Fv2%2Ftags&post=432741"}],"curies":[{"name":"wp","href":"https:\/\/api.w.org\/{rel}","templated":true}]}}