{"id":432745,"date":"2019-06-25T00:07:02","date_gmt":"2019-06-25T05:07:02","guid":{"rendered":"https:\/\/www.diarioimagen.net\/?p=432745"},"modified":"2019-06-25T08:09:49","modified_gmt":"2019-06-25T13:09:49","slug":"con-nueva-norma-oit-abre-las-puertas-al-futuro-laboral-david-parra-sanchez","status":"publish","type":"post","link":"https:\/\/www.diarioimagen.net\/?p=432745","title":{"rendered":"Con nueva norma, OIT abre las puertas al futuro laboral: David Parra S\u00e1nchez"},"content":{"rendered":"<ul>\n<li><strong><em>Se fomenta un entorno m\u00e1s seguro y decente<\/em><\/strong><\/li>\n<\/ul>\n<p>&nbsp;<\/p>\n<div id=\"attachment_432862\" style=\"width: 470px\" class=\"wp-caption aligncenter\"><a href=\"https:\/\/www.diarioimagen.net\/?attachment_id=432862\" rel=\"attachment wp-att-432862\"><img loading=\"lazy\" decoding=\"async\" aria-describedby=\"caption-attachment-432862\" class=\"size-large wp-image-432862\" src=\"https:\/\/www.diarioimagen.net\/wp-content\/uploads\/2019\/06\/NAUCALPAN-25-460x259.jpg\" alt=\"\" width=\"460\" height=\"259\" srcset=\"https:\/\/www.diarioimagen.net\/wp-content\/uploads\/2019\/06\/NAUCALPAN-25-460x259.jpg 460w, https:\/\/www.diarioimagen.net\/wp-content\/uploads\/2019\/06\/NAUCALPAN-25-240x135.jpg 240w, https:\/\/www.diarioimagen.net\/wp-content\/uploads\/2019\/06\/NAUCALPAN-25-235x132.jpg 235w, https:\/\/www.diarioimagen.net\/wp-content\/uploads\/2019\/06\/NAUCALPAN-25-202x114.jpg 202w, https:\/\/www.diarioimagen.net\/wp-content\/uploads\/2019\/06\/NAUCALPAN-25-350x196.jpg 350w, https:\/\/www.diarioimagen.net\/wp-content\/uploads\/2019\/06\/NAUCALPAN-25-220x123.jpg 220w, https:\/\/www.diarioimagen.net\/wp-content\/uploads\/2019\/06\/NAUCALPAN-25-237x132.jpg 237w, https:\/\/www.diarioimagen.net\/wp-content\/uploads\/2019\/06\/NAUCALPAN-25.jpg 480w\" sizes=\"auto, (max-width: 460px) 100vw, 460px\" \/><\/a><p id=\"caption-attachment-432862\" class=\"wp-caption-text\">David Parra, asesor general de la\u00a0Confepider, destac\u00f3 que\u00a0el prop\u00f3sito de esta nueva norma internacional\u00a0es proteger a los trabajadores, independientemente de su situaci\u00f3n contractual.<\/p><\/div>\n<p>&nbsp;<\/p>\n<p><strong>Naucalpan, Estado de M\u00e9xico<\/strong>.- Con la adopci\u00f3n de un convenio y una recomendaci\u00f3n para combatir la violencia y el acoso en los lugares de trabajo, finaliz\u00f3, en Ginebra Suiza, la 108\u00aa edici\u00f3n de la conferencia de la Organizaci\u00f3n Internacional del Trabajo (OIT).<\/p>\n<p>Definidos como un comportamiento que puede producir \u201cda\u00f1o f\u00edsico, psicol\u00f3gico, sexual o econ\u00f3mico\u201d, el convenio se\u00f1ala que la violencia y el acoso tambi\u00e9n se consideran \u201cuna amenaza para la igualdad de oportunidades\u201d<\/p>\n<p>Inform\u00f3 lo anterior David Parra S\u00e1nchez, asesor general de la\u00a0Confederaci\u00f3n de Servidores P\u00fablicos de los Poderes\u00a0 de los Estados, Municipios e Instituciones Descentralizadas de la Rep\u00fablica Mexicana (Confepider), luego de destacar que\u00a0\u201cel prop\u00f3sito de esta nueva norma internacional\u00a0es proteger a los trabajadores, independientemente de su situaci\u00f3n contractual\u201d, dijo. Parra S\u00e1nchez record\u00f3 que una vez aprobado el convenio, el director general de la\u00a0Organizaci\u00f3n Internacional del Trabajo, Guy Ryder, destac\u00f3\u00a0\u00a0que \u201cla siguiente etapa consistir\u00e1 en la aplicaci\u00f3n de esas medidas de protecci\u00f3n, con el objetivo de fomentar un entorno laboral\u00a0mejor, m\u00e1s seguro y decente para mujeres y hombres\u201d.<\/p>\n<p>El tambi\u00e9n asesor general del Sindicato \u00danico de Trabajadores del Estado y sus Municipios (SUTEyM), agradeci\u00f3 y reconoci\u00f3 la invitaci\u00f3n al centenario de la OIT a trav\u00e9s de\u00a0la\u00a0Confederaci\u00f3n Latinoamericana y del Caribe de Trabajadores Estatales (CLATE) que encabeza\u00a0Julio Fuentes.<\/p>\n<p>Por otra parte, David Parra, destac\u00f3 la importancia de la declaraci\u00f3n del Centenario, que se aprobara el pasado viernes, de la que dijo marca \u201cuna oportunidad hist\u00f3rica para abrir una puerta a un futuro mejor para los trabajadores\u00a0\u00a0de todo el mundo\u201d y a\u00f1adi\u00f3 que \u201cestablece las bases para\u00a0cumplir el mandato de la OIT en su segundo siglo\u201d.<\/p>\n<p>Finalmente, el asesor general de la\u00a0\u00a0CONFEPIDER destac\u00f3 que \u201cdel Centenario es mucho m\u00e1s que una declaraci\u00f3n de deseos o intenciones. Propone un cambio en el paradigma de c\u00f3mo vemos el desarrollo. El bienestar de las personas debe estar en el centro de las pol\u00edticas econ\u00f3micas y sociales, y debemos prestar especial atenci\u00f3n a los que han quedado m\u00e1s rezagados\u201d, destac\u00f3.<\/p>\n","protected":false},"excerpt":{"rendered":"<p>Con la adopci\u00f3n de un convenio y una recomendaci\u00f3n para combatir la violencia y el acoso en los lugares de trabajo, finaliz\u00f3, en Ginebra Suiza, la 108\u00aa edici\u00f3n de la conferencia de la Organizaci\u00f3n Internacional del Trabajo (OIT).<\/p>\n","protected":false},"author":3,"featured_media":432862,"comment_status":"open","ping_status":"open","sticky":false,"template":"","format":"standard","meta":{"_monsterinsights_skip_tracking":false,"_monsterinsights_sitenote_active":false,"_monsterinsights_sitenote_note":"","_monsterinsights_sitenote_category":0,"footnotes":""},"categories":[5],"tags":[29035,43675,970],"class_list":["post-432745","post","type-post","status-publish","format-standard","has-post-thumbnail","hentry","category-estado-de-mexico","tag-david-parra-sanchez","tag-estado-de-mexico","tag-naucalpan"],"_links":{"self":[{"href":"https:\/\/www.diarioimagen.net\/index.php?rest_route=\/wp\/v2\/posts\/432745","targetHints":{"allow":["GET"]}}],"collection":[{"href":"https:\/\/www.diarioimagen.net\/index.php?rest_route=\/wp\/v2\/posts"}],"about":[{"href":"https:\/\/www.diarioimagen.net\/index.php?rest_route=\/wp\/v2\/types\/post"}],"author":[{"embeddable":true,"href":"https:\/\/www.diarioimagen.net\/index.php?rest_route=\/wp\/v2\/users\/3"}],"replies":[{"embeddable":true,"href":"https:\/\/www.diarioimagen.net\/index.php?rest_route=%2Fwp%2Fv2%2Fcomments&post=432745"}],"version-history":[{"count":0,"href":"https:\/\/www.diarioimagen.net\/index.php?rest_route=\/wp\/v2\/posts\/432745\/revisions"}],"wp:featuredmedia":[{"embeddable":true,"href":"https:\/\/www.diarioimagen.net\/index.php?rest_route=\/wp\/v2\/media\/432862"}],"wp:attachment":[{"href":"https:\/\/www.diarioimagen.net\/index.php?rest_route=%2Fwp%2Fv2%2Fmedia&parent=432745"}],"wp:term":[{"taxonomy":"category","embeddable":true,"href":"https:\/\/www.diarioimagen.net\/index.php?rest_route=%2Fwp%2Fv2%2Fcategories&post=432745"},{"taxonomy":"post_tag","embeddable":true,"href":"https:\/\/www.diarioimagen.net\/index.php?rest_route=%2Fwp%2Fv2%2Ftags&post=432745"}],"curies":[{"name":"wp","href":"https:\/\/api.w.org\/{rel}","templated":true}]}}