{"id":432747,"date":"2019-06-25T00:06:32","date_gmt":"2019-06-25T05:06:32","guid":{"rendered":"https:\/\/www.diarioimagen.net\/?p=432747"},"modified":"2019-06-25T08:10:55","modified_gmt":"2019-06-25T13:10:55","slug":"festejo-en-huixquilucan-para-los-papas-por-su-dia","status":"publish","type":"post","link":"https:\/\/www.diarioimagen.net\/?p=432747","title":{"rendered":"Festejo en Huixquilucan para los pap\u00e1s, por su d\u00eda"},"content":{"rendered":"<p><a href=\"https:\/\/www.diarioimagen.net\/?attachment_id=432865\" rel=\"attachment wp-att-432865\"><img loading=\"lazy\" decoding=\"async\" class=\"aligncenter size-large wp-image-432865\" src=\"https:\/\/www.diarioimagen.net\/wp-content\/uploads\/2019\/06\/HUIXQUILUCAN-460x259.jpg\" alt=\"\" width=\"460\" height=\"259\" srcset=\"https:\/\/www.diarioimagen.net\/wp-content\/uploads\/2019\/06\/HUIXQUILUCAN-460x259.jpg 460w, https:\/\/www.diarioimagen.net\/wp-content\/uploads\/2019\/06\/HUIXQUILUCAN-240x135.jpg 240w, https:\/\/www.diarioimagen.net\/wp-content\/uploads\/2019\/06\/HUIXQUILUCAN-235x132.jpg 235w, https:\/\/www.diarioimagen.net\/wp-content\/uploads\/2019\/06\/HUIXQUILUCAN-202x114.jpg 202w, https:\/\/www.diarioimagen.net\/wp-content\/uploads\/2019\/06\/HUIXQUILUCAN-350x196.jpg 350w, https:\/\/www.diarioimagen.net\/wp-content\/uploads\/2019\/06\/HUIXQUILUCAN-220x123.jpg 220w, https:\/\/www.diarioimagen.net\/wp-content\/uploads\/2019\/06\/HUIXQUILUCAN-237x132.jpg 237w, https:\/\/www.diarioimagen.net\/wp-content\/uploads\/2019\/06\/HUIXQUILUCAN.jpg 480w\" sizes=\"auto, (max-width: 460px) 100vw, 460px\" \/><\/a><\/p>\n<p>&nbsp;<\/p>\n<p><strong>Huixquilucan, Estado de M\u00e9xico<\/strong><strong>.-<\/strong> El alcalde de Huixquilucan, Enrique Vargas del Villar y la presidenta del Sistema Municipal para el Desarrollo Integral de la Familia (DIF), Romina Contreras Carrasco, encabezaron el festejo con motivo del D\u00eda del Padre.<\/p>\n<p>Ante m\u00e1s de 4 mil asistentes, Vargas del Villar hizo un sentido reconocimiento a los pap\u00e1s que todos los d\u00edas dan lo mejor de s\u00ed por el bienestar de sus hijos y agradeci\u00f3 su participaci\u00f3n en esta celebraci\u00f3n que pudo concretarse por el buen manejo de las finanzas del municipio.<\/p>\n<p>Record\u00f3, que en el Complejo Rosa M\u00edstica, se invirtieron m\u00e1s de 300 millones de pesos, donde hay hospitales, albergues, un centro de rehabilitaci\u00f3n y uno m\u00e1s contra las adicciones.<\/p>\n<p>En este sentido, resalt\u00f3 que Huixquilucan es el municipio mejor calificado y lo seguir\u00e1 siendo \u201cporque Huixquilucan hoy, es el municipio n\u00famero uno del Estado de M\u00e9xico\u201d.<\/p>\n","protected":false},"excerpt":{"rendered":"<p>El alcalde de Huixquilucan, Enrique Vargas del Villar y la presidenta del Sistema Municipal para el Desarrollo Integral de la Familia (DIF), Romina Contreras Carrasco, encabezaron el festejo con motivo del D\u00eda del Padre.<\/p>\n","protected":false},"author":3,"featured_media":432865,"comment_status":"open","ping_status":"open","sticky":false,"template":"","format":"standard","meta":{"_monsterinsights_skip_tracking":false,"_monsterinsights_sitenote_active":false,"_monsterinsights_sitenote_note":"","_monsterinsights_sitenote_category":0,"footnotes":""},"categories":[5],"tags":[47558,43675,20602,1097,37920],"class_list":["post-432747","post","type-post","status-publish","format-standard","has-post-thumbnail","hentry","category-estado-de-mexico","tag-dia","tag-estado-de-mexico","tag-festejo","tag-huixquilucan","tag-labor"],"_links":{"self":[{"href":"https:\/\/www.diarioimagen.net\/index.php?rest_route=\/wp\/v2\/posts\/432747","targetHints":{"allow":["GET"]}}],"collection":[{"href":"https:\/\/www.diarioimagen.net\/index.php?rest_route=\/wp\/v2\/posts"}],"about":[{"href":"https:\/\/www.diarioimagen.net\/index.php?rest_route=\/wp\/v2\/types\/post"}],"author":[{"embeddable":true,"href":"https:\/\/www.diarioimagen.net\/index.php?rest_route=\/wp\/v2\/users\/3"}],"replies":[{"embeddable":true,"href":"https:\/\/www.diarioimagen.net\/index.php?rest_route=%2Fwp%2Fv2%2Fcomments&post=432747"}],"version-history":[{"count":0,"href":"https:\/\/www.diarioimagen.net\/index.php?rest_route=\/wp\/v2\/posts\/432747\/revisions"}],"wp:featuredmedia":[{"embeddable":true,"href":"https:\/\/www.diarioimagen.net\/index.php?rest_route=\/wp\/v2\/media\/432865"}],"wp:attachment":[{"href":"https:\/\/www.diarioimagen.net\/index.php?rest_route=%2Fwp%2Fv2%2Fmedia&parent=432747"}],"wp:term":[{"taxonomy":"category","embeddable":true,"href":"https:\/\/www.diarioimagen.net\/index.php?rest_route=%2Fwp%2Fv2%2Fcategories&post=432747"},{"taxonomy":"post_tag","embeddable":true,"href":"https:\/\/www.diarioimagen.net\/index.php?rest_route=%2Fwp%2Fv2%2Ftags&post=432747"}],"curies":[{"name":"wp","href":"https:\/\/api.w.org\/{rel}","templated":true}]}}