{"id":432750,"date":"2019-06-25T00:05:01","date_gmt":"2019-06-25T05:05:01","guid":{"rendered":"https:\/\/www.diarioimagen.net\/?p=432750"},"modified":"2019-06-25T08:12:01","modified_gmt":"2019-06-25T13:12:01","slug":"continuan-beneficiando-a-mas-escuelas-en-tultitlan-entregan-dos-arcotechos-en-el-sur","status":"publish","type":"post","link":"https:\/\/www.diarioimagen.net\/?p=432750","title":{"rendered":"Contin\u00faan beneficiando a m\u00e1s escuelas en Tultitl\u00e1n; entregan dos arcotechos en el sur"},"content":{"rendered":"<ul>\n<li><strong><em>Cumplimiento a compromisos<\/em><\/strong><\/li>\n<\/ul>\n<p>&nbsp;<\/p>\n<div id=\"attachment_432868\" style=\"width: 470px\" class=\"wp-caption aligncenter\"><a href=\"https:\/\/www.diarioimagen.net\/?attachment_id=432868\" rel=\"attachment wp-att-432868\"><img loading=\"lazy\" decoding=\"async\" aria-describedby=\"caption-attachment-432868\" class=\"size-large wp-image-432868\" src=\"https:\/\/www.diarioimagen.net\/wp-content\/uploads\/2019\/06\/TULTITLAN-25-460x259.jpg\" alt=\"\" width=\"460\" height=\"259\" srcset=\"https:\/\/www.diarioimagen.net\/wp-content\/uploads\/2019\/06\/TULTITLAN-25-460x259.jpg 460w, https:\/\/www.diarioimagen.net\/wp-content\/uploads\/2019\/06\/TULTITLAN-25-240x135.jpg 240w, https:\/\/www.diarioimagen.net\/wp-content\/uploads\/2019\/06\/TULTITLAN-25-235x132.jpg 235w, https:\/\/www.diarioimagen.net\/wp-content\/uploads\/2019\/06\/TULTITLAN-25-202x114.jpg 202w, https:\/\/www.diarioimagen.net\/wp-content\/uploads\/2019\/06\/TULTITLAN-25-350x196.jpg 350w, https:\/\/www.diarioimagen.net\/wp-content\/uploads\/2019\/06\/TULTITLAN-25-220x123.jpg 220w, https:\/\/www.diarioimagen.net\/wp-content\/uploads\/2019\/06\/TULTITLAN-25-237x132.jpg 237w, https:\/\/www.diarioimagen.net\/wp-content\/uploads\/2019\/06\/TULTITLAN-25.jpg 480w\" sizes=\"auto, (max-width: 460px) 100vw, 460px\" \/><\/a><p id=\"caption-attachment-432868\" class=\"wp-caption-text\">El gobierno, encabezado por la licenciada Elena Garc\u00eda Mart\u00ednez, a trav\u00e9s de la direcci\u00f3n de Obras P\u00fablicas, llev\u00f3 a cabo la inauguraci\u00f3n de dos arcotechos en\u00a0la zona sur.<\/p><\/div>\n<p>&nbsp;<\/p>\n<p><strong>Tultitl\u00e1n, Estado de M\u00e9xico<\/strong>.- Como una muestra de cumplimiento a los compromisos en infraestructura educativa y vial, para elevar la calidad de vida de las familias tultitlenses, el gobierno encabezado por la licenciada Elena Garc\u00eda Mart\u00ednez a trav\u00e9s de la Direcci\u00f3n de Obras P\u00fablicas, llevaron a cabo la inauguraci\u00f3n de dos arco techos en la zona sur del municipio.<\/p>\n<p>En su mensaje, la mun\u00edcipe resalt\u00f3 que\u201d La educaci\u00f3n es un factor principal para el futuro de nuestro pa\u00eds, los ni\u00f1os y j\u00f3venes son el motor para el desarrollo de la econom\u00eda, por ello hay que brindarles las herramientas necesarias de calidad para que tengan un mayor desempe\u00f1o acad\u00e9mico y f\u00edsico\u201d.<\/p>\n<p>Tambi\u00e9n se\u00f1al\u00f3 que se seguir\u00e1n beneficiando m\u00e1s escuelas de todos los niveles acad\u00e9micos en arco techos, m\u00f3dulos sanitarios, bebederos, entre otras obras para beneficio de todo el alumnado, esto con la colaboraci\u00f3n de la Direcci\u00f3n de Educaci\u00f3n, Cultura y Turismo.<\/p>\n<p>La primera inauguraci\u00f3n y entrega de arco techo se llev\u00f3 a cabo en el COBAEM No. 25 ubicado en la colonia Solidaridad tercera secci\u00f3n, la cual tuvo una inversi\u00f3n superior a 1 mill\u00f3n 500 mil pesos beneficiando directamente a m\u00e1s de mil 500 estudiantes. De igual manera, se benefici\u00f3 al jard\u00edn de ni\u00f1os \u201c\u00c1ngel del Campo\u201d ubicado en Sierra de Guadalupe, al sur del municipio, superando una inversi\u00f3n de 485 mil pesos, beneficiando a m\u00e1s de 500 infantes<\/p>\n<p>Entre las metas se destaca la colocaci\u00f3n de estructura met\u00e1lica resistente, as\u00ed como el techado, bajadas pluviales, retenedores para que no se mueva con los vientos, pavimento del \u00e1rea, pintura y complementos para su \u00f3ptimo funcionamiento.<\/p>\n<p>Posteriormente se dio arranque de obra de la calle Venustiano Carranza, tramo Miguel Hidalgo a Guillermo Vargas Alarc\u00f3n, ubicado en San Pablo de las Salinas, siendo esta una importante vialidad que conecta al centro de dicho pueblo.<\/p>\n<p>La alcaldesa exhort\u00f3 a los colonos a entregar los desechos s\u00f3lidos a los camiones recolectores porque desafortunadamente, la zona oriente carece de servicios de primera necesidad y padece un grave problema con el medio ambiente.<\/p>\n<p>En cuanto a la inversi\u00f3n de esta obra tendr\u00e1 un costo de 3 millones 150 mil pesos, con la cual se beneficiar\u00e1n 150 mil habitantes y se realizar\u00e1 en un lapso de 60 d\u00edas.<\/p>\n<p>Finalmente delegados y vecinos agradecen las gestiones que\u00a0 realiza la mun\u00edcipe, ya que \u201ces un pueblo que ha sido olvidado y donde quedan los desechos de basura y el tomar estas acciones es una muestra de la preocupaci\u00f3n y ocupaci\u00f3n de las autoridades municipales\u201d, agreg\u00f3 una vecina.<\/p>\n","protected":false},"excerpt":{"rendered":"<p>Como una muestra de cumplimiento a los compromisos en infraestructura educativa y vial, para elevar la calidad de vida de las familias tultitlenses, el gobierno encabezado por la licenciada Elena Garc\u00eda Mart\u00ednez a trav\u00e9s de la Direcci\u00f3n de Obras P\u00fablicas, llevaron a cabo la inauguraci\u00f3n de dos arco techos en la zona sur del municipio.<\/p>\n","protected":false},"author":3,"featured_media":432868,"comment_status":"open","ping_status":"open","sticky":false,"template":"","format":"standard","meta":{"_monsterinsights_skip_tracking":false,"_monsterinsights_sitenote_active":false,"_monsterinsights_sitenote_note":"","_monsterinsights_sitenote_category":0,"footnotes":""},"categories":[5],"tags":[78840,43675,578],"class_list":["post-432750","post","type-post","status-publish","format-standard","has-post-thumbnail","hentry","category-estado-de-mexico","tag-arcotechos","tag-estado-de-mexico","tag-tultitlan"],"_links":{"self":[{"href":"https:\/\/www.diarioimagen.net\/index.php?rest_route=\/wp\/v2\/posts\/432750","targetHints":{"allow":["GET"]}}],"collection":[{"href":"https:\/\/www.diarioimagen.net\/index.php?rest_route=\/wp\/v2\/posts"}],"about":[{"href":"https:\/\/www.diarioimagen.net\/index.php?rest_route=\/wp\/v2\/types\/post"}],"author":[{"embeddable":true,"href":"https:\/\/www.diarioimagen.net\/index.php?rest_route=\/wp\/v2\/users\/3"}],"replies":[{"embeddable":true,"href":"https:\/\/www.diarioimagen.net\/index.php?rest_route=%2Fwp%2Fv2%2Fcomments&post=432750"}],"version-history":[{"count":0,"href":"https:\/\/www.diarioimagen.net\/index.php?rest_route=\/wp\/v2\/posts\/432750\/revisions"}],"wp:featuredmedia":[{"embeddable":true,"href":"https:\/\/www.diarioimagen.net\/index.php?rest_route=\/wp\/v2\/media\/432868"}],"wp:attachment":[{"href":"https:\/\/www.diarioimagen.net\/index.php?rest_route=%2Fwp%2Fv2%2Fmedia&parent=432750"}],"wp:term":[{"taxonomy":"category","embeddable":true,"href":"https:\/\/www.diarioimagen.net\/index.php?rest_route=%2Fwp%2Fv2%2Fcategories&post=432750"},{"taxonomy":"post_tag","embeddable":true,"href":"https:\/\/www.diarioimagen.net\/index.php?rest_route=%2Fwp%2Fv2%2Ftags&post=432750"}],"curies":[{"name":"wp","href":"https:\/\/api.w.org\/{rel}","templated":true}]}}