{"id":432752,"date":"2019-06-25T00:09:33","date_gmt":"2019-06-25T05:09:33","guid":{"rendered":"https:\/\/www.diarioimagen.net\/?p=432752"},"modified":"2019-06-26T00:15:50","modified_gmt":"2019-06-26T05:15:50","slug":"mariano-osorio-es-la-joya-de-la-radio-inteligente","status":"publish","type":"post","link":"https:\/\/www.diarioimagen.net\/?p=432752","title":{"rendered":"Mariano Osorio es la Joya de la Radio Inteligente"},"content":{"rendered":"<h2>Re\u00edr&#8230; Llorar&#8230; Sentir&#8230;<\/h2>\n<h5>Gloria Carpio<\/h5>\n<p>&nbsp;<\/p>\n<p>&nbsp;<\/p>\n<h3 style=\"text-align: center;\">Por 11 a\u00f1os consecutivos es considerado uno de los 300 l\u00edderes<br \/>\nm\u00e1s influyentes de M\u00e9xico, en la categor\u00eda de L\u00edder de Opini\u00f3n<\/h3>\n<p>&nbsp;<\/p>\n<p>&nbsp;<\/p>\n<ul>\n<li><strong><em>El director general de Stereo Joya 93.7 FM, celebra 20 a\u00f1os de acompa\u00f1ar a su p\u00fablico con energ\u00eda positiva<\/em><\/strong><\/li>\n<li><strong><em>\u201cHoy con Mariano\u201d es el primer programa de gran formato en la historia de la radio, es el primero en transmitirse de lunes a domingo de 6:00 a 13:00 horas, desde el 22 de noviembre de 1999<\/em><\/strong><\/li>\n<\/ul>\n<p>&nbsp;<\/p>\n<div id=\"attachment_432807\" style=\"width: 470px\" class=\"wp-caption aligncenter\"><a href=\"https:\/\/www.diarioimagen.net\/?attachment_id=432807\" rel=\"attachment wp-att-432807\"><img loading=\"lazy\" decoding=\"async\" aria-describedby=\"caption-attachment-432807\" class=\"size-large wp-image-432807\" src=\"https:\/\/www.diarioimagen.net\/wp-content\/uploads\/2019\/06\/Mariano-460x259.jpg\" alt=\"\" width=\"460\" height=\"259\" srcset=\"https:\/\/www.diarioimagen.net\/wp-content\/uploads\/2019\/06\/Mariano-460x259.jpg 460w, https:\/\/www.diarioimagen.net\/wp-content\/uploads\/2019\/06\/Mariano-240x135.jpg 240w, https:\/\/www.diarioimagen.net\/wp-content\/uploads\/2019\/06\/Mariano-235x132.jpg 235w, https:\/\/www.diarioimagen.net\/wp-content\/uploads\/2019\/06\/Mariano-202x114.jpg 202w, https:\/\/www.diarioimagen.net\/wp-content\/uploads\/2019\/06\/Mariano-350x196.jpg 350w, https:\/\/www.diarioimagen.net\/wp-content\/uploads\/2019\/06\/Mariano-220x123.jpg 220w, https:\/\/www.diarioimagen.net\/wp-content\/uploads\/2019\/06\/Mariano-237x132.jpg 237w, https:\/\/www.diarioimagen.net\/wp-content\/uploads\/2019\/06\/Mariano.jpg 480w\" sizes=\"auto, (max-width: 460px) 100vw, 460px\" \/><\/a><p id=\"caption-attachment-432807\" class=\"wp-caption-text\">\u201cSer positivos nos convierte en personas m\u00e1s abiertas. La verdad es que abre nuestros corazones y nuestras mentes, haci\u00e9ndonos personas m\u00e1s receptivas y creativas\u201d.\u00a0<strong><em>Mariano Osorio<\/em><\/strong><\/p><\/div>\n<p>&nbsp;<\/p>\n<div id=\"attachment_432812\" style=\"width: 310px\" class=\"wp-caption alignleft\"><a href=\"https:\/\/www.diarioimagen.net\/?attachment_id=432812\" rel=\"attachment wp-att-432812\"><img loading=\"lazy\" decoding=\"async\" aria-describedby=\"caption-attachment-432812\" class=\" wp-image-432812\" src=\"https:\/\/www.diarioimagen.net\/wp-content\/uploads\/2019\/06\/mariano-osorio-1-359x460.jpg\" alt=\"\" width=\"300\" height=\"384\" srcset=\"https:\/\/www.diarioimagen.net\/wp-content\/uploads\/2019\/06\/mariano-osorio-1-359x460.jpg 359w, https:\/\/www.diarioimagen.net\/wp-content\/uploads\/2019\/06\/mariano-osorio-1-188x240.jpg 188w, https:\/\/www.diarioimagen.net\/wp-content\/uploads\/2019\/06\/mariano-osorio-1.jpg 547w\" sizes=\"auto, (max-width: 300px) 100vw, 300px\" \/><\/a><p id=\"caption-attachment-432812\" class=\"wp-caption-text\">Mariano Osorio recibi\u00f3 en su cabina de Stereo Joya a <strong>DIARIOIMAGEN<\/strong>.<\/p><\/div>\n<p>La Radio Inteligente tiene un nombre y ese nombre se ha escrito con letras de rodio, s\u00ed, de rodio que es el metal precioso m\u00e1s valioso del mundo, como valioso es Mariano Osorio, uno de los comunicadores m\u00e1s importantes de M\u00e9xico y el mundo, quien es el \u00fanico en la historia de nuestro pa\u00eds que tiene el programa m\u00e1s largo \u201cHoy con Mariano\u201d, que se transmite de lunes a domingos, de 6:00 a 13:00 horas, siete horas diarias, de lunes a domingo, por Stereo Joya 93.7 FM, estaci\u00f3n de la que \u00e9l es el director general y que forma parte de Grupo Radio Centro.<\/p>\n<p>Es una joya hablar con Mariano Osorio, quien tambi\u00e9n es abogado y que el pr\u00f3ximo mes de noviembre cumplir\u00e1 20 a\u00f1os al aire con su programa \u201cHoy con Mariano\u201d, con el cual han crecido varias generaciones y que les ha transformado la vida.<\/p>\n<p>Mariano Osorio naci\u00f3 en Tuxpan, Veracruz, donde a muy temprana edad le naci\u00f3 el gusto por la radio, m\u00e1s tarde migr\u00f3 a Tula, Hidalgo, donde comenz\u00f3 su formaci\u00f3n acad\u00e9mica de manera oficial. Luego de graduarse como comunic\u00f3logo, Mariano entr\u00f3 al mundo de la radio como titular de noticieros, sin embargo, la vida le ten\u00eda preparado algo m\u00e1s, su llegada a Joya 93.7 FM \u201cLa Radio Inteligente\u201d, donde durante m\u00e1s de 20 a\u00f1os ha acompa\u00f1ado a su p\u00fablico, justo de esta manera, propositiva e inteligente, con un contenido lleno de mensajes que hoy le hace falta escuchar a la sociedad mexicana, al rescate de los valores y las buenas costumbres.<\/p>\n<div id=\"attachment_432813\" style=\"width: 310px\" class=\"wp-caption alignright\"><a href=\"https:\/\/www.diarioimagen.net\/?attachment_id=432813\" rel=\"attachment wp-att-432813\"><img loading=\"lazy\" decoding=\"async\" aria-describedby=\"caption-attachment-432813\" class=\" wp-image-432813\" src=\"https:\/\/www.diarioimagen.net\/wp-content\/uploads\/2019\/06\/mariano-osorio-5-288x460.jpg\" alt=\"\" width=\"300\" height=\"479\" srcset=\"https:\/\/www.diarioimagen.net\/wp-content\/uploads\/2019\/06\/mariano-osorio-5-288x460.jpg 288w, https:\/\/www.diarioimagen.net\/wp-content\/uploads\/2019\/06\/mariano-osorio-5-150x240.jpg 150w, https:\/\/www.diarioimagen.net\/wp-content\/uploads\/2019\/06\/mariano-osorio-5.jpg 438w\" sizes=\"auto, (max-width: 300px) 100vw, 300px\" \/><\/a><p id=\"caption-attachment-432813\" class=\"wp-caption-text\">El programa \u201cHoy con Mariano\u201d inici\u00f3 en 1999, el mismo a\u00f1o que en ocurri\u00f3 el asesinato del conductor de televisi\u00f3n Paco Stanley, la primera piedra de un CRIT (Centro de Rehabilitaci\u00f3n Infantil Telet\u00f3n), el nacimiento del WiFi, que es parte de la comunicaci\u00f3n\u201d.<\/p><\/div>\n<p>\u00c9l es Mariano Osorio, titular de \u201cHoy con Mariano\u201d y director general Stereo Joya, donde protagoniza la oferta de la programaci\u00f3n, con una emisi\u00f3n de siete horas de lunes a domingo. Digno de destacar porque cada minuto de este programa es perfectamente bien aprovechado para ofrecer consejos a los radioescuchas, reflexiones, frases c\u00e9lebres, efem\u00e9rides, m\u00fasica y espect\u00e1culos, todo con un respeto absoluto, con una integridad y cuidado tal, que aporten algo positivo al d\u00eda de cada escucha, siendo fieles as\u00ed a la filosof\u00eda ahora, no s\u00f3lo de Mariano, sino de toda la estaci\u00f3n, que se ha dispuesto a equilibrar la balanza, ante tanto contenido banal en la actualidad.<\/p>\n<p>Mariano es hijo de Sandra Luz Murillo Coronado y Mariano Osorio P\u00e9rez, comenz\u00f3 su trayectoria profesional a los 17 a\u00f1os en la estaci\u00f3n local \u201cLa Voz de los Atlantes\u201d de Tula de Allende, Hidalgo; lo que le permiti\u00f3 convertirse en una de las voces m\u00e1s importantes de aquella urbe. Dos a\u00f1os despu\u00e9s viaja a la Ciudad de M\u00e9xico para estudiar la carrera de comunicaci\u00f3n con especializaci\u00f3n en la radio, a la par de que continu\u00f3 con sus responsabilidades en Tula. Ingres\u00f3 a la radio de la Ciudad de M\u00e9xico en 1991 como asistente de noticias en ABC Radio. Tiempo despu\u00e9s se incorpora al equipo informativo que encabezaba la periodista Tere Vale.<\/p>\n<p>No obstante, el \u00e9xito le llega con su arribo en 1994 a la estaci\u00f3n Stereo Joya (93.7 de FM), conduciendo una revista matutina llamada \u201cMariano en las Ma\u00f1anas\u201d, que se transmit\u00eda de lunes a viernes de 6 a 10 a.m., la cual logr\u00f3 ser un \u00e9xito, al grado de que deriva en el actual programa que naci\u00f3 en 1999 y conduce en la misma estaci\u00f3n \u201cHoy\u201d, que se emite de 06:00 a 13:00 horas de lunes a domingo, convirti\u00e9ndose en el programa con mayor duraci\u00f3n en la radio mexicana.<\/p>\n<p>Mariano Osorio tiene tres hijos: Mariano de 18; Alejandro, de 14, y Regina, de 12, a quienes procre\u00f3 con su siempre amada Mar\u00eda Teresa Mijangos, una estrella que brilla y que los cuida desde el cielo.<\/p>\n<p>Por si esto fuera poco, Mariano es tambi\u00e9n creador del concepto \u201cRadio Inteligente\u201d, del que nos platica m\u00e1s a fondo en una entrevista exclusiva para\u00a0<strong>DIARIO IMAGEN.<\/strong><\/p>\n<p style=\"text-align: center;\"><strong>\u201cSI PIENSAS QUE LE EST\u00c1S HABLANDO A UNA MASA,\u00a0 ES M\u00c1S<br \/>\nF\u00c1CIL QUE TE PIERDAS EN LA CAPACIDAD DE REINVENTARTE\u201d<\/strong><\/p>\n<div id=\"attachment_432818\" style=\"width: 309px\" class=\"wp-caption alignleft\"><a href=\"https:\/\/www.diarioimagen.net\/?attachment_id=432818\" rel=\"attachment wp-att-432818\"><img loading=\"lazy\" decoding=\"async\" aria-describedby=\"caption-attachment-432818\" class=\" wp-image-432818\" src=\"https:\/\/www.diarioimagen.net\/wp-content\/uploads\/2019\/06\/mariano-osorio-3-371x460.jpg\" alt=\"\" width=\"299\" height=\"371\" srcset=\"https:\/\/www.diarioimagen.net\/wp-content\/uploads\/2019\/06\/mariano-osorio-3-371x460.jpg 371w, https:\/\/www.diarioimagen.net\/wp-content\/uploads\/2019\/06\/mariano-osorio-3-194x240.jpg 194w, https:\/\/www.diarioimagen.net\/wp-content\/uploads\/2019\/06\/mariano-osorio-3.jpg 565w\" sizes=\"auto, (max-width: 299px) 100vw, 299px\" \/><\/a><p id=\"caption-attachment-432818\" class=\"wp-caption-text\">Mariano Osorio naci\u00f3 en Tuxpan, Veracruz; a los seis a\u00f1os se fue a vivir a Tula, Hidalgo, donde le naci\u00f3 el gusto por la radio.<\/p><\/div>\n<p><strong>\u2014Se cumplir\u00e1n 20 a\u00f1os de tu programa \u201cHoy con Mariano\u201d el pr\u00f3ximo mes de noviembre, lo cual es un gran reto. Muchas personas sue\u00f1an con ser comunicadores, algunos lo logran, otros se quedan en el camino, pero mantenerse en el gusto del p\u00fablico por tantos a\u00f1os con el programa de radio m\u00e1s largo, ya que se transmite de lunes a domingo siete horas diarias los 365 d\u00edas del a\u00f1o. \u00bfExiste alguna f\u00f3rmula para lograrlo y sobre todo mantenerse?<\/strong><\/p>\n<p>\u201cEs todo un reto y la respuesta tendr\u00eda que dividirse en diferentes cap\u00edtulos, por supuesto la pasi\u00f3n por lo que haces, el respeto por ti mismo y por el p\u00fablico al que te diriges es muy importante. Hablo en t\u00e9rminos de coherencia, en t\u00e9rminos de exigencia, la calidad de los contenidos que t\u00fa les entregas, pero tambi\u00e9n de saber escuchar a las audiencias, saber de lo que est\u00e1 pasando alrededor de ese p\u00fablico que te escucha. Lo tienes que conocer bien, porque si piensas que le est\u00e1s hablando a una masa, es m\u00e1s f\u00e1cil que te pierdas en la capacidad de reinventarte\u201d.<\/p>\n<p><strong>\u2014Reinventarte tiene un papel muy importante, es algo que tienes que olfatear, como el reportero que sale a buscar la nota, que sabe escudri\u00f1ar en una entrevista, ese algo, que puede ser m\u00e1s relevante que todo lo dem\u00e1s que lo que se publica o comenta en otros medios.<\/strong><\/p>\n<p>\u201cS\u00ed, es una combinaci\u00f3n de much\u00edsimos factores, pero creo que el m\u00e1s importante es entender en d\u00f3nde est\u00e1s parado. Hablas de un programa como \u2018Hoy con Mariano\u2019 que va a cumplir 20 a\u00f1os, es cierto, pero el m\u00e9rito no est\u00e1 en ese aniversario, el m\u00e9rito est\u00e1 en revisar datos como que es el primer programa de gran formato en la historia de la radio nacional. Dura siete horas, de lunes a domingo los 365 d\u00edas del a\u00f1o, ah\u00ed ya hay mucho que analizar. Tenemos una l\u00ednea editorial muy clara, relacionada con el bienestar personal, pensamiento positivo, todos nuestros contenidos, ahora no s\u00f3lo en mi programa, sino en toda la estaci\u00f3n Stereo Joya 93.7 FM, que tengo la fortuna de poder dirigir y que tiene esa misma l\u00ednea de trabajo, eso el p\u00fablico lo valora, respeta y lo hace suyo, de tal manera que transitar en estos meses se vuelve m\u00e1s sencillo, porque hay mayor complicidad con el p\u00fablico, pero el compromiso, la entrega, el an\u00e1lisis, el estudio, todo viene de la mano en un gran paquete\u201d.<\/p>\n<p style=\"text-align: center;\"><strong>\u201cLA FRASE \u2018EL SHOW DEBE CONTINUAR\u2019 ES DURA, PORQUE UNO<br \/>\nNO LE PUEDE CONTAR SUS PENAS O FRUSTRACIONES AL AUDITORIO\u201d<\/strong><\/p>\n<p><strong>\u2014\u00bfQu\u00e9 sacrificios hay detr\u00e1s del micr\u00f3fono en un programa radiof\u00f3nico como \u201cHoy con Mariano\u201d, de siete horas diarias, de lunes a domingo, durante 20 a\u00f1os?, \u00bfhambre, desvelos, comp\u00e1rtenos esos sacrificios que el auditorio no sabe?<\/strong><\/p>\n<p>\u201cLa respuesta es mucho y nada a la vez, es decir, la disciplina de tenerte que dormir temprano para poderte levantar a las 4:45 de la ma\u00f1ana todos los d\u00edas por muchos a\u00f1os, por ejemplo. Antes de estos veinte a\u00f1os yo estuve en una estaci\u00f3n, donde trabajaba en el horario <em>Prime Time<\/em> que es la ma\u00f1ana. Se convierte en parte de tu rutina, de tus h\u00e1bitos, no poder desayunar nunca con tu familia, tener ese desayuno rico, pero se compensa con una buena comida o una cena juntos. Y nada, porque aunque podr\u00eda enlistar m\u00e1s cosas as\u00ed, todo vale la pena, cien veces vale la pena.<\/p>\n<p>Siempre pasan cosas, de pronto se enferma un hijo, o te pasa algo a ti de manera personal, que impacta de manera importante a tu vida y te sientes bien respaldado por tu equipo de trabajo, as\u00ed funciona. Es como esa frase de \u2018El show debe continuar\u2019, es dura, cruel, pero muy cierta, porque al final el p\u00fablico sabe lo que espera de ti y no hay que defraudarlos para tener una muy buena relaci\u00f3n con ellos. Si de pronto vienes a llorarles tus penas o tus frustraciones pol\u00edticas, econ\u00f3micas, entonces el p\u00fablico se va a ir a otro lado.<\/p>\n<p><strong>\u2014\u00bfC\u00f3mo compaginas ser el director de Stereo Joya 93.7 FM y titular de \u201cHoy con Mariano?<\/strong><\/p>\n<p>\u201cHago muy eficientes los tiempos, levantarte muy temprano, que soy cien por ciento diurno, me da una claridad b\u00e1rbara, me permite estar haciendo muchas cosas al mismo tiempo, c\u00f3mo hacer el programa, revisar notas, informaci\u00f3n de lo que va a pasar durante el d\u00eda, meter acuerdos para las dem\u00e1s producciones, recibir a alguien en medio de un bloque musical, para una entrevista. Me acomodo de tal manera de que no tenga que acabar mi programa a la una y luego tenga que echarme un programa inverso de una a seis para ver lo que sigue, porque el desgaste ser\u00eda muy alto. Trato de ser muy productivo, eficiente con el tiempo, disciplinado, riguroso con las citas y objetivos, ya cada qui\u00e9n sabe lo que tiene que hacer<\/p>\n<p style=\"text-align: center;\"><strong>MARIANO, CREADOR DEL CONCEPTO \u201cLA RADIO INTELIGENTE\u201d<\/strong><\/p>\n<div id=\"attachment_432819\" style=\"width: 470px\" class=\"wp-caption aligncenter\"><a href=\"https:\/\/www.diarioimagen.net\/?attachment_id=432819\" rel=\"attachment wp-att-432819\"><img loading=\"lazy\" decoding=\"async\" aria-describedby=\"caption-attachment-432819\" class=\"size-large wp-image-432819\" src=\"https:\/\/www.diarioimagen.net\/wp-content\/uploads\/2019\/06\/mariano-osorio-6-460x307.jpg\" alt=\"\" width=\"460\" height=\"307\" srcset=\"https:\/\/www.diarioimagen.net\/wp-content\/uploads\/2019\/06\/mariano-osorio-6-460x307.jpg 460w, https:\/\/www.diarioimagen.net\/wp-content\/uploads\/2019\/06\/mariano-osorio-6-240x160.jpg 240w, https:\/\/www.diarioimagen.net\/wp-content\/uploads\/2019\/06\/mariano-osorio-6.jpg 700w\" sizes=\"auto, (max-width: 460px) 100vw, 460px\" \/><\/a><p id=\"caption-attachment-432819\" class=\"wp-caption-text\">El evento \u201cExperiencias Joya\u201d a cargo de Mariano Osorio, director general de Stereo Joya, cont\u00f3 con la actuaci\u00f3n de Emmanuel.<\/p><\/div>\n<p><strong>\u2014\u00bfAs\u00ed es como se logra la Radio Inteligente, concepto del que t\u00fa eres el creador?<\/strong><\/p>\n<p>\u201cS\u00ed, as\u00ed es como funciona todo el concepto como estaci\u00f3n, con el conjunto de trabajo, evaluaciones espec\u00edficas, segmentos, conductores, horarios,\u00a0<em>rating<\/em>, gente de ventas, juntas en las \u00e1reas de mercadotecnia, bueno, todo lo que tenga que ver con la estaci\u00f3n ser\u00e1 en lugares espec\u00edficos, con horarios delimitados, con objetivos concretos. Y como vengo tambi\u00e9n s\u00e1bados y los domingos, es como logro avanzar ciertas cosas para poder irme tranquilo a mi casa cuando recorto las labores de trabajo y enfocarme en otras cosas y la familia, sin dejar de estar permanentemente al pendiente de lo que pasa aqu\u00ed las 24 horas todos los d\u00edas\u201d.<\/p>\n<p><strong>\u2014\u00bfAlguno de tus tres hijos se inclinan por la radio o los medios de comunicaci\u00f3n?<\/strong><\/p>\n<p>\u201cPues hasta ahora no lo veo muy claro en alguno de ellos, los veo con otros intereses, pero si fuera el caso es en lo que yo podr\u00eda aportarles o ense\u00f1arles algo en su vida. Si alguno quiere estudiar Ingenier\u00eda Qu\u00edmica o alguna de esas cosas autom\u00e1ticamente no tendr\u00eda mucho tema de conversaci\u00f3n en el tema laboral\u201d.<\/p>\n<p><strong>\u2014Hace poco tuviste el evento\u00a0\u00a0\u201cExperiencias Joya\u201d que fue todo un \u00e9xito en la Arena Ciudad de M\u00e9xico, donde lograste reunir a 18 mil personas y cantantes de primer nivel.\u00a0\u00a0\u00bfQu\u00e9 sorpresas le tienes a tu p\u00fablico para la celebraci\u00f3n de los 20 a\u00f1os de \u201cHoy con Mariano\u201d?<\/strong><\/p>\n<p>\u201cHay todo un programa de actividades, de hecho, en la parte digital activamos la comunicaci\u00f3n que pronto subiremos al radio respecto a las cosas que hace 20 a\u00f1os suced\u00edan como el asesinato del conductor de televisi\u00f3n Paco Stanley, que ocurri\u00f3 en 1999. La primera piedra de un CRIT (Centro de Rehabilitaci\u00f3n Infantil Telet\u00f3n) o el nacimiento del WiFi, que es parte de la comunicaci\u00f3n. Y despu\u00e9s decimos \u201ctambi\u00e9n ese a\u00f1o naci\u00f3 este programa con un formato\u201d.<\/p>\n<p>Est\u00e1n planeados algunos eventos masivos, de hecho dos durante este a\u00f1o si las circunstancias no se modifican de manera radical por el entorno de lo que est\u00e1 pasando en nuestro pa\u00eds ser\u00edan en la Arena Ciudad de M\u00e9xico, ya estamos trabajando en ello, ya est\u00e1n las cartas firmadas, hay un gran avance en ello, pero esto no tiene que ver con el programa, que siempre tiene ajustes, son siete horas diarias, entonces constantemente estoy reforzando, invitando gente, cambiando, creando secciones nuevas.<\/p>\n<p style=\"text-align: center;\"><strong>LA RADIO POR INTERNET ES UNA GRAN OPCI\u00d3N<\/strong><\/p>\n<div id=\"attachment_432823\" style=\"width: 292px\" class=\"wp-caption alignleft\"><a href=\"https:\/\/www.diarioimagen.net\/?attachment_id=432823\" rel=\"attachment wp-att-432823\"><img loading=\"lazy\" decoding=\"async\" aria-describedby=\"caption-attachment-432823\" class=\" wp-image-432823\" src=\"https:\/\/www.diarioimagen.net\/wp-content\/uploads\/2019\/06\/mariano-osorio-8-307x460.jpg\" alt=\"\" width=\"282\" height=\"423\" srcset=\"https:\/\/www.diarioimagen.net\/wp-content\/uploads\/2019\/06\/mariano-osorio-8-307x460.jpg 307w, https:\/\/www.diarioimagen.net\/wp-content\/uploads\/2019\/06\/mariano-osorio-8-160x240.jpg 160w, https:\/\/www.diarioimagen.net\/wp-content\/uploads\/2019\/06\/mariano-osorio-8.jpg 467w\" sizes=\"auto, (max-width: 282px) 100vw, 282px\" \/><\/a><p id=\"caption-attachment-432823\" class=\"wp-caption-text\">Mariano Osorio refuerza a lo largo de las 7 horas que dura la emisi\u00f3n, la importancia del pensamiento positivo y crea para ti la mejor red de energ\u00eda positiva que har\u00e1 tus d\u00edas mejores.<\/p><\/div>\n<p><strong>\u2014\u00bfQu\u00e9 opinas de la radio por internet?<\/strong><\/p>\n<p>\u201cMe parece que es muy bueno tener opciones distintas, como por ejemplo descargar m\u00fasica de donde quieras, o en el caso de contenidos audiovisuales, todas las plataformas que existen, no te amarras s\u00f3lo a ver la televisi\u00f3n abierta como era antes, que nom\u00e1s ten\u00edas el 2 o el 13. El radio se ve complementado por lo que sucede en la radio en internet, me parece muy padre que haya opciones, sobre todo canales que permitan desahogar inquietudes o ganas, que si yo me voy a mi \u00e9poca y quer\u00eda empezar a trabajar en la radio, era una estaci\u00f3n de radio o nada. Hoy hay gente muy talentosa con inquietudes e ideas, contenidos y lo pueden hacer libremente desde su casa y tener mucho \u00e9xito o no, pero se vale probar\u201d.<\/p>\n<p><strong>\u2014\u00bfA ti te deja dormir el\u00a0<em>rating<\/em>?\u00a0\u00a0\u00a0<\/strong><\/p>\n<p>\u201cYo duermo tranquilo, porque normalmente est\u00e1 muy bien el\u00a0<em>rating<\/em>\u00a0en \u2018Hoy con Mariano\u201d, todo es consecuencia de decisiones que tomas o que dejas ir, buenas regulares o malas y hoy que no s\u00f3lo hago el programa sino que veo el resto de la estaci\u00f3n, escuchar o conocer el resultado de todas las \u00e1reas me da satisfacci\u00f3n y la posibilidad de poder estar haciendo mejor las cosas. Nuestros anunciantes est\u00e1n muy contentos, te das cuenta en la calle y los numeritos por supuesto que cuentan e importan, pero yo no les doy demasiada importancia\u201d.<\/p>\n<p style=\"text-align: center;\"><strong>STEREO JOYA ES LA TERCERA ESTACI\u00d3N<br \/>\nRADIOF\u00d3NICA M\u00c1S ESCUCHADA A NIVEL NACIONAL<\/strong><\/p>\n<p><strong>\u2014Stereo Joya ocupa el tercer lugar de la estaci\u00f3n radiof\u00f3nica m\u00e1s escuchada a nivel nacional.<\/strong><\/p>\n<p>\u201cS\u00ed, sin embargo es muy importante entender a qu\u00e9 se refiere esa l\u00f3gica, seg\u00fan esas mediciones, de empresas serias y respaldadas por corporativos internacionales. En la Ciudad de M\u00e9xico y \u00e1rea metropolitana existen 63 estaciones, en el formato general, \u00bfCu\u00e1ntas estaciones de radio hay?: 63. En ese ranking, Stereo Joya es la tercera general, porque arriba tiene s\u00f3lo dos gruperas, una es nuestra que es \u2018La Z\u2019, que est\u00e1 en primer lugar, la otra es de enfrente. Si te das cuenta del p\u00fablico al que las estaciones gruperas se dirigen, es la base de la pir\u00e1mide, a nivel demogr\u00e1fico, pues, el eslab\u00f3n m\u00e1s comercialmente hablando, menos atractivo para los anunciantes, pero muy masivo. Entonces, posicionar una estaci\u00f3n que le lee libros al p\u00fablico desde hace m\u00e1s de 20 a\u00f1os, m\u00e1s las reflexiones, los comentarios, los especialistas, la nutri\u00f3loga, , los espect\u00e1culos, mi\u00e9rcoles de la mente y la parte musical, para un p\u00fablico que le habla a la mayor cantidad de mujeres, es algo impresionante, mucha gente podr\u00eda decir tengo el primer lugar en mi g\u00e9nero y por supuesto que lo tenemos, as\u00ed que ese n\u00famero tres es una bomba at\u00f3mica positivamente hablando, es demoledor\u201d.<\/p>\n<p style=\"text-align: center;\"><strong>FELIZ A SUS 49 A\u00d1OS DE EDAD<\/strong><\/p>\n<p><strong>\u2014\u00bfTienes preparado un nuevo disco de reflexiones por sacar a la venta?<\/strong><\/p>\n<p>\u201cEl aniversario 20 de \u2018Hoy con Mariano\u2019 me est\u00e1 dando demasiadas inquietudes por hacer, cosas que hace mucho no hago, estoy platicando con mi equipo de trabajo. No hemos llegado al punto de sacar un libro o disco nuevo, no es mala idea, pero m\u00e1s bien estamos pensando en crear contenido original, incluso que vaya m\u00e1s all\u00e1 de la radio, de la parte digital, hacer algo que no haya hecho nunca, a eso me estoy tratando de acercar, hice tele, discos, libros, audiolibros, conferencias.<\/p>\n<p>Hay algunas cosas que me faltan por hacer, justamente estamos a final de esa charla para definir esas cosas\u201d.<\/p>\n<p><strong>\u2014Mariano, tienes 25 a\u00f1os trabajando en Grupo Radio Centro y est\u00e1s s\u00faper joven&#8230;<\/strong><\/p>\n<p>\u201cLas juventudes ya se quedaron aqu\u00ed, ya les dije a mis radioescuchas, \u2018Les di los mejores a\u00f1os de mi vida, prep\u00e1rense porque vienen los peores\u2019, risas Tengo 49 a\u00f1os de edad\u201d.<\/p>\n<p><strong>\u2014\u00bfF\u00edsicamente c\u00f3mo te cuidas?, tienes un cutis de porcelana.\u00a0<\/strong><\/p>\n<p>\u201cTomo mucha agua, trato de cuidarme, cuido lo que como, sin ponerme a dieta, yo pienso a final del d\u00eda que todo radica en la actitud que tengas hacia la vida, al igual que a ti y que a todo el mundo, me pasan muchas cosas, desde las no positivas hasta las m\u00e1s serias, pero la vida es actitud y de ah\u00ed nace todo. La manera de ver la vida, el entendimiento positivo, las circunstancias y decir esto es lo que hay y lo que tengo, \u00bfqu\u00e9 hago con eso?, ni tiene por qu\u00e9 ser blanco, ni tiene por qu\u00e9 ser negro, tengo que encontrar los matices\u201d.<\/p>\n<div id=\"attachment_432826\" style=\"width: 310px\" class=\"wp-caption alignright\"><a href=\"https:\/\/www.diarioimagen.net\/?attachment_id=432826\" rel=\"attachment wp-att-432826\"><img loading=\"lazy\" decoding=\"async\" aria-describedby=\"caption-attachment-432826\" class=\" wp-image-432826\" src=\"https:\/\/www.diarioimagen.net\/wp-content\/uploads\/2019\/06\/mariano-osorio-9-384x460.jpg\" alt=\"\" width=\"300\" height=\"359\" srcset=\"https:\/\/www.diarioimagen.net\/wp-content\/uploads\/2019\/06\/mariano-osorio-9-384x460.jpg 384w, https:\/\/www.diarioimagen.net\/wp-content\/uploads\/2019\/06\/mariano-osorio-9-201x240.jpg 201w, https:\/\/www.diarioimagen.net\/wp-content\/uploads\/2019\/06\/mariano-osorio-9.jpg 585w\" sizes=\"auto, (max-width: 300px) 100vw, 300px\" \/><\/a><p id=\"caption-attachment-432826\" class=\"wp-caption-text\">Mariano\u00a0gan\u00f3 el\u00a0Premio\u00a0\u201cQualitas, La Voz del P\u00fablico\u201d, como\u00a0mejor programa de radio por sus contenidos de calidad,\u00a0otorgado por la Asociaci\u00f3n\u00a0\u201cA Favor de lo Mejor\u201d.<\/p><\/div>\n<p style=\"text-align: center;\"><strong>\u201cSOY EL <em>CHABELO<\/em> DE LA RADIO O PARA ALL\u00c1 VOY, ES REAL\u201d<\/strong><\/p>\n<p><strong>\u2014He sido testigo de mujeres a las que les has ayudado mucho a trav\u00e9s de tus reflexiones, de tu programa, hay gente que inicia su d\u00eda escuchando las reflexiones con Mariano<\/strong>.<\/p>\n<p>\u201cLo he visto, lo he sentido a lo largo de los a\u00f1os, cuando salgo a la calle el fin de semana o voy a una comida de trabajo o personal, me doy cuenta de cu\u00e1ntas personas se me acercan, lo que me dicen, lo que me preguntan. Ese es un term\u00f3metro que no falla, porque podr\u00eda no acercarse nadie, entonces te das cuenta de que la semilla que has sembrado ha empezado a dar frutos. Es impresionante, cuando te digo que llevo m\u00e1s de 20 a\u00f1os continuos en esta estaci\u00f3n te puedes dar idea de que cuando una persona te dice \u2018Te escucho desde cuando estaba en la secundaria y ahora aqu\u00ed est\u00e1 mi hijo\u2019 y ves a unos hijos tremendos, me da mucho gusto\u201d.<\/p>\n<p>\u2014<strong>El mayor reconocimiento que se puede tener es el del p\u00fablico.\u00a0<\/strong><\/p>\n<p>\u201cS\u00ed, porque el p\u00fablico me dice \u2018Y ahora mis hijos tambi\u00e9n te escuchan\u2019, escuchan a <em>Cocorito<\/em>, Color\u00edn colorado, Martinillo, El caminito de la escuela\u2019. O viene el hombre grande con la mam\u00e1 y ella te dice \u2018\u00c9l te escucha desde que estaba en mi panza\u2019, as\u00ed es que vas entrelazando todo eso. Ofreces buenos contenidos, compartes valores y as\u00ed llevas varias generaciones. Soy el <em>Chabelo<\/em> de la Radio (risas), o voy volando para all\u00e1, es real\u201d.<\/p>\n<p style=\"text-align: center;\"><strong>CUANDO ME TITUL\u00c9 DE COMUNIC\u00d3LOGO MI TESIS<br \/>\nSE LLAM\u00d3 \u201cHACIA UNA RADIO INTELIGENTE\u201d\u00a0<\/strong><\/p>\n<p><strong>\u2014Adem\u00e1s, eres el creador del concepto \u201cLa Radio Inteligente\u201d.<\/strong><\/p>\n<p>\u201cEs una gran satisfacci\u00f3n, te puedo hablar de\u00a0<em>rating<\/em>, de facturaci\u00f3n, de alcances, de los programas, de la influencia de los locutores, de la Radio Inteligente, por horas. De hecho mi tesis cuando me titul\u00e9 de comunic\u00f3logo se llam\u00f3 \u201cHacia una radio inteligente\u201d, te puedes dar una idea de donde viene el tema La Radio Inteligente\u201d.<\/p>\n<p><strong>\u2014\u00bfC\u00f3mo naci\u00f3 tu gusto por hacer radio?<\/strong><\/p>\n<p>\u201cNac\u00ed en Tuxpan, Veracruz y despu\u00e9s\u00a0\u00a0cuando ten\u00eda seis a\u00f1os de edad me fui a vivir Tula, Hidalgo y ah\u00ed nace mi inter\u00e9s y cari\u00f1o por el radio, pero el verdadero term\u00f3metro es la gente, cuando t\u00fa llegas a la estaci\u00f3n y ves el escritorio lleno de anunciantes, haces una promoci\u00f3n y llega mucha gente, haces otra al aire y est\u00e1 mucha gente tambi\u00e9n conect\u00e1ndose contigo, ves los\u00a0<em>ratings<\/em>, haces un evento como el del 23 de mayo pasado\u00a0\u00a0en la Arena Ciudad de M\u00e9xico\u00a0\u00a0y te das cuenta de que pasan cosas como \u00e9sta, aqu\u00ed est\u00e1 la respuesta de que cuando las cosas se hacen con gusto cosechas \u00e9xito. En el concierto pasado de \u2018Experiencias Joya\u2019 asistieron 18 mil personas y calculamos 18 mil porque en realidad pueden ser m\u00e1s, porque hay palcos privados, y esos no los podemos contabilizar, esos no los damos nosotros, estaba llen\u00edsimo\u201d.<\/p>\n<p><strong>\u2014\u00bfQu\u00e9 sentiste Mariano de ver repleta la Arena Ciudad de M\u00e9xico?<\/strong><\/p>\n<p>\u201cMe sent\u00ed a la altura del p\u00fablico, los ve\u00eda tan contentos que me sent\u00eda igual de contento, eso es lo que sent\u00ed, que lo estamos haciendo bien porque tenemos un p\u00fablico maravilloso como \u00e9ste, me sent\u00ed motivado. Es un evento que sali\u00f3 lleno de sorpresas, que por una\u00a0\u00a0o por otra cosa se dieron circunstancias que hab\u00eda que atender, innecesarias la mayor\u00eda de ellas, pero cuando se lleg\u00f3 el d\u00eda dije \u2018Vamos a disfrutar\u2019, tenemos un elenco incre\u00edble Carlos Rivera, Emmanuel, Lucero, Reily, Reik, Los \u00c1ngeles Azules, o sea un eventazo y as\u00ed tranquilo simplemente me sent\u00ed feliz, a la altura del p\u00fablico\u201d.<\/p>\n<p style=\"text-align: center;\"><strong>\u201cEN STEREO JOYA 93.7 ESTAMOS HACIENDO<br \/>\nUNA RADIO MUY VIBRANTE E INNOVADORA\u201d<\/strong><\/p>\n<div id=\"attachment_432827\" style=\"width: 470px\" class=\"wp-caption aligncenter\"><a href=\"https:\/\/www.diarioimagen.net\/?attachment_id=432827\" rel=\"attachment wp-att-432827\"><img loading=\"lazy\" decoding=\"async\" aria-describedby=\"caption-attachment-432827\" class=\"size-large wp-image-432827\" src=\"https:\/\/www.diarioimagen.net\/wp-content\/uploads\/2019\/06\/mariano-osorio-12-460x345.jpg\" alt=\"\" width=\"460\" height=\"345\" srcset=\"https:\/\/www.diarioimagen.net\/wp-content\/uploads\/2019\/06\/mariano-osorio-12-460x345.jpg 460w, https:\/\/www.diarioimagen.net\/wp-content\/uploads\/2019\/06\/mariano-osorio-12-240x180.jpg 240w, https:\/\/www.diarioimagen.net\/wp-content\/uploads\/2019\/06\/mariano-osorio-12.jpg 700w\" sizes=\"auto, (max-width: 460px) 100vw, 460px\" \/><\/a><p id=\"caption-attachment-432827\" class=\"wp-caption-text\">Para los 20 a\u00f1os de \u201cHoy con Mariano\u201d, el locutor est\u00e1 planeando realizar alg\u00fan concierto como el de \u201cExperiencias Joya\u201d realizado en la Arena Ciudad de M\u00e9xico, donde estuvieron Los \u00c1ngeles Azules.<\/p><\/div>\n<p><strong>\u2014Qu\u00e9 bonito que tengas esas experiencias, ahora s\u00ed que es una joya platicar contigo. Algo m\u00e1s que quisieras agregar<\/strong>.<\/p>\n<p>\u201cS\u00f3lo creo que estamos sembrando algo importante, yo le comentar\u00eda al p\u00fablico que a\u00fan no nos ha escuchado bien y se imagina que nuestro programa son siete horas de reflexiones, que no es as\u00ed. Descarguen la App de Radio Centro y ah\u00ed van a encontrar la estaci\u00f3n Stereo Joya 93.7 , donde hay muchos programas padres, como el de la doctora Chayo Busquets que es una psicoterapeuta extraordinaria, Tenemos una gran programaci\u00f3n que va las seis de la ma\u00f1ana hasta las doce de la noche, estamos haciendo una radio muy vibrante e innovadora\u201d.<\/p>\n<p><strong>\u2014Y m\u00e1s ahora que estamos en una \u00e9poca en que la radio hablada est\u00e1 desapareciendo.<\/strong><\/p>\n<p>\u201cProponemos, siempre proponemos y es algo de lo que estamos orgullosos. Se trata de renovar y estudiar, lo que est\u00e1 funcionando para mejorarlo. Para m\u00ed trabajar en la radio desde siempre fue un sue\u00f1o, hoy que llevo tantos a\u00f1os es una gran satisfacci\u00f3n. Yo empec\u00e9 haciendo noticiarios y otro tipo de programaci\u00f3n en Tula, Hidalgo y despu\u00e9s en la Ciudad de M\u00e9xico en ABC Radio, Radio \u00c9xitos, pero sigo en ese sue\u00f1o, sigamos vivi\u00e9ndolo, esto no va a durar para siempre, no sabemos cu\u00e1nto tiempo podremos seguir vibrando de esta forma en la estaci\u00f3n, en la radio y en el planeta, pero mientras podamos hacerlo y de calidad, hag\u00e1moslo y llevemos nuestro espacio al nivel de la excelencia, ojal\u00e1 alg\u00fan d\u00eda lo logremos\u201d.<\/p>\n<p><strong> \u2014<\/strong><strong>Por eso eres de los 300 l\u00edderes que existen en M\u00e9xico.<\/strong><\/p>\n<p>\u201c Si, muchas gracias, ya 14 a\u00f1os seguidos que formo parte de los l\u00edderes m\u00e1s influyentes de M\u00e9xico\u201d.<\/p>\n<p>\u2014<strong>Gracias Mariano, es una joya platicar contigo.<\/strong><\/p>\n<p>\u201cGracias por el espacio y el tiempo\u201d.<\/p>\n<div id=\"attachment_432832\" style=\"width: 470px\" class=\"wp-caption aligncenter\"><a href=\"https:\/\/www.diarioimagen.net\/?attachment_id=432832\" rel=\"attachment wp-att-432832\"><img loading=\"lazy\" decoding=\"async\" aria-describedby=\"caption-attachment-432832\" class=\"size-large wp-image-432832\" src=\"https:\/\/www.diarioimagen.net\/wp-content\/uploads\/2019\/06\/mariano-osorio-10-460x259.jpg\" alt=\"\" width=\"460\" height=\"259\" srcset=\"https:\/\/www.diarioimagen.net\/wp-content\/uploads\/2019\/06\/mariano-osorio-10-460x259.jpg 460w, https:\/\/www.diarioimagen.net\/wp-content\/uploads\/2019\/06\/mariano-osorio-10-240x135.jpg 240w, https:\/\/www.diarioimagen.net\/wp-content\/uploads\/2019\/06\/mariano-osorio-10-235x132.jpg 235w, https:\/\/www.diarioimagen.net\/wp-content\/uploads\/2019\/06\/mariano-osorio-10-202x114.jpg 202w, https:\/\/www.diarioimagen.net\/wp-content\/uploads\/2019\/06\/mariano-osorio-10-350x196.jpg 350w, https:\/\/www.diarioimagen.net\/wp-content\/uploads\/2019\/06\/mariano-osorio-10-220x123.jpg 220w, https:\/\/www.diarioimagen.net\/wp-content\/uploads\/2019\/06\/mariano-osorio-10-237x132.jpg 237w, https:\/\/www.diarioimagen.net\/wp-content\/uploads\/2019\/06\/mariano-osorio-10.jpg 480w\" sizes=\"auto, (max-width: 460px) 100vw, 460px\" \/><\/a><p id=\"caption-attachment-432832\" class=\"wp-caption-text\">En dos ocasiones ha sido el ganador del \u201cPremio Principios\u201d, otorgado por el Consejo de la Comunicaci\u00f3n, a los mejores contenidos de radio y televisi\u00f3n.<\/p><\/div>\n<p>&nbsp;<\/p>\n<blockquote><p><strong>PREMOS Y RECONOCIMIENTOS<br \/>\n<\/strong><\/p>\n<p>*** Ganador del Premio \u201cPrincipios\u201d del Consejo de la Comunicaci\u00f3n A.C., como el mejor programa de radio en 2007 y 2008.<br \/>\n*** Distinguido por la empresa Ipsos-Bimsa como el mejor comunicador de la radio en M\u00e9xico en 2006, 2007, 2008, 2009, 2010, 2011, 2012, 2013.<br \/>\n*** Es uno de los 300 l\u00edderes m\u00e1s influyentes de M\u00e9xico desde 2005 al 2016.<br \/>\n*** Ganador del premio de fomento a la lectura MEXICO LEE 2013, por Conaculta.<br \/>\n*** Ganador del premio Marcas de Confianza 2014, 2015 y 2016, siendo el locutor en el que m\u00e1s conf\u00edan los mexicanos.<br \/>\n*** Tres discos de Oro y dos de Platino y 500 mil unidades vendidas de sus cinco \u00e1lbumes de reflexiones.<\/p><\/blockquote>\n<p>&nbsp;<\/p>\n","protected":false},"excerpt":{"rendered":"<p><span style=\"color: #005497;\"><strong>Gloria Carpio<\/strong><\/span><br \/>\n<br \/>\nLa Radio Inteligente tiene un nombre y ese nombre se ha escrito con letras de rodio, s\u00ed, de rodio que es el metal precioso m\u00e1s valioso del mundo, como valioso es Mariano Osorio, uno de los comunicadores m\u00e1s importantes de M\u00e9xico y el mundo, quien es el \u00fanico en la historia de nuestro pa\u00eds que tiene el programa m\u00e1s largo \u201cHoy con Mariano\u201d, que se transmite de lunes a domingos, de 6:00 a 13:00 horas, siete horas diarias, de lunes a domingo, por Stereo Joya 93.7 FM, estaci\u00f3n de la que \u00e9l es el director general y que forma parte de Grupo Radio Centro.<\/p>\n","protected":false},"author":3,"featured_media":432807,"comment_status":"open","ping_status":"open","sticky":false,"template":"","format":"standard","meta":{"_monsterinsights_skip_tracking":false,"_monsterinsights_sitenote_active":false,"_monsterinsights_sitenote_note":"","_monsterinsights_sitenote_category":0,"footnotes":""},"categories":[17,12],"tags":[1697,86312,86314,86313],"class_list":["post-432752","post","type-post","status-publish","format-standard","has-post-thumbnail","hentry","category-especiales","category-espectaculos","tag-entrevista","tag-mariano-osorio","tag-radio-inteligente","tag-radio-joya"],"_links":{"self":[{"href":"https:\/\/www.diarioimagen.net\/index.php?rest_route=\/wp\/v2\/posts\/432752","targetHints":{"allow":["GET"]}}],"collection":[{"href":"https:\/\/www.diarioimagen.net\/index.php?rest_route=\/wp\/v2\/posts"}],"about":[{"href":"https:\/\/www.diarioimagen.net\/index.php?rest_route=\/wp\/v2\/types\/post"}],"author":[{"embeddable":true,"href":"https:\/\/www.diarioimagen.net\/index.php?rest_route=\/wp\/v2\/users\/3"}],"replies":[{"embeddable":true,"href":"https:\/\/www.diarioimagen.net\/index.php?rest_route=%2Fwp%2Fv2%2Fcomments&post=432752"}],"version-history":[{"count":0,"href":"https:\/\/www.diarioimagen.net\/index.php?rest_route=\/wp\/v2\/posts\/432752\/revisions"}],"wp:featuredmedia":[{"embeddable":true,"href":"https:\/\/www.diarioimagen.net\/index.php?rest_route=\/wp\/v2\/media\/432807"}],"wp:attachment":[{"href":"https:\/\/www.diarioimagen.net\/index.php?rest_route=%2Fwp%2Fv2%2Fmedia&parent=432752"}],"wp:term":[{"taxonomy":"category","embeddable":true,"href":"https:\/\/www.diarioimagen.net\/index.php?rest_route=%2Fwp%2Fv2%2Fcategories&post=432752"},{"taxonomy":"post_tag","embeddable":true,"href":"https:\/\/www.diarioimagen.net\/index.php?rest_route=%2Fwp%2Fv2%2Ftags&post=432752"}],"curies":[{"name":"wp","href":"https:\/\/api.w.org\/{rel}","templated":true}]}}